{"id":190991,"date":"2025-06-20T12:56:14","date_gmt":"2025-06-20T12:56:14","guid":{"rendered":"https:\/\/www.europesays.com\/fr\/190991\/"},"modified":"2025-06-20T12:56:14","modified_gmt":"2025-06-20T12:56:14","slug":"les-prix-des-tickets-de-bus-vont-augmenter-au-1er-aout-2025-dans-le-grand-nancy","status":"publish","type":"post","link":"https:\/\/www.europesays.com\/fr\/190991\/","title":{"rendered":"les prix des tickets de bus vont augmenter au 1er ao\u00fbt 2025 dans le Grand Nancy"},"content":{"rendered":"<p>            Par<br \/>\n        <strong><br \/>\n            <a href=\"https:\/\/actu.fr\/auteur\/amandine-mehl\" title=\"Consulter tous les articles de Amandine Mehl\" rel=\"nofollow noopener\" target=\"_blank\">Amandine Mehl<\/a><br \/>\n        <\/strong><\/p>\n<p>        Publi\u00e9 le<\/p>\n<p>            20 juin 2025 \u00e0 11h04        <\/p>\n<p>Comme chaque ann\u00e9e, les <strong>tarifs<\/strong> du <a href=\"https:\/\/meet.google.com\/waw-oqug-zfk\" rel=\"nofollow noopener\" target=\"_blank\">r\u00e9seau Stan<\/a> vont \u00e9voluer dans le <a href=\"https:\/\/actu.fr\/tag\/grand-nancy\" rel=\"nofollow noopener\" target=\"_blank\">Grand Nancy<\/a> \u00e0 compter du <strong>vendredi 1\u1d49\u02b3 ao\u00fbt 2025<\/strong>.<\/p>\n<p class=\" wall-content\">Le contrat de d\u00e9l\u00e9gation de service public conclu avec <strong>Keolis Grand Nancy<\/strong> impose en effet une <strong>revalorisation des tarifs du r\u00e9seau chaque 1\u1d49\u02b3 ao\u00fbt<\/strong>, \u00e9gale \u00e0 l\u2019inflation de l\u2019ann\u00e9e calendaire pr\u00e9c\u00e9dente, major\u00e9e d\u2019environ un point selon les ann\u00e9es (1\u2009% en 2025). Cela \u00e9quivaut donc \u00e0 une <strong>augmentation contractuelle de 2,75\u2009%<\/strong> en 2025.<\/p>\n<p>Les titres du r\u00e9seau Stan concern\u00e9s par les augmentations de prix<\/p>\n<p class=\" wall-content\">Cette ann\u00e9e, les <strong>abonnements ne sont pas concern\u00e9s<\/strong>. Les augmentations touchent uniquement les <strong>tickets<\/strong>\u2009:<\/p>\n<ul class=\" wall-content\">\n<li><strong>Pass 1<\/strong>\u2009: 1,80 \u20ac contre 1,70 \u20ac actuellement\u2009;<\/li>\n<li><strong>Pass 2 \u00e0 bord<\/strong>\u2009: 3,60\u00a0\u20ac contre 3,50\u00a0\u20ac\u2009;<\/li>\n<li><strong>Pass 10<\/strong>\u2009: 14,50\u00a0\u20ac contre 13,50\u00a0\u20ac\u2009;<\/li>\n<li><strong>M-Pass 1<\/strong> (smartphone)\u2009: 1,80\u00a0\u20ac contre 1,70\u00a0\u20ac\u2009;<\/li>\n<li><strong>M-Pass 10<\/strong> (smartphone)\u2009: 14,50\u00a0\u20ac contre 13,50\u00a0\u20ac\u2009;<\/li>\n<li><strong>Pass 24h<\/strong>\u2009: 5\u00a0\u20ac contre 4,50\u00a0\u20ac\u2009;<\/li>\n<li><strong>M-Pass 24h<\/strong> (smartphone)\u2009: 5\u00a0\u20ac contre 4,50\u00a0\u20ac.<\/li>\n<\/ul>\n<p class=\" wall-content\">Comme cela \u00e9tait d\u00e9j\u00e0 le cas les ann\u00e9es pr\u00e9c\u00e9dentes, les <strong>titres solidaires ne sont pas concern\u00e9s<\/strong> par les augmentations. De plus, la <strong>mesure de gratuit\u00e9<\/strong> d\u2019acc\u00e8s au r\u00e9seau Stan pour les <strong>ressortissants ukrainiens<\/strong> est prolong\u00e9e jusqu\u2019au 31\u00a0d\u00e9cembre 2026.<\/p>\n<p>Vid\u00e9os : en ce moment sur Actu<\/p>\n<p class=\" wall-content\">Suivez toute l\u2019actualit\u00e9 de vos villes et m\u00e9dias favoris en vous inscrivant \u00e0 <a href=\"https:\/\/moncompte.actu.fr\" title=\"D\u00e9couvez Mon Actu\" rel=\"nofollow noopener\" data-trk=\"{&quot;cta&quot;:{&quot;action&quot;:&quot;https:\\\/\\\/moncompte.actu.fr&quot;,&quot;category&quot;:&quot;mon compte&quot;,&quot;from&quot;:&quot;article footer&quot;,&quot;name&quot;:&quot;Mon actu&quot;,&quot;type&quot;:&quot;cta&quot;}}\" target=\"_blank\">Mon Actu<\/a>.<\/p>\n","protected":false},"excerpt":{"rendered":"Par Amandine Mehl Publi\u00e9 le 20 juin 2025 \u00e0 11h04 Comme chaque ann\u00e9e, les tarifs du r\u00e9seau Stan&hellip;\n","protected":false},"author":2,"featured_media":190992,"comment_status":"","ping_status":"","sticky":false,"template":"","format":"standard","meta":{"footnotes":""},"categories":[9635],"tags":[1111,11,33,1777,674,1011,27,775,10375,1702,12,25,9849,2803],"class_list":{"0":"post-190991","1":"post","2":"type-post","3":"status-publish","4":"format-standard","5":"has-post-thumbnail","7":"category-nancy","8":"tag-actu","9":"tag-actualites","10":"tag-economie","11":"tag-eu","12":"tag-europe","13":"tag-fr","14":"tag-france","15":"tag-grand-est","16":"tag-grand-nancy","17":"tag-nancy","18":"tag-news","19":"tag-republique-francaise","20":"tag-reseau-stan","21":"tag-transport"},"share_on_mastodon":{"url":"https:\/\/pubeurope.com\/@fr\/114715805917958779","error":""},"_links":{"self":[{"href":"https:\/\/www.europesays.com\/fr\/wp-json\/wp\/v2\/posts\/190991","targetHints":{"allow":["GET"]}}],"collection":[{"href":"https:\/\/www.europesays.com\/fr\/wp-json\/wp\/v2\/posts"}],"about":[{"href":"https:\/\/www.europesays.com\/fr\/wp-json\/wp\/v2\/types\/post"}],"author":[{"embeddable":true,"href":"https:\/\/www.europesays.com\/fr\/wp-json\/wp\/v2\/users\/2"}],"replies":[{"embeddable":true,"href":"https:\/\/www.europesays.com\/fr\/wp-json\/wp\/v2\/comments?post=190991"}],"version-history":[{"count":0,"href":"https:\/\/www.europesays.com\/fr\/wp-json\/wp\/v2\/posts\/190991\/revisions"}],"wp:featuredmedia":[{"embeddable":true,"href":"https:\/\/www.europesays.com\/fr\/wp-json\/wp\/v2\/media\/190992"}],"wp:attachment":[{"href":"https:\/\/www.europesays.com\/fr\/wp-json\/wp\/v2\/media?parent=190991"}],"wp:term":[{"taxonomy":"category","embeddable":true,"href":"https:\/\/www.europesays.com\/fr\/wp-json\/wp\/v2\/categories?post=190991"},{"taxonomy":"post_tag","embeddable":true,"href":"https:\/\/www.europesays.com\/fr\/wp-json\/wp\/v2\/tags?post=190991"}],"curies":[{"name":"wp","href":"https:\/\/api.w.org\/{rel}","templated":true}]}}