{"id":190999,"date":"2025-06-20T13:00:19","date_gmt":"2025-06-20T13:00:19","guid":{"rendered":"https:\/\/www.europesays.com\/fr\/190999\/"},"modified":"2025-06-20T13:00:19","modified_gmt":"2025-06-20T13:00:19","slug":"en-attendant-des-portiques-de-detection-darmes","status":"publish","type":"post","link":"https:\/\/www.europesays.com\/fr\/190999\/","title":{"rendered":"en attendant des portiques de d\u00e9tection d&rsquo;armes\u00a0?"},"content":{"rendered":"<p>            Par<br \/>\n        <strong><br \/>\n            <a href=\"https:\/\/actu.fr\/auteur\/jm-aubert\" title=\"Consulter tous les articles de Jean-Marc Aubert\" target=\"_blank\" rel=\"noopener\">Jean-Marc Aubert<\/a><br \/>\n        <\/strong><\/p>\n<p>        Publi\u00e9 le<\/p>\n<p>            20 juin 2025 \u00e0 12h15        <\/p>\n<p>Haro sur les <strong>armes blanches<\/strong> aux abords et dans les lyc\u00e9es et les coll\u00e8ges : le Premier ministre, <strong>Fran\u00e7ois Bayrou<\/strong>, a propos\u00e9 une \u00ab exp\u00e9rimentation \u00bb des portiques de d\u00e9tection d\u2019armes dans les \u00e9tablissements scolaires, apr\u00e8s l\u2019attaque au couteau qui a tu\u00e9 une surveillante de coll\u00e8ge en Haute-Marne, mardi 10 juin 2025. Objectif : lutter contre l\u2019intrusion d\u2019armes blanches par des adolescents.<\/p>\n<p class=\" wall-content\">Dans le pays, aucun portique de d\u00e9tection d\u2019armes n\u2019est encore install\u00e9, en effet, dans les coll\u00e8ges et les lyc\u00e9es, mais, \u00e0 l\u2019instar de l\u2019H\u00e9rault, <strong>des sas et des tourniquets, <\/strong>ainsi que\u00a0d\u2019autres\u00a0dispositifs de s\u00e9curit\u00e9 \u00e9quipent l\u2019acc\u00e8s \u00e0 certains \u00e9tablissements scolaires, mais qui sont vite paralys\u00e9s par l\u2019afflux des \u00e9l\u00e8ves aux heures de rentr\u00e9es. Mais ils ne peuvent pas d\u00e9tecter des armes cach\u00e9es sur eux, seules des fouilles par des personnes autoris\u00e9es peuvent \u00eatre payantes.<\/p>\n<p class=\" wall-content\">\u00ab\u00a0Depuis 2017, l\u2019acade\u0301mie de Montpellier a mis en place une e\u0301quipe de\u0301die\u0301e au suivi et a\u0300 l\u2019accompagnement des e\u0301tablissements scolaires en matie\u0300re de se\u0301curite\u0301, compose\u0301e de conseillers de pre\u0301vention, de conseillers se\u0301curite\u0301 et de re\u0301fe\u0301rents su\u0302rete\u0301. Cette e\u0301quipe s\u2019est concentre\u0301e sur le de\u0301ploiement de mesures de se\u0301curite\u0301 essentielles, telles que des syste\u0300mes d\u2019alerte, la se\u0301curisation pe\u0301rime\u0301trique, la <strong>vide\u0301oprotection<\/strong>, le contro\u0302le d\u2019acce\u0300s (vide\u0301o-portiers, serrures), l\u2019installation de sas et de tourniquets, la se\u0301curisation des parvis et la cre\u0301ation d\u2019espaces d\u2019accueil pour les visiteurs. En collaboration avec les collectivite\u0301s territoriales et les directions des e\u0301tablissements, des programmes de travaux ont e\u0301te\u0301 e\u0301labore\u0301s, inte\u0301gralement finance\u0301s par les collectivite\u0301s qui fournissent e\u0301galement les moyens pour entretenir, maintenir et faire e\u0301voluer les e\u0301quipements et syste\u0300mes installe\u0301s\u00a0\u00bb, explique le Rectorat sollicit\u00e9 par<strong> M\u00e9tropolitain<\/strong>.<\/p>\n<p>Des diagnostics\u00a0<\/p>\n<p class=\" wall-content\">\u00ab\u00a0Ces programmes s\u2019appuient sur des diagnostics de se\u0301curite\u0301 re\u0301alise\u0301s par les chefs d\u2019e\u0301tablissement et les re\u0301fe\u0301rents se\u0301curite\u0301. Des visites sur site ont e\u0301galement e\u0301te\u0301 organise\u0301es avec les collectivite\u0301 -R\u00e9gion et D\u00e9partement- pour adapter les mesures aux spe\u0301cificite\u0301s de chaque e\u0301tablissement et de son environnement proche. Un suivi re\u0301gulier des travaux est assure\u0301 conjointement par ces e\u0301quipes et les collectivite\u0301s afin de garantir la protection de l\u2019espace scolaire et de re\u0301soudre les e\u0301ventuels proble\u0300mes rencontre\u0301s. Dans le cadre d\u2019une initiative ministe\u0301rielle, un recensement des e\u0301quipements de se\u0301curisation a e\u0301te\u0301 mene\u0301 durant l\u2019anne\u0301e scolaire 2023-2024, permettant d\u2019e\u0301tablir un programme de travaux comple\u0301mentaires. Un bilan complet sera finalise\u0301 en ce mois de juin 2025\u00a0\u00bb, ajoute le Rectorat.<\/p>\n<p>Vid\u00e9os : en ce moment sur Actu<\/p>\n<p class=\" wall-content\">Concernant les<strong> lyce\u0301es<\/strong>, la Re\u0301gion Occitanie me\u0300ne e\u0301galement une politique volontariste dans la mise en su\u0302rete\u0301 de ses e\u0301tablissements. Depuis 2016, elle a ainsi mobilise\u0301 pre\u0300s de 60 M\u20ac, dont 7,3 M\u20ac sur le de\u0301partement de l\u2019He\u0301rault. Aussi, des tourniquets et des sas ont-ils e\u0301te\u0301 installe\u0301s dans la majorite\u0301 des e\u0301tablissements du territoire. Pour les lyce\u0301es ou\u0300 la configuration ne permettait pas encore l\u2019installation de tourniquets, des mesures de se\u0301curite\u0301 alternatives ont e\u0301te\u0301 propose\u0301es. La mise en place de clo\u0302tures pe\u0301riphe\u0301riques et des syste\u0300mes de vide\u0301oprotection et de sonorisation vient e\u0301galement renforcer la se\u0301curisation des e\u0301tablissements.<\/p>\n<p>Vid\u00e9o-protection dans les coll\u00e8ges<\/p>\n<p class=\" wall-content\">Pour les colle\u0300ges g\u00e9r\u00e9s par le <strong>D\u00e9partement de l\u2019H\u00e9rault<\/strong>, l\u2019installation de tourniquets n\u2019a pas e\u0301te\u0301 retenue, mais d\u2019autres dispositifs sont privile\u0301gie\u0301s, tels que l\u2019installation de sas pour la gestion des acce\u0300s exte\u0301rieurs, des syste\u0300mes de contro\u0302le d\u2019acce\u0300s, la vide\u0301o-protection et des ame\u0301nagements des loges d\u2019accueil.<\/p>\n<p class=\" wall-content\">Depuis ces drames r\u00e9cents qui ont mis en \u00e9moi les familles, le personnel et les \u00e9l\u00e8ves, des contr\u00f4les renforc\u00e9s fortuits sont men\u00e9s par la police nationale et la gendarmerie, avec des d\u00e9couvertes r\u00e9currentes d\u2019armes blanches dissimul\u00e9es dans des cartables ou des sacs \u00e0 dos. Par ailleurs, avec le concours des polices municipales, les policiers de la DIPN 34 et les gendarmes effectuent des contr\u00f4les dans les transports, notamment les bus scolaires et dans le tramway.<\/p>\n<p class=\" wall-content\">Ceux qui poss\u00e8dent des armes blanches sur eux sont d\u00e9f\u00e9r\u00e9s devant la justice. Ainsi, ce mercredi, au tribunal correctionnel de Montpellier, en comparution imm\u00e9diate, un Montpelli\u00e9rain \u00e2g\u00e9 de 20 ans a \u00e9t\u00e9 condamn\u00e9 \u00e0 <strong>huit mois de prison avec sursis<\/strong> pour avoir menac\u00e9 avec un couteau, le 3 juin dernier, des \u00e9l\u00e8ves du lyc\u00e9e Georges Fr\u00eache, devant l\u2019\u00e9tablissement du quartier d\u2019Odysseum. Il a quitt\u00e9 libre le tribunal judiciaire.<\/p>\n<p class=\" wall-content\">Suivez toute l\u2019actualit\u00e9 de vos villes et m\u00e9dias favoris en vous inscrivant \u00e0 <a href=\"https:\/\/moncompte.actu.fr\" title=\"D\u00e9couvez Mon Actu\" rel=\"nofollow noopener\" data-trk=\"{&quot;cta&quot;:{&quot;action&quot;:&quot;https:\\\/\\\/moncompte.actu.fr&quot;,&quot;category&quot;:&quot;mon compte&quot;,&quot;from&quot;:&quot;article footer&quot;,&quot;name&quot;:&quot;Mon actu&quot;,&quot;type&quot;:&quot;cta&quot;}}\" target=\"_blank\">Mon Actu<\/a>.<\/p>\n","protected":false},"excerpt":{"rendered":"Par Jean-Marc Aubert Publi\u00e9 le 20 juin 2025 \u00e0 12h15 Haro sur les armes blanches aux abords et&hellip;\n","protected":false},"author":2,"featured_media":191000,"comment_status":"","ping_status":"","sticky":false,"template":"","format":"standard","meta":{"footnotes":""},"categories":[9599],"tags":[1111,11,9968,1057,1777,674,1011,27,2208,12,2680,16417,25,104],"class_list":{"0":"post-190999","1":"post","2":"type-post","3":"status-publish","4":"format-standard","5":"has-post-thumbnail","7":"category-montpellier","8":"tag-actu","9":"tag-actualites","10":"tag-departement","11":"tag-education","12":"tag-eu","13":"tag-europe","14":"tag-fr","15":"tag-france","16":"tag-montpellier","17":"tag-news","18":"tag-occitanie","19":"tag-region-occitanie","20":"tag-republique-francaise","21":"tag-societe"},"share_on_mastodon":{"url":"https:\/\/pubeurope.com\/@fr\/114715821642651189","error":""},"_links":{"self":[{"href":"https:\/\/www.europesays.com\/fr\/wp-json\/wp\/v2\/posts\/190999","targetHints":{"allow":["GET"]}}],"collection":[{"href":"https:\/\/www.europesays.com\/fr\/wp-json\/wp\/v2\/posts"}],"about":[{"href":"https:\/\/www.europesays.com\/fr\/wp-json\/wp\/v2\/types\/post"}],"author":[{"embeddable":true,"href":"https:\/\/www.europesays.com\/fr\/wp-json\/wp\/v2\/users\/2"}],"replies":[{"embeddable":true,"href":"https:\/\/www.europesays.com\/fr\/wp-json\/wp\/v2\/comments?post=190999"}],"version-history":[{"count":0,"href":"https:\/\/www.europesays.com\/fr\/wp-json\/wp\/v2\/posts\/190999\/revisions"}],"wp:featuredmedia":[{"embeddable":true,"href":"https:\/\/www.europesays.com\/fr\/wp-json\/wp\/v2\/media\/191000"}],"wp:attachment":[{"href":"https:\/\/www.europesays.com\/fr\/wp-json\/wp\/v2\/media?parent=190999"}],"wp:term":[{"taxonomy":"category","embeddable":true,"href":"https:\/\/www.europesays.com\/fr\/wp-json\/wp\/v2\/categories?post=190999"},{"taxonomy":"post_tag","embeddable":true,"href":"https:\/\/www.europesays.com\/fr\/wp-json\/wp\/v2\/tags?post=190999"}],"curies":[{"name":"wp","href":"https:\/\/api.w.org\/{rel}","templated":true}]}}