{"id":191005,"date":"2025-06-20T13:03:11","date_gmt":"2025-06-20T13:03:11","guid":{"rendered":"https:\/\/www.europesays.com\/fr\/191005\/"},"modified":"2025-06-20T13:03:11","modified_gmt":"2025-06-20T13:03:11","slug":"metropole-de-grenoble-le-python-observe-par-les-habitants-etait-en-realite-une-couleuvre","status":"publish","type":"post","link":"https:\/\/www.europesays.com\/fr\/191005\/","title":{"rendered":"M\u00e9tropole de Grenoble. Le python observ\u00e9 par les habitants \u00e9tait en r\u00e9alit\u00e9\u2026 une couleuvre"},"content":{"rendered":"<p>Des habitants du quartier des Buclos, \u00e0 Meylan, ont appel\u00e9 les sapeurs-pompiers ce vendredi 20\u00a0juin apr\u00e8s avoir observ\u00e9 un serpent qu\u2019il pensait dangereux dans le secteur. Certains \u00e9voquaient m\u00eame la pr\u00e9sence d\u2019un python. Des sapeurs-pompiers de Meylan, ainsi qu\u2019une \u00e9quipe du secours animalier, se sont donc rendus sur place, all\u00e9e du Bretn, en milieu de journ\u00e9e pour traquer l\u2019animal et \u00e9ventuellement le capturer.<\/p>\n<p>Ce contenu est bloqu\u00e9 car vous n&rsquo;avez pas accept\u00e9 les cookies et autres traceurs.<\/p>\n<p>En cliquant sur \u00ab J\u2019accepte \u00bb, les cookies et autres traceurs seront d\u00e9pos\u00e9s et vous pourrez visualiser les contenus  (<a href=\"\" class=\"consentModule_policy\" target=\"_blank\" title=\"Consulter la politique de protection des donn\u00e9es du fournisseur\">plus d&rsquo;informations<\/a>).<\/p>\n<p>En cliquant sur \u00ab J\u2019accepte tous les cookies \u00bb, vous autorisez des d\u00e9p\u00f4ts de cookies et autres traceurs pour le stockage de vos donn\u00e9es sur nos sites et applications \u00e0 des fins de personnalisation et de ciblage publicitaire.<\/p>\n<p class=\"consentModule_secondaryText\">Vous gardez la possibilit\u00e9 de retirer votre consentement \u00e0 tout moment en consultant notre <a href=\"https:\/\/www.ledauphine.com\/protection-des-donnees\" target=\"_blank\" title=\"Consulter notre politique de protection des donn\u00e9es\" rel=\"noopener\">politique de protection des donn\u00e9es<\/a>. <br \/>&#13;<br \/>\n            <a href=\"https:\/\/www.ledauphine.com\/faits-divers-justice\/2025\/06\/20\/javascript:Didomi.notice.show()\" class=\"consentModule_cmp\" target=\"_blank\" rel=\"noopener\">G\u00e9rer mes choix<\/a>&#13;\n        <\/p>\n<p>&#13;<br \/>\n                        J&rsquo;accepte&#13;<br \/>\n            J&rsquo;accepte tous les cookies&#13;\n        <\/p>\n<p>Apr\u00e8s quelques recherches, il s\u2019est finalement av\u00e9r\u00e9 que le serpent \u00e9tait une couleuvre et non un python. Il a donc \u00e9t\u00e9 laiss\u00e9 en libert\u00e9.<\/p>\n","protected":false},"excerpt":{"rendered":"Des habitants du quartier des Buclos, \u00e0 Meylan, ont appel\u00e9 les sapeurs-pompiers ce vendredi 20\u00a0juin apr\u00e8s avoir observ\u00e9&hellip;\n","protected":false},"author":2,"featured_media":191006,"comment_status":"","ping_status":"","sticky":false,"template":"","format":"standard","meta":{"footnotes":""},"categories":[9566],"tags":[1111,11,1867,2430,112,1777,674,274,1011,27,2731,108,9597,9598,12,25],"class_list":{"0":"post-191005","1":"post","2":"type-post","3":"status-publish","4":"format-standard","5":"has-post-thumbnail","7":"category-grenoble","8":"tag-actu","9":"tag-actualites","10":"tag-animaux","11":"tag-auvergne-rhone-alpes","12":"tag-edition-grenoble-agglomeration","13":"tag-eu","14":"tag-europe","15":"tag-faits-divers-justice","16":"tag-fr","17":"tag-france","18":"tag-grenoble","19":"tag-isere","20":"tag-meylan","21":"tag-meylan-et-autour","22":"tag-news","23":"tag-republique-francaise"},"share_on_mastodon":{"url":"https:\/\/pubeurope.com\/@fr\/114715833592434599","error":""},"_links":{"self":[{"href":"https:\/\/www.europesays.com\/fr\/wp-json\/wp\/v2\/posts\/191005","targetHints":{"allow":["GET"]}}],"collection":[{"href":"https:\/\/www.europesays.com\/fr\/wp-json\/wp\/v2\/posts"}],"about":[{"href":"https:\/\/www.europesays.com\/fr\/wp-json\/wp\/v2\/types\/post"}],"author":[{"embeddable":true,"href":"https:\/\/www.europesays.com\/fr\/wp-json\/wp\/v2\/users\/2"}],"replies":[{"embeddable":true,"href":"https:\/\/www.europesays.com\/fr\/wp-json\/wp\/v2\/comments?post=191005"}],"version-history":[{"count":0,"href":"https:\/\/www.europesays.com\/fr\/wp-json\/wp\/v2\/posts\/191005\/revisions"}],"wp:featuredmedia":[{"embeddable":true,"href":"https:\/\/www.europesays.com\/fr\/wp-json\/wp\/v2\/media\/191006"}],"wp:attachment":[{"href":"https:\/\/www.europesays.com\/fr\/wp-json\/wp\/v2\/media?parent=191005"}],"wp:term":[{"taxonomy":"category","embeddable":true,"href":"https:\/\/www.europesays.com\/fr\/wp-json\/wp\/v2\/categories?post=191005"},{"taxonomy":"post_tag","embeddable":true,"href":"https:\/\/www.europesays.com\/fr\/wp-json\/wp\/v2\/tags?post=191005"}],"curies":[{"name":"wp","href":"https:\/\/api.w.org\/{rel}","templated":true}]}}