{"id":191009,"date":"2025-06-20T13:05:14","date_gmt":"2025-06-20T13:05:14","guid":{"rendered":"https:\/\/www.europesays.com\/fr\/191009\/"},"modified":"2025-06-20T13:05:14","modified_gmt":"2025-06-20T13:05:14","slug":"jusqua-3-h-30-par-jour-a-12-ans-ce-breton-est-un-prodige-du-piano","status":"publish","type":"post","link":"https:\/\/www.europesays.com\/fr\/191009\/","title":{"rendered":"\u00ab\u00a0Jusqu\u2019\u00e0 3\u00a0h\u00a030 par jour\u00a0\u00bb\u00a0: \u00e0 12 ans, ce Breton est un prodige du piano"},"content":{"rendered":"<p>Il n\u2019a que 12 ans et, ce vendredi 20 juin 2025 \u00e0 partir de 17 h, il sera \u00e0 la gare de l\u2019Est pour la finale nationale du concours \u00ab A vous de jouer \u00bb, un concours de piano en gare organis\u00e9 par la SNCF. Le 11 juin, le Rennais Yann-Ael Tamby-Yaouanq a remport\u00e9 la finale r\u00e9gionale, en gare de Rennes. Bien qu\u2019\u00e9tant le plus jeune des candidats pr\u00e9sents ce jour-l\u00e0, c\u2019est lui qui a remport\u00e9 le concours, apr\u00e8s avoir jou\u00e9 l\u2019une de ses compositions. Il aura donc le droit de se produire devant Andr\u00e9 Manoukian, le parrain de cette \u00e9dition.<\/p>\n<p>Jusqu\u2019\u00e0 3 h 30 de piano par jour<\/p>\n<p>S\u2019il n\u2019a que 12 ans, Yann-Ael est tout sauf un novice. \u00ab J\u2019ai commenc\u00e9 \u00e0 jouer du piano il y a six ans. C\u2019est une vraie passion. J\u2019y passe beaucoup de temps, \u00e0 r\u00e9viser, \u00e0 composer et surtout improviser pour chercher des mat\u00e9riaux musicaux \u00bb. \u00c0 la question de savoir s\u2019il joue du piano tous les jours, la r\u00e9ponse fuse : \u00ab Evidemment que je joue tous les jours, entre 30 minutes \u00e0 3 h 30 \u00bb. Outre le piano, il joue aussi de l\u2019orgue et des percussions. \u00ab Je chante dans une chorale et je pratique la danse hip-hop \u00bb.<\/p>\n<p>Son go\u00fbt pour la musique, le jeune Rennais le tient de sa m\u00e8re, pianiste amateur, mais surtout de son p\u00e8re, \u00ab guitariste professionnel. Il enseigne la musique et joue d\u2019instruments des XVIe et XVIIe si\u00e8cles. Je grandis dans un environnement musical et c\u2019est lui qui m\u2019a donn\u00e9 envie de faire de la musique \u00bb.<\/p>\n<p>Pas le plus jeune de la finale nationale<\/p>\n<p>D\u2019en faire son m\u00e9tier, aussi. \u00ab Je r\u00eave de devenir pianiste de jazz car c\u2019est le style que je pratique le plus, mais aussi \u00eatre compositeur, notamment de musiques de film \u00bb. Pour \u00e7a, Yann-Ael a d\u00e9j\u00e0 un parcours fl\u00e9ch\u00e9. \u00c9l\u00e8ve de 5e au coll\u00e8ge Anne-de-Bretagne, \u00e0 Rennes, il fait partie de la Ma\u00eetrise de Bretagne, et b\u00e9n\u00e9ficie d\u2019horaires am\u00e9nag\u00e9s pour pratiquer le chant dans un ch\u0153ur au conservatoire. \u00ab Au lyc\u00e9e, j\u2019aimerais aller dans la fili\u00e8re Th\u00e9\u00e2tre, danse et musique \u00e0 Nantes. \u00bb<\/p>\n<p>En attendant, il sera ce vendredi gare de l\u2019Est, \u00e0 Paris. \u00ab Pour gagner, mais surtout pour partager ma musique avec un public et rencontrer d\u2019autres pianistes car la comp\u00e9tition n\u2019est pas un moteur \u00bb. Et il ne sera m\u00eame pas le plus jeune des 12 concurrents car, lors de cette finale nationale, deux autres musiciens seront plus jeunes que lui, Nora, une Ukrainienne qui repr\u00e9sentera les Pays de la Loire, et Arthur, de la r\u00e9gion Auvergne-Rh\u00f4ne-Alpes, tous deux \u00e2g\u00e9s de 10 ans.<\/p>\n","protected":false},"excerpt":{"rendered":"Il n\u2019a que 12 ans et, ce vendredi 20 juin 2025 \u00e0 partir de 17 h, il sera&hellip;\n","protected":false},"author":2,"featured_media":191010,"comment_status":"","ping_status":"","sticky":false,"template":"","format":"standard","meta":{"footnotes":""},"categories":[2821],"tags":[1111,11,829,3173,1777,674,1011,27,848,12,584,25],"class_list":{"0":"post-191009","1":"post","2":"type-post","3":"status-publish","4":"format-standard","5":"has-post-thumbnail","7":"category-rennes","8":"tag-actu","9":"tag-actualites","10":"tag-bretagne","11":"tag-culture-a-rennes","12":"tag-eu","13":"tag-europe","14":"tag-fr","15":"tag-france","16":"tag-ille-et-vilaine","17":"tag-news","18":"tag-rennes","19":"tag-republique-francaise"},"share_on_mastodon":{"url":"https:\/\/pubeurope.com\/@fr\/114715841399323971","error":""},"_links":{"self":[{"href":"https:\/\/www.europesays.com\/fr\/wp-json\/wp\/v2\/posts\/191009","targetHints":{"allow":["GET"]}}],"collection":[{"href":"https:\/\/www.europesays.com\/fr\/wp-json\/wp\/v2\/posts"}],"about":[{"href":"https:\/\/www.europesays.com\/fr\/wp-json\/wp\/v2\/types\/post"}],"author":[{"embeddable":true,"href":"https:\/\/www.europesays.com\/fr\/wp-json\/wp\/v2\/users\/2"}],"replies":[{"embeddable":true,"href":"https:\/\/www.europesays.com\/fr\/wp-json\/wp\/v2\/comments?post=191009"}],"version-history":[{"count":0,"href":"https:\/\/www.europesays.com\/fr\/wp-json\/wp\/v2\/posts\/191009\/revisions"}],"wp:featuredmedia":[{"embeddable":true,"href":"https:\/\/www.europesays.com\/fr\/wp-json\/wp\/v2\/media\/191010"}],"wp:attachment":[{"href":"https:\/\/www.europesays.com\/fr\/wp-json\/wp\/v2\/media?parent=191009"}],"wp:term":[{"taxonomy":"category","embeddable":true,"href":"https:\/\/www.europesays.com\/fr\/wp-json\/wp\/v2\/categories?post=191009"},{"taxonomy":"post_tag","embeddable":true,"href":"https:\/\/www.europesays.com\/fr\/wp-json\/wp\/v2\/tags?post=191009"}],"curies":[{"name":"wp","href":"https:\/\/api.w.org\/{rel}","templated":true}]}}