{"id":191011,"date":"2025-06-20T13:06:09","date_gmt":"2025-06-20T13:06:09","guid":{"rendered":"https:\/\/www.europesays.com\/fr\/191011\/"},"modified":"2025-06-20T13:06:09","modified_gmt":"2025-06-20T13:06:09","slug":"carte-que-faire-a-rennes-ce-week-end-notre-selection-didees-sorties-speciale-fete-de-la-musique","status":"publish","type":"post","link":"https:\/\/www.europesays.com\/fr\/191011\/","title":{"rendered":"CARTE. Que faire \u00e0 Rennes ce week-end ? Notre s\u00e9lection d&rsquo;id\u00e9es sorties sp\u00e9ciale F\u00eate de la musique"},"content":{"rendered":"<p>            Par<br \/>\n        <strong><br \/>\n            <a href=\"https:\/\/actu.fr\/auteur\/redaction-rennes\" title=\"Consulter tous les articles de R\u00e9daction Rennes\" rel=\"nofollow noopener\" target=\"_blank\">R\u00e9daction Rennes<\/a><br \/>\n        <\/strong><\/p>\n<p>        Publi\u00e9 le<\/p>\n<p>            20 juin 2025 \u00e0 14h34        <\/p>\n<p>La <a href=\"https:\/\/actu.fr\/tag\/fete-de-la-musique\" rel=\"nofollow noopener\" target=\"_blank\">F\u00eate de la musique<\/a> est de retour pour une<strong> 44\u1d49 \u00e9dition, samedi 21\u00a0juin 2025<\/strong>. \u00c0 Rennes, de nombreux \u00e9v\u00e9nements sont pr\u00e9vus pour f\u00eater et mettre en lumi\u00e8re tous les styles de musique ce week-end. Des <strong>sc\u00e8nes officielles<\/strong> mises en place par la Ville, aux <strong>concerts programm\u00e9s<\/strong> par les bars et dans les quartiers, en passant par les festivit\u00e9s dans certaines communes de la m\u00e9tropole,<a href=\"https:\/\/actu.fr\/rennes\/\" rel=\"nofollow noopener\" target=\"_blank\"> actu Rennes<\/a> vous d\u00e9voile le programme de cette soir\u00e9e.<\/p>\n<p>    <a href=\"https:\/\/www.google.com\/maps\/d\/u\/0\/embed?mid=1pCbwJtiud0vhTQQNrKKbl__zm0aiy7E&amp;ehbc=2E312F\" title=\"Ouvrie le lien\" rel=\"nofollow noopener\" target=\"_blank\">Cliquez ici pour visualiser le contenu<\/a><\/p>\n<p>Les \u00e9v\u00e9nements de ce vendredi<\/p>\n<ul class=\" wall-content\">\n<li>Le\u00a0<strong>Blosne<\/strong>\u00a0f\u00eatera en avance la F\u00eate de la musique ce vendredi 20\u00a0juin sous la\u00a0<strong>halle Agn\u00e8s Tirop<\/strong> (27 place Jean Normand) de 18h \u00e0 23h avec au programme de multiples talents.<\/li>\n<\/ul>\n<p class=\" wall-content\"><a href=\"https:\/\/www.instagram.com\/p\/DKSXf8iMAAV\/embed\" title=\"Ouvrir le lien sur Instagram\" rel=\"nofollow noopener\" target=\"_blank\">Visualiser le contenu sur Instagram<\/a><\/p>\n<ul class=\" wall-content\">\n<li><strong>Saint-Jacques-de-la-Lande<\/strong>\u00a0f\u00eate la musique, de 19h \u00e0 22h, dans le quartier de la<strong>\u00a0Morinais,<\/strong> o\u00f9 l\u2019\u00e9cole intercommunale de musique et de danse\u00a0<strong>Jean Wiener<\/strong> repr\u00e9sentera ses \u00e9l\u00e8ves dans plusieurs espaces\u2009: le parvis de la mairie \/ \u00e0 la M\u00e9diath\u00e8que Lucien Herr \/ parc de la Morinais.<\/li>\n<li>\u00c9galement ce vendredi 20\u00a0juin, <strong>Vezin-le-Coquet<\/strong> am\u00e8nera entre 19h et 20h30 des sonorit\u00e9s Celtes et de l\u2019Europe du Nord pour leur soir\u00e9e F\u00eate de la musique.<\/li>\n<li>\u00c0 Cesson-S\u00e9vign\u00e9, dans le cadre de Cess\u2019Tival, un karaok\u00e9 g\u00e9ant est organis\u00e9 vendredi 20\u00a0juin, de 18h \u00e0 22h, \u00e0 la prairie du Pont des Arts. C\u2019est gratuit et une buvette associative sera pr\u00e9sente.<\/li>\n<li>\u00c0 <strong>Chantepie<\/strong>, ce vendredi. Vous pourrez voir et participer \u00e0 plein de concerts et activit\u00e9s durant toute la journ\u00e9e. Mais si vous voulez passer une soir\u00e9e festive, allez du c\u00f4t\u00e9 du concert de All We Need (20h45) puis faites un tour au blind test et DJ set des Vinyle Lovers. Et pour finir la soir\u00e9e en beaut\u00e9, assistez au feu d\u2019artifice sur l\u2019\u00e9tang des Deux-Ruisseaux \u00e0 partir de 23h45.<\/li>\n<\/ul>\n<p class=\" wall-content\"><a href=\"https:\/\/www.instagram.com\/p\/DKpitt1h-Jl\/embed\" title=\"Ouvrir le lien sur Instagram\" rel=\"nofollow noopener\" target=\"_blank\">Visualiser le contenu sur Instagram<\/a><\/p>\n<p>Samedi 21\u00a0juin\u2009: les sc\u00e8nes officielles de la Ville<\/p>\n<ul class=\" wall-content\">\n<li>Au <strong>th\u00e9\u00e2tre de verdure du parc du Thabor<\/strong>, Le Jardin moderne y programme quatre groupes de 16h \u00e0 20h\u2009: Pale Shadow and the Shades \/ Saros \/ Caduta Massi \/ Tris and the Soap Horrifique.<\/li>\n<li>\u00c0\u00a0l\u2019<strong>Esplanade Charles de\u00a0Gaulle<\/strong>, les collectifs <strong>Osmoz<\/strong>,<strong> Mikrokosm<\/strong> et <strong>Lime<\/strong> programment des DJs de 18h \u00e0 1h.<\/li>\n<li>\u00c0\u00a0l\u2019<strong>H\u00f4tel de Courcy<\/strong> de la R\u00e9gion Bretagne (9 rue Martenot), le groupe Startijenn jouera \u00e0 partir de 20h dans une ambiance de fest-noz.<\/li>\n<li>Dans les <strong>Jardins du Centre Chor\u00e9graphique national<\/strong> (38 rue Saint-Melaine) une <strong>garden-party<\/strong> sp\u00e9ciale f\u00eate de la musique aura lieu de 19h \u00e0 00h30.<\/li>\n<\/ul>\n<p>L&rsquo;Institut Franco-Am\u00e9ricain et Adagio Espressivo f\u00eatent la musique ce samedi<\/p>\n<p>\u00c0 l\u2019occasion de la f\u00eate de la musique, au 7 quai Chateaubriand, l\u2019IFA et l\u2019Ensemble Adagio Espressivo proposent un concert de musique classique, accessible \u00e0 tous \u00e2ges, pr\u00e9c\u00e9d\u00e9 par un go\u00fbter \u00e0 16h. Venez donc en famille pour d\u00e9couvrir des morceaux de la musique classique ayant un lien avec les \u00c9tats-Unis, dont Duettino Am\u00e9ricain de Franz Doppler. Un moment convivial et ludique avec les artistes sera propos\u00e9 \u00e0 la fin du concert pour d\u00e9couvrir les instruments anciens et plus r\u00e9cents de la musique classique,<br \/>Gratuit \u01c0 <a href=\"https:\/\/www.helloasso.com\/associations\/institut-franco-americain\/evenements\/la-fete-de-la-musique-2025-avec-adagio-espressivo\" rel=\"nofollow noopener\" target=\"_blank\">R\u00e9servation en ligne<\/a><\/p>\n<p>Samedi 21\u00a0juin\u2009: les \u00e9v\u00e9nements dans les bars et restos<\/p>\n<ul class=\" wall-content\">\n<li>Au <strong>Penny Lane<\/strong> (1 rue de Co\u00ebtquen), \u00e0 partir de 19h45, on retrouvera sur la sc\u00e8ne\u2009: Louise Papiers \/ Top Left Club \/ Fat to the Flax +\u00a0DJ set chill &amp; vinyle.<\/li>\n<li>Au <strong>Caliente<\/strong> (7 Place Saint-Michel), un concert en open air aura lieu avec en line up les artistes\u2009: K\u2019thum \/ Belph\u00eb \/ Glaas.<\/li>\n<li>\u00c0 <strong>La Piste<\/strong> (68 Mail Fran\u00e7ois Mitterrand), se produiront de 18h15 \u00e0 minuit\u2009: Mansion\u2019s Cellar (18h15) \/ Star City (19h30) \/ Liv del Estal (20h50) \/ Marta (22h15) \/ Nord\/\/Noir (minuit).<\/li>\n<li><strong>Le Hibou Grand Duc<\/strong> (10 Rue Dupont Des Loges) accueillera de 20h \u00e0 1h\u2009: Yoann Minkoff &amp; Friends \/ Looshan \/ Alber Jupiter \/ Aurore Pauvert.<\/li>\n<li>Sur la<strong> place Saint-Germain<\/strong> de 18h \u00e0 1h, retrouvez dans les bars Le Saint-Germain, Jupiter &amp; Le B\u00e9n\u00e9dicte et Les Petits Papiers, le collectif <strong>Solarium<\/strong> qui programme les artistes\u2009: <a href=\"https:\/\/actu.fr\/bretagne\/rennes_35238\/le-rennais-lujipeka-lance-sa-tournee-de-concerts-aller-dans-tous-les-sens-m-amuse_48679440.html\" rel=\"nofollow noopener\" target=\"_blank\">Lujipeka<\/a> \/\u00a0Flaq \/ Kanaille \/ M\u00e4rz \/ Nuage9 \/ Dig\u00e9 M0m0 \/ Gal\u00e8re Sucr\u00e9e.<\/li>\n<\/ul>\n<p class=\" wall-content\"><a href=\"https:\/\/www.instagram.com\/p\/DK_v76TMCNI\/embed\" title=\"Ouvrir le lien sur Instagram\" rel=\"nofollow noopener\" target=\"_blank\">Visualiser le contenu sur Instagram<\/a><\/p>\n<ul class=\" wall-content\">\n<li>Au<strong> Barexpo<\/strong> de 18h \u00e0 1h, retrouvez l\u2019\u00e9v\u00e9nement <strong>Techno Cambrousse<\/strong> avec sur sc\u00e8ne\u2009: Saga Raga \/ Babhard \/ Grotteh\/ Eapp\u00f8n \/ TML \/ Hippo\/ H4wkk \/ Mazh &amp; 4m10.<\/li>\n<li>Chez <strong>Les Grands\u00a0Gamins<\/strong> (40 Mail Fran\u00e7ois Mitterrand) de 18h \u00e0 1h, le collectif <strong>La<\/strong> <strong>Fi\u00e8vre<\/strong> programme les artistes\u2009: Arno labo \/ Dig\u00e9 m0m0 \/ Gal\u00e8re Sucr\u00e9e.<\/li>\n<li>Sur la terrasse du bistrot <strong>Cocagne<\/strong> (12 rue des Dames), retrouvez de 18h \u00e0 1h l\u2019\u00e9v\u00e9nement <strong>Legal Shot Sound System<\/strong> par le<strong> Legal Shot Crew.<\/strong><\/li>\n<li>Au <strong>Dimanche Bistrot<\/strong> (24 rue d\u2019Antrain) de 16h \u00e0 2h, venez voir les DJs Pascal Pleine Balle et STYX.<\/li>\n<li>Au <strong>Grabuge<\/strong> (Les halles en commun \u2013 24 avenue Jules Maniez) \u00e0 partir de 15h aura lieu l\u2019\u00e9v\u00e9nement <strong>Courrouze Family Gang<\/strong> avec neuf concerts live, DJ sets et atelier enfants.<\/li>\n<li>Allez \u00e0 <strong>D\u00e9sordre<\/strong> (18 rue Georges Charpak) \u00e0 partir de 18h pour l\u2019\u00e9v\u00e9nement <strong>Plaine de Beauf <\/strong>pour un DJ set.<\/li>\n<li>Au <strong>Popote &amp; Sourire<\/strong> (16 rue Victor Hugo), retrouvez \u00e0 partir de 19h l\u2019orchestre de jazz INITIAL BIG BAND.<\/li>\n<li>\u00c0 <strong>La Cavale<\/strong> (2 Rue de Redon) de 20h \u00e0 2h vous pourrez assister \u00e0 un DJ set de Technopaul et un drag show avec les drags\u2009: Gorki \/ Marie Babette \/ KLR Voyance \/ Vesuvia.<\/li>\n<li>\u00c0 l\u2019<strong>Uzine<\/strong> (13 Quai Lamennais) de 18h \u00e0 1h, les collectifs <strong>Glazing et Techno V\u00e9lo<\/strong> se r\u00e9unissent et proposent les artistes\u2009: SAVASSS \/ Yves Progress \/ Mojetlove \/ Marco \/ Pesnouf b2b Kloby \/ AVL b2b Nicolooo.<\/li>\n<\/ul>\n<p class=\" wall-content\"><a href=\"https:\/\/www.instagram.com\/p\/DKPoX7FMoD3\/embed\" title=\"Ouvrir le lien sur Instagram\" rel=\"nofollow noopener\" target=\"_blank\">Visualiser le contenu sur Instagram<\/a><\/p>\n<ul class=\" wall-content\">\n<li>Au <strong>Maestro<\/strong> (18 Carrefour Jouaust), retrouvez un set house d\u00e8s 14h puis de 18h30 \u00e0 1h le DJ Pytech.<\/li>\n<\/ul>\n<p>Samedi 21\u00a0juin\u2009: dans les guinguettes<\/p>\n<ul class=\" wall-content\">\n<li>\u00c0 la Basse Cour (Chemin Robert de Borron), vous pourrez assister \u00e0 partir de 18h \u00e0 une \u00ab\u2009programmation surprise\u2009\u00bb.<\/li>\n<li>\u00c0 la guinguette du Mem, au programme\u2009: les artistes Kogane (17h) \/ Leki (18h30) \/ Archim\u00e8de (19h30) \/ Gates of Floyd (21h00).<\/li>\n<\/ul>\n<p class=\" wall-content\"><a href=\"https:\/\/www.instagram.com\/p\/DLE8EkItZEf\/embed\" title=\"Ouvrir le lien sur Instagram\" rel=\"nofollow noopener\" target=\"_blank\">Visualiser le contenu sur Instagram<\/a><\/p>\n<p>Samedi 21\u00a0juin\u2009: dans les biblioth\u00e8ques<\/p>\n<ul class=\" wall-content\">\n<li>Dans la biblioth\u00e8que du<strong> Triangle, de 16h \u00e0 17h<\/strong> aura lieu un concert de A\u00efgo, \u00ab\u2009un trio folk aux crescendos \u00e9piques et aux m\u00e9lodies contemplatives\u2009\u00bb.<\/li>\n<li>\u00c0 la biblioth\u00e8que de <strong>Villejean, de 17h \u00e0 18h<\/strong>\u00a0se d\u00e9roulera le concert de Voden, \u00ab\u2009un duo de musique de Scandinavie et des balkans \u00e0 travers le nickelharpa et la vielle \u00e0 roue\u2009\u00bb.<\/li>\n<li>Au sein de la biblioth\u00e8que <strong>Landry, de 18h \u00e0 19h<\/strong> aura lieu la prestation de Albaricate, un duo m\u00ealant chanson fran\u00e7aise et langue des signes, qui embarque le public en Bretagne.<\/li>\n<li>Dans la biblioth\u00e8que <strong>Cl\u00f4teaux-Br\u00e9quigny, de 18h \u00e0 21h<\/strong> se d\u00e9roulera un spectacle Festnoz avec le Trio des Champs, \u00ab\u2009une formation de Haute-Bretagne qui allie bonne humeur et rythmes endiabl\u00e9s\u2009\u00bb.<\/li>\n<\/ul>\n<p>Samedi 21\u00a0juin\u2009: dans les quartiers<\/p>\n<ul class=\" wall-content\">\n<li>Dans le quartier <strong>Sainte-Th\u00e9r\u00e8se<\/strong>, sur la <strong>place du souvenir<\/strong> (place du march\u00e9 Sainte-Th\u00e9r\u00e8se) l\u2019association <strong>La Maison Qui Danse<\/strong> et le Collectif d\u2019habitants du quartier du march\u00e9 de Sainte-Th\u00e9r\u00e8se organisent des concerts avec \u00e0 l\u2019affiche\u2009: Kat White (18h30) \/ Margaret Tchatcheuse (20h) \/ Spleef (21h30) \/ Gustav (23h) \/ +\u00a0DJ interplateaux\u2009: JokoHomo.<\/li>\n<li>Dans le quartier de Villejean, sur la <strong>place Clara Zetkin<\/strong> \u00e0 partir de 18h, l\u2019Asso des Containers organise une soir\u00e9e chaleureuse entre barbecue et concert avec les artistes\u2009: Chatons Grill\u00e9s \/ la chorale pop de l\u2019Antipode \/ The Sparkles \/ Teengerines \/ Meltin\u2019Potes<\/li>\n<li>Dans le quartier de <strong>Baud-Chardonnet<\/strong>, sur les <strong>terrasses du Vertugadin<\/strong> de 17h \u00e0 22h, vous pourrez aller \u00e0 la Boom des enfants et assister aux concerts de\u2009: Alphonse Alphonse \/ Groove Arsenal \/ Balafenn \/ All we need\u2009!<\/li>\n<li>Dans le quartier de <strong>Beauregard<\/strong>, vous pourrez vous balader entre plusieurs \u00e9v\u00e9nements organis\u00e9s par l\u2019association <strong>3 Regards<\/strong> et le <strong>Cercle Celtique de Rennes<\/strong>.\u00a0Le premier se situera \u00e0 partir de 15h sur la <strong>terrasse de Choupiquant<\/strong> devant le FRAC. Ensuite, de 16h \u00e0 23h, <strong>\u00e0 la Ferme de Quinc\u00e9<\/strong>, o\u00f9 vous pourrez \u00e9couter les artistes\u2009: Fuzzy Hair (16h-17h) \/ Housse Tutu (17h-18h) \/ Louves (18h-19h) \/ ha\u2009! Rico (19h-20h) \/ Hush\u2009! Noise (20h-21h) \/ Visages Visage. Enfin, de 18h \u00e0 minuit, au <strong>parquet de bal<\/strong> dans<strong> la ferme de la Harpe<\/strong>. Vous retrouverez dans chacun de ces lieux un espace buvette et restauration.<\/li>\n<\/ul>\n<p>Dimanche 22\u00a0juin<\/p>\n<p class=\" wall-content\"><strong>Ferveur<\/strong> (mail Fran\u00e7ois Mitterrand) et Le\u00a0<strong>Ch\u00e2teau d\u2019Apign\u00e9<\/strong> s\u2019associent pour ce week-end de F\u00eate de la musique avec une soir\u00e9e, samedi, \u00e0 Ferveur, puis une garden-party sp\u00e9ciale, le dimanche, au Ch\u00e2teau. Les artistes pr\u00e9vus\u2009: Brawt \/ Bre. tone \/ Progressive Connexion.<\/p>\n<p class=\" wall-content\"><a href=\"https:\/\/www.instagram.com\/p\/DKwmj1lMAwY\/embed\" title=\"Ouvrir le lien sur Instagram\" rel=\"nofollow noopener\" target=\"_blank\">Visualiser le contenu sur Instagram<\/a><\/p>\n<p>Cette liste n\u2019est pas exhaustive. Si vous organisez un \u00e9v\u00e9nement dans le cadre de la F\u00eate de la musique ce week-end, envoyez-nous un mail avec les infos pratiques (jour, horaires, noms des artistes, adresse) \u00e0 <a href=\"https:\/\/actu.fr\/cdn-cgi\/l\/email-protection\" class=\"__cf_email__\" data-cfemail=\"770512131614031e1819590512191912043716140302591105\" rel=\"nofollow noopener\" target=\"_blank\">[email\u00a0protected]<\/a>.<\/p>\n<p class=\" wall-content\"><strong>Yannis Laurent &amp; Brian Le Goff<\/strong><\/p>\n<p class=\" wall-content\">Suivez toute l\u2019actualit\u00e9 de vos villes et m\u00e9dias favoris en vous inscrivant \u00e0 <a href=\"https:\/\/moncompte.actu.fr\" title=\"D\u00e9couvez Mon Actu\" rel=\"nofollow noopener\" data-trk=\"{&quot;cta&quot;:{&quot;action&quot;:&quot;https:\\\/\\\/moncompte.actu.fr&quot;,&quot;category&quot;:&quot;mon compte&quot;,&quot;from&quot;:&quot;article footer&quot;,&quot;name&quot;:&quot;Mon actu&quot;,&quot;type&quot;:&quot;cta&quot;}}\" target=\"_blank\">Mon Actu<\/a>.<\/p>\n<p>                    <script async src=\"\/\/www.instagram.com\/embed.js\"><\/script><\/p>\n","protected":false},"excerpt":{"rendered":"Par R\u00e9daction Rennes Publi\u00e9 le 20 juin 2025 \u00e0 14h34 La F\u00eate de la musique est de retour&hellip;\n","protected":false},"author":2,"featured_media":191012,"comment_status":"","ping_status":"","sticky":false,"template":"","format":"standard","meta":{"footnotes":""},"categories":[2821],"tags":[1111,11,1063,829,1697,1777,674,25885,1011,27,1652,873,12,584,25],"class_list":{"0":"post-191011","1":"post","2":"type-post","3":"status-publish","4":"format-standard","5":"has-post-thumbnail","7":"category-rennes","8":"tag-actu","9":"tag-actualites","10":"tag-animations","11":"tag-bretagne","12":"tag-concert","13":"tag-eu","14":"tag-europe","15":"tag-fete-de-la-musique","16":"tag-fr","17":"tag-france","18":"tag-loisirs-culture","19":"tag-musique","20":"tag-news","21":"tag-rennes","22":"tag-republique-francaise"},"share_on_mastodon":{"url":"https:\/\/pubeurope.com\/@fr\/114715845349893321","error":""},"_links":{"self":[{"href":"https:\/\/www.europesays.com\/fr\/wp-json\/wp\/v2\/posts\/191011","targetHints":{"allow":["GET"]}}],"collection":[{"href":"https:\/\/www.europesays.com\/fr\/wp-json\/wp\/v2\/posts"}],"about":[{"href":"https:\/\/www.europesays.com\/fr\/wp-json\/wp\/v2\/types\/post"}],"author":[{"embeddable":true,"href":"https:\/\/www.europesays.com\/fr\/wp-json\/wp\/v2\/users\/2"}],"replies":[{"embeddable":true,"href":"https:\/\/www.europesays.com\/fr\/wp-json\/wp\/v2\/comments?post=191011"}],"version-history":[{"count":0,"href":"https:\/\/www.europesays.com\/fr\/wp-json\/wp\/v2\/posts\/191011\/revisions"}],"wp:featuredmedia":[{"embeddable":true,"href":"https:\/\/www.europesays.com\/fr\/wp-json\/wp\/v2\/media\/191012"}],"wp:attachment":[{"href":"https:\/\/www.europesays.com\/fr\/wp-json\/wp\/v2\/media?parent=191011"}],"wp:term":[{"taxonomy":"category","embeddable":true,"href":"https:\/\/www.europesays.com\/fr\/wp-json\/wp\/v2\/categories?post=191011"},{"taxonomy":"post_tag","embeddable":true,"href":"https:\/\/www.europesays.com\/fr\/wp-json\/wp\/v2\/tags?post=191011"}],"curies":[{"name":"wp","href":"https:\/\/api.w.org\/{rel}","templated":true}]}}