{"id":191015,"date":"2025-06-20T13:08:43","date_gmt":"2025-06-20T13:08:43","guid":{"rendered":"https:\/\/www.europesays.com\/fr\/191015\/"},"modified":"2025-06-20T13:08:43","modified_gmt":"2025-06-20T13:08:43","slug":"un-homme-de-36-ans-en-urgence-absolue-apres-une-agression-a-larme-blanche-a-strasbourg","status":"publish","type":"post","link":"https:\/\/www.europesays.com\/fr\/191015\/","title":{"rendered":"Un homme de 36\u00a0ans en urgence absolue apr\u00e8s une agression \u00e0 l\u2019arme blanche \u00e0 Strasbourg"},"content":{"rendered":"<p>Un homme de 36\u00a0ans, agress\u00e9 par arme blanche dans la nuit du mercredi 18\u00a0juin au jeudi 19\u00a0juin 2025 au c\u0153ur de <a href=\"https:\/\/maubeuge.maville.com\/actu\/actudet_-arrete-dans-une-piscine-de-strasbourg-un-homme-de-52-ans-aurait-filme-plus-de-60-enfants-denudes-_53511-6859671_actu.Htm\" target=\"_blank\" rel=\"noopener\">Strasbourg<\/a> (Bas-Rhin), a \u00e9t\u00e9 hospitalis\u00e9 <strong>\u00ab\u00a0en urgence absolue\u00a0\u00bb,<\/strong> ont annonc\u00e9 les secours.<\/p>\n<p>La victime pr\u00e9sente <strong>\u00ab\u00a0une vingtaine de plaies par arme blanche\u00a0\u00bb<\/strong> sur le corps, a appris l\u2019Agence France-Presse (AFP) d\u2019une source polici\u00e8re. Selon cette derni\u00e8re, la victime connaissait son agresseur.<\/p>\n<p>Le suspect en fuite<\/p>\n<p>La <strong>\u00ab\u00a0rixe\u00a0\u00bb<\/strong> s\u2019est produite rue des Grandes Arcades, une art\u00e8re pi\u00e9tonne parmi les plus passantes de la vieille ville, selon la m\u00eame source. <strong>\u00ab\u00a0La zone d\u2019intervention a \u00e9t\u00e9 s\u00e9curis\u00e9e par la police\u00a0\u00bb,<\/strong> indique dans un communiqu\u00e9 le Service d\u00e9partemental d\u2019incendie et de secours (SDIS), pr\u00e9cisant que <strong>\u00ab\u00a0l\u2019agresseur avait quitt\u00e9 les lieux au moment de l\u2019intervention\u00a0\u00bb<\/strong>.<\/p>\n<p>Sollicit\u00e9 par l\u2019AFP, le parquet de Strasbourg n\u2019a pas donn\u00e9 suite dans l\u2019imm\u00e9diat.<\/p>\n<p>\u00a0<\/p>\n","protected":false},"excerpt":{"rendered":"Un homme de 36\u00a0ans, agress\u00e9 par arme blanche dans la nuit du mercredi 18\u00a0juin au jeudi 19\u00a0juin 2025&hellip;\n","protected":false},"author":2,"featured_media":191016,"comment_status":"","ping_status":"","sticky":false,"template":"","format":"standard","meta":{"footnotes":""},"categories":[2820],"tags":[32894,3084,1111,11,1120,1764,10268,8386,1777,674,1011,27,775,4933,766,12,25,640,3083],"class_list":{"0":"post-191015","1":"post","2":"type-post","3":"status-publish","4":"format-standard","5":"has-post-thumbnail","7":"category-strasbourg","8":"tag-32894","9":"tag-absolue","10":"tag-actu","11":"tag-actualites","12":"tag-agression","13":"tag-ans","14":"tag-arme","15":"tag-blanche","16":"tag-eu","17":"tag-europe","18":"tag-fr","19":"tag-france","20":"tag-grand-est","21":"tag-homme","22":"tag-nantes","23":"tag-news","24":"tag-republique-francaise","25":"tag-strasbourg","26":"tag-urgence"},"share_on_mastodon":{"url":"https:\/\/pubeurope.com\/@fr\/114715853129477177","error":""},"_links":{"self":[{"href":"https:\/\/www.europesays.com\/fr\/wp-json\/wp\/v2\/posts\/191015","targetHints":{"allow":["GET"]}}],"collection":[{"href":"https:\/\/www.europesays.com\/fr\/wp-json\/wp\/v2\/posts"}],"about":[{"href":"https:\/\/www.europesays.com\/fr\/wp-json\/wp\/v2\/types\/post"}],"author":[{"embeddable":true,"href":"https:\/\/www.europesays.com\/fr\/wp-json\/wp\/v2\/users\/2"}],"replies":[{"embeddable":true,"href":"https:\/\/www.europesays.com\/fr\/wp-json\/wp\/v2\/comments?post=191015"}],"version-history":[{"count":0,"href":"https:\/\/www.europesays.com\/fr\/wp-json\/wp\/v2\/posts\/191015\/revisions"}],"wp:featuredmedia":[{"embeddable":true,"href":"https:\/\/www.europesays.com\/fr\/wp-json\/wp\/v2\/media\/191016"}],"wp:attachment":[{"href":"https:\/\/www.europesays.com\/fr\/wp-json\/wp\/v2\/media?parent=191015"}],"wp:term":[{"taxonomy":"category","embeddable":true,"href":"https:\/\/www.europesays.com\/fr\/wp-json\/wp\/v2\/categories?post=191015"},{"taxonomy":"post_tag","embeddable":true,"href":"https:\/\/www.europesays.com\/fr\/wp-json\/wp\/v2\/tags?post=191015"}],"curies":[{"name":"wp","href":"https:\/\/api.w.org\/{rel}","templated":true}]}}