{"id":191017,"date":"2025-06-20T13:09:10","date_gmt":"2025-06-20T13:09:10","guid":{"rendered":"https:\/\/www.europesays.com\/fr\/191017\/"},"modified":"2025-06-20T13:09:10","modified_gmt":"2025-06-20T13:09:10","slug":"a-nice-les-douaniers-tombent-sur-du-lourd","status":"publish","type":"post","link":"https:\/\/www.europesays.com\/fr\/191017\/","title":{"rendered":"\u00e0 Nice, les douaniers tombent sur du lourd"},"content":{"rendered":"<p>            Par<br \/>\n        <strong><br \/>\n            <a href=\"https:\/\/actu.fr\/auteur\/ugo-maillard\" title=\"Consulter tous les articles de Ugo Maillard\" rel=\"nofollow noopener\" target=\"_blank\">Ugo Maillard<\/a><br \/>\n        <\/strong><\/p>\n<p>        Publi\u00e9 le<\/p>\n<p>            20 juin 2025 \u00e0 15h04        <\/p>\n<p>Entre le 4 et le 11\u00a0juin 2025, les agents des douanes en France ont particip\u00e9 \u00e0 l\u2019op\u00e9ration Colbert III. Pr\u00e8s de 15\u2009000 douaniers, policiers et gendarmes ont \u00e9t\u00e9 mobilis\u00e9s pour cette vaste op\u00e9ration de lutte <strong>contre les trafics illicites de tabacs<\/strong>.<\/p>\n<p class=\" wall-content\">En raison de sa proximit\u00e9 avec l\u2019Italie, les douaniers de la direction de <a href=\"https:\/\/actu.fr\/nice\/\" rel=\"nofollow noopener\" target=\"_blank\">Nice<\/a> ont activement particip\u00e9 \u00e0 ce dispositif en organisant des <strong>contr\u00f4les<\/strong> dans tout le d\u00e9partement des <a href=\"https:\/\/actu.fr\/provence-alpes-cote-d-azur\/alpes-maritimes_06\" rel=\"nofollow noopener\" target=\"_blank\">Alpes-Maritimes<\/a>.<\/p>\n<p>Plus de 1\u2009000 contr\u00f4les r\u00e9alis\u00e9s<\/p>\n<p class=\" wall-content\">Cette op\u00e9ration aura mobilis\u00e9 pr\u00e8s de 333 douaniers sur le d\u00e9partement, avec l\u2019appui de huit agents de la police nationale, quatorze gendarmes, trois agents d\u2019autres services de l\u2019\u00c9tat (GIR, DGCCRF, Urssaf).<\/p>\n<p class=\" wall-content\">En l\u2019espace d\u2019une semaine, 1\u2009076 contr\u00f4les ont \u00e9t\u00e9 effectu\u00e9s, ce qui a permis de constater\u00a030 infractions, et la<strong> saisie de plus de 40\u00a0kg<\/strong> de tabac.<\/p>\n<p class=\" wall-content\">Voici les r\u00e9sultats communiqu\u00e9s par la direction des douanes de Nice\u2009:<\/p>\n<p>Vid\u00e9os : en ce moment sur Actu<\/p>\n<ul class=\" wall-content\">\n<li>Contr\u00f4les des commerces susceptibles de vendre ill\u00e9galement du tabac comme les \u00e9piceries de nuit, bar \u00e0 chicha, etc.\u2009: sept \u00e9tablissements contr\u00f4l\u00e9s pour quatre constatations r\u00e9alis\u00e9es, permettant la saisie de trois kilos de tabacs. Quatre demandes de fermetures administratives vont \u00eatre adress\u00e9es \u00e0 la Pr\u00e9fecture. \u00c0 noter \u00e9galement la saisie incidente de stup\u00e9fiants<\/li>\n<li>Contr\u00f4les routiers et autoroutiers\u2009: 825 contr\u00f4les r\u00e9alis\u00e9s pour 12 constatations permettant la saisie de 22\u00a0kg de tabacs, dont une partie transport\u00e9e dans un scooter. Ces contr\u00f4les visent \u00e0 entraver l\u2019approvisionnement des grandes agglom\u00e9rations en tabac. \u00c0 cette occasion, les services douaniers ont \u00e9galement proc\u00e9d\u00e9 \u00e0 la saisie de plus de 217\u00a0kg de stup\u00e9fiants.<\/li>\n<li>Contr\u00f4les dans le cadre d\u2019un \u00ab\u2009bouclage\u2009\u00bb de la fronti\u00e8re italienne\u2009: r\u00e9alisation de 96 contr\u00f4les dans les Alpes-Maritimes (en lien avec les services douaniers des directions r\u00e9gionales d\u2019Aix-en-Provence et Chamb\u00e9ry en contr\u00f4le sur les points fronti\u00e8re d\u2019autres d\u00e9partements) permettant la r\u00e9alisation de trois constatations pour un total de trois kilos de tabacs saisis.<\/li>\n<li>Contr\u00f4les dans les a\u00e9roports \u00e0 l\u2019arriv\u00e9e des vols jug\u00e9s sensibles\u2009: 148 vols contr\u00f4l\u00e9s \u00e0 l\u2019arriv\u00e9e pour 11 constatations et plus de 12\u00a0kg de tabacs saisis<\/li>\n<\/ul>\n<p class=\" wall-content\">Suivez toute l\u2019actualit\u00e9 de vos villes et m\u00e9dias favoris en vous inscrivant \u00e0 <a href=\"https:\/\/moncompte.actu.fr\" title=\"D\u00e9couvez Mon Actu\" rel=\"nofollow noopener\" data-trk=\"{&quot;cta&quot;:{&quot;action&quot;:&quot;https:\\\/\\\/moncompte.actu.fr&quot;,&quot;category&quot;:&quot;mon compte&quot;,&quot;from&quot;:&quot;article footer&quot;,&quot;name&quot;:&quot;Mon actu&quot;,&quot;type&quot;:&quot;cta&quot;}}\" target=\"_blank\">Mon Actu<\/a>.<\/p>\n","protected":false},"excerpt":{"rendered":"Par Ugo Maillard Publi\u00e9 le 20 juin 2025 \u00e0 15h04 Entre le 4 et le 11\u00a0juin 2025, les&hellip;\n","protected":false},"author":2,"featured_media":191018,"comment_status":"","ping_status":"","sticky":false,"template":"","format":"standard","meta":{"footnotes":""},"categories":[2819],"tags":[1111,11,1777,674,118,1011,27,12,2401,1072,882,25,6582],"class_list":{"0":"post-191017","1":"post","2":"type-post","3":"status-publish","4":"format-standard","5":"has-post-thumbnail","7":"category-nice","8":"tag-actu","9":"tag-actualites","10":"tag-eu","11":"tag-europe","12":"tag-faits-divers","13":"tag-fr","14":"tag-france","15":"tag-news","16":"tag-nice","17":"tag-police","18":"tag-provence-alpes-cote-dazur","19":"tag-republique-francaise","20":"tag-tabac"},"share_on_mastodon":{"url":"https:\/\/pubeurope.com\/@fr\/114715857144227060","error":""},"_links":{"self":[{"href":"https:\/\/www.europesays.com\/fr\/wp-json\/wp\/v2\/posts\/191017","targetHints":{"allow":["GET"]}}],"collection":[{"href":"https:\/\/www.europesays.com\/fr\/wp-json\/wp\/v2\/posts"}],"about":[{"href":"https:\/\/www.europesays.com\/fr\/wp-json\/wp\/v2\/types\/post"}],"author":[{"embeddable":true,"href":"https:\/\/www.europesays.com\/fr\/wp-json\/wp\/v2\/users\/2"}],"replies":[{"embeddable":true,"href":"https:\/\/www.europesays.com\/fr\/wp-json\/wp\/v2\/comments?post=191017"}],"version-history":[{"count":0,"href":"https:\/\/www.europesays.com\/fr\/wp-json\/wp\/v2\/posts\/191017\/revisions"}],"wp:featuredmedia":[{"embeddable":true,"href":"https:\/\/www.europesays.com\/fr\/wp-json\/wp\/v2\/media\/191018"}],"wp:attachment":[{"href":"https:\/\/www.europesays.com\/fr\/wp-json\/wp\/v2\/media?parent=191017"}],"wp:term":[{"taxonomy":"category","embeddable":true,"href":"https:\/\/www.europesays.com\/fr\/wp-json\/wp\/v2\/categories?post=191017"},{"taxonomy":"post_tag","embeddable":true,"href":"https:\/\/www.europesays.com\/fr\/wp-json\/wp\/v2\/tags?post=191017"}],"curies":[{"name":"wp","href":"https:\/\/api.w.org\/{rel}","templated":true}]}}