{"id":191020,"date":"2025-06-20T13:11:22","date_gmt":"2025-06-20T13:11:22","guid":{"rendered":"https:\/\/www.europesays.com\/fr\/191020\/"},"modified":"2025-06-20T13:11:22","modified_gmt":"2025-06-20T13:11:22","slug":"originaire-de-la-region-nantaise-ce-rappeur-cumule-plus-de-6-millions-de-vues","status":"publish","type":"post","link":"https:\/\/www.europesays.com\/fr\/191020\/","title":{"rendered":"Originaire de la r\u00e9gion nantaise, ce rappeur cumule plus de 6\u00a0millions de vues"},"content":{"rendered":"<tr wp_automatic_readability=\"3.8928571428571\">\n<td valign=\"middle\" align=\"center\" class=\"col-logo\">\n    <img decoding=\"async\" src=\"https:\/\/www.europesays.com\/fr\/wp-content\/uploads\/2025\/04\/presse-ocean.gif\" alt=\"logo Presse-Oc\u00e9an\" height=\"66\"\/><\/p>\n<\/td>\n<td class=\"col-titre\">\n\t\t\tVendredi 20 juin 2025 11:46<br \/>\n\t\t\t<a class=\"icon-bulle sizeL count\" href=\"#ancreAvis\"><br \/>\n\t&#8230;<br \/>\n<\/a><\/td>\n<\/tr>\n<p>\t\t<a class=\"mavillebox2 elmt-photo\" href=\"https:\/\/maville.com\/photosmvi\/2025\/06\/20\/P35303067D6863174G.jpg\" title=\" MC Max lors d\u2019un \u00e9change \u00e0 l\u2019espace Jeunes de La Chevroli\u00e8re le 18\u00a0juin.  \u00a9  Photo Presse Oc\u00e9an  &lt;!--TAG-BLC credit--&gt;\" rel=\"galerie_actu noopener\" target=\"_blank\"><br \/>\n\t<img decoding=\"async\" src=\"https:\/\/www.europesays.com\/fr\/wp-content\/uploads\/2025\/06\/P35303067D6863174G_crop_640-330_.jpg\" alt=\"photo  mc max lors d\u2019un \u00e9change \u00e0 l\u2019espace jeunes de la chevroli\u00e8re le 18\u00a0juin.  \u00a9  photo presse oc\u00e9an \"\/><br \/>\n\t1<br \/>\n<\/a><\/p>\n<p class=\"elmt-legende\"> MC Max lors d\u2019un \u00e9change \u00e0 l\u2019espace Jeunes de La Chevroli\u00e8re le 18\u00a0juin.  \u00a9  Photo Presse Oc\u00e9an  <\/p>\n<p>\t\tDe retour apr\u00e8s quelques ann\u00e9es pass\u00e9es en Chine, le rappeur joue ce vendredi 20\u00a0juin 2025 \u00e0 domicile lors du festival Rives en f\u00eate \u00e0 La Chevroli\u00e8re en premi\u00e8re partie de Superbus.<\/p>\n<p><b>Cet article est r\u00e9serv\u00e9 aux abonn\u00e9s<\/b><\/p>\n<p>Pour un acc\u00e8s imm\u00e9diat, abonnez-vous<\/p>\n<p><b>1\u00e8re semaine offerte<\/b><\/p>\n<p>\t\tPresse-Oc\u00e9an<\/p>\n<p>Retrouvez d&rsquo;autres actus sur la commune de :<\/p>\n<p>\t\t&#13;<\/p>\n","protected":false},"excerpt":{"rendered":"Vendredi 20 juin 2025 11:46 &#8230; 1 MC Max lors d\u2019un \u00e9change \u00e0 l\u2019espace Jeunes de La Chevroli\u00e8re&hellip;\n","protected":false},"author":2,"featured_media":191021,"comment_status":"","ping_status":"","sticky":false,"template":"","format":"standard","meta":{"footnotes":""},"categories":[2818],"tags":[28015,1111,11,32895,1777,674,1011,27,4657,7127,766,12,9419,2636,6198,16,25,32896],"class_list":{"0":"post-191020","1":"post","2":"type-post","3":"status-publish","4":"format-standard","5":"has-post-thumbnail","7":"category-nantes","8":"tag-28015","9":"tag-actu","10":"tag-actualites","11":"tag-cumule","12":"tag-eu","13":"tag-europe","14":"tag-fr","15":"tag-france","16":"tag-millions","17":"tag-nantaise","18":"tag-nantes","19":"tag-news","20":"tag-originaire","21":"tag-pays-de-la-loire","22":"tag-rappeur","23":"tag-region","24":"tag-republique-francaise","25":"tag-vues"},"share_on_mastodon":{"url":"https:\/\/pubeurope.com\/@fr\/114715864999181637","error":""},"_links":{"self":[{"href":"https:\/\/www.europesays.com\/fr\/wp-json\/wp\/v2\/posts\/191020","targetHints":{"allow":["GET"]}}],"collection":[{"href":"https:\/\/www.europesays.com\/fr\/wp-json\/wp\/v2\/posts"}],"about":[{"href":"https:\/\/www.europesays.com\/fr\/wp-json\/wp\/v2\/types\/post"}],"author":[{"embeddable":true,"href":"https:\/\/www.europesays.com\/fr\/wp-json\/wp\/v2\/users\/2"}],"replies":[{"embeddable":true,"href":"https:\/\/www.europesays.com\/fr\/wp-json\/wp\/v2\/comments?post=191020"}],"version-history":[{"count":0,"href":"https:\/\/www.europesays.com\/fr\/wp-json\/wp\/v2\/posts\/191020\/revisions"}],"wp:featuredmedia":[{"embeddable":true,"href":"https:\/\/www.europesays.com\/fr\/wp-json\/wp\/v2\/media\/191021"}],"wp:attachment":[{"href":"https:\/\/www.europesays.com\/fr\/wp-json\/wp\/v2\/media?parent=191020"}],"wp:term":[{"taxonomy":"category","embeddable":true,"href":"https:\/\/www.europesays.com\/fr\/wp-json\/wp\/v2\/categories?post=191020"},{"taxonomy":"post_tag","embeddable":true,"href":"https:\/\/www.europesays.com\/fr\/wp-json\/wp\/v2\/tags?post=191020"}],"curies":[{"name":"wp","href":"https:\/\/api.w.org\/{rel}","templated":true}]}}