{"id":191022,"date":"2025-06-20T13:12:38","date_gmt":"2025-06-20T13:12:38","guid":{"rendered":"https:\/\/www.europesays.com\/fr\/191022\/"},"modified":"2025-06-20T13:12:38","modified_gmt":"2025-06-20T13:12:38","slug":"un-incendie-en-cours-dans-un-appartement-des-personnes-evacuees","status":"publish","type":"post","link":"https:\/\/www.europesays.com\/fr\/191022\/","title":{"rendered":"un incendie en cours dans un appartement, des personnes \u00e9vacu\u00e9es"},"content":{"rendered":"<p>            Par<br \/>\n        <strong><br \/>\n            <a href=\"https:\/\/actu.fr\/auteur\/thomas-bernard\" title=\"Consulter tous les articles de Thomas Bernard\" rel=\"nofollow noopener\" target=\"_blank\">Thomas Bernard<\/a><br \/>\n        <\/strong><\/p>\n<p>        Publi\u00e9 le<\/p>\n<p>            20 juin 2025 \u00e0 9h31        <\/p>\n<p>Depuis 7h, <strong>ce vendredi 20\u00a0juin 2025<\/strong>, les sapeurs-pompiers interviennent pour un feu d\u2019appartement au rez-de-chauss\u00e9e d\u2019un b\u00e2timent d\u2019habitation de deux \u00e9tages, rue Francis Leray au nord est de Nantes.<\/p>\n<p class=\" wall-content\">Selon le centre op\u00e9rationnel d\u00e9partemental d\u2019incendie et de secours (Codis), <strong>deux personnes sont sorties d\u2019elles-m\u00eames de l\u2019appartement avant l\u2019arriv\u00e9e des pompiers<\/strong>.<\/p>\n<p>    <a href=\"https:\/\/www.google.com\/maps\/embed?pb=!1m18!1m12!1m3!1d2124.1615206493466!2d-1.532333690761758!3d47.231146259530206!2m3!1f0!2f0!3f0!3m2!1i1024!2i768!4f13.1!3m3!1m2!1s0x4805eeef0e55b3a1%3A0x23f138725d89b145!2sRue%20Francis%20Leray%2C%2044000%20Nantes!5e1!3m2!1sfr!2sfr!4v1750403983195!5m2!1sfr!2sfr\" title=\"Ouvrie le lien\" rel=\"nofollow noopener\" target=\"_blank\">Cliquez ici pour visualiser le contenu<\/a><\/p>\n<p>Six personnes \u00e9vacu\u00e9es<\/p>\n<p class=\" wall-content\">Une trentaine de pompiers sont mobilis\u00e9s sur les lieux. Les secours ont d\u00e9j\u00e0 proc\u00e9d\u00e9 \u00e0 la <strong>mise en s\u00e9curit\u00e9 de six riverains par les \u00e9chelles \u00e0 coulisse<\/strong>. Plusieurs lances \u00e0 incendie sont <strong>encore en action ce matin pour \u00e9teindre le feu<\/strong>.<\/p>\n<p class=\" wall-content\">Selon le Codis, les reconnaissances se poursuivent dans les \u00e9tages sup\u00e9rieurs. La police, le SMUR, GRDF, Enedis et le centre de r\u00e9ception des appels institutionnels et organisation de la logistique(CRAIOL) sont mobilis\u00e9s sur place.<\/p>\n<p>Vid\u00e9os : en ce moment sur Actu<\/p>\n<p class=\" wall-content\">\u00c0 l\u2019heure actuelle, nous ignorons les raisons du sinistre.<\/p>\n<p class=\" wall-content\">Suivez toute l\u2019actualit\u00e9 de vos villes et m\u00e9dias favoris en vous inscrivant \u00e0 <a href=\"https:\/\/moncompte.actu.fr\" title=\"D\u00e9couvez Mon Actu\" rel=\"nofollow noopener\" data-trk=\"{&quot;cta&quot;:{&quot;action&quot;:&quot;https:\\\/\\\/moncompte.actu.fr&quot;,&quot;category&quot;:&quot;mon compte&quot;,&quot;from&quot;:&quot;article footer&quot;,&quot;name&quot;:&quot;Mon actu&quot;,&quot;type&quot;:&quot;cta&quot;}}\" target=\"_blank\">Mon Actu<\/a>.<\/p>\n","protected":false},"excerpt":{"rendered":"Par Thomas Bernard Publi\u00e9 le 20 juin 2025 \u00e0 9h31 Depuis 7h, ce vendredi 20\u00a0juin 2025, les sapeurs-pompiers&hellip;\n","protected":false},"author":2,"featured_media":191023,"comment_status":"","ping_status":"","sticky":false,"template":"","format":"standard","meta":{"footnotes":""},"categories":[2818],"tags":[1111,11,1777,674,118,1011,27,1310,766,12,2636,1311,25],"class_list":{"0":"post-191022","1":"post","2":"type-post","3":"status-publish","4":"format-standard","5":"has-post-thumbnail","7":"category-nantes","8":"tag-actu","9":"tag-actualites","10":"tag-eu","11":"tag-europe","12":"tag-faits-divers","13":"tag-fr","14":"tag-france","15":"tag-incendie","16":"tag-nantes","17":"tag-news","18":"tag-pays-de-la-loire","19":"tag-pompiers","20":"tag-republique-francaise"},"share_on_mastodon":{"url":"https:\/\/pubeurope.com\/@fr\/114715868815588581","error":""},"_links":{"self":[{"href":"https:\/\/www.europesays.com\/fr\/wp-json\/wp\/v2\/posts\/191022","targetHints":{"allow":["GET"]}}],"collection":[{"href":"https:\/\/www.europesays.com\/fr\/wp-json\/wp\/v2\/posts"}],"about":[{"href":"https:\/\/www.europesays.com\/fr\/wp-json\/wp\/v2\/types\/post"}],"author":[{"embeddable":true,"href":"https:\/\/www.europesays.com\/fr\/wp-json\/wp\/v2\/users\/2"}],"replies":[{"embeddable":true,"href":"https:\/\/www.europesays.com\/fr\/wp-json\/wp\/v2\/comments?post=191022"}],"version-history":[{"count":0,"href":"https:\/\/www.europesays.com\/fr\/wp-json\/wp\/v2\/posts\/191022\/revisions"}],"wp:featuredmedia":[{"embeddable":true,"href":"https:\/\/www.europesays.com\/fr\/wp-json\/wp\/v2\/media\/191023"}],"wp:attachment":[{"href":"https:\/\/www.europesays.com\/fr\/wp-json\/wp\/v2\/media?parent=191022"}],"wp:term":[{"taxonomy":"category","embeddable":true,"href":"https:\/\/www.europesays.com\/fr\/wp-json\/wp\/v2\/categories?post=191022"},{"taxonomy":"post_tag","embeddable":true,"href":"https:\/\/www.europesays.com\/fr\/wp-json\/wp\/v2\/tags?post=191022"}],"curies":[{"name":"wp","href":"https:\/\/api.w.org\/{rel}","templated":true}]}}