{"id":191034,"date":"2025-06-20T13:18:09","date_gmt":"2025-06-20T13:18:09","guid":{"rendered":"https:\/\/www.europesays.com\/fr\/191034\/"},"modified":"2025-06-20T13:18:09","modified_gmt":"2025-06-20T13:18:09","slug":"lille-un-livre-publie-sur-labbe-jean-marie-ovigneur-mort-au-combat","status":"publish","type":"post","link":"https:\/\/www.europesays.com\/fr\/191034\/","title":{"rendered":"Lille. Un livre publi\u00e9 sur l&rsquo;abb\u00e9 Jean-Marie Ovigneur, mort au combat"},"content":{"rendered":"<p>            Par<br \/>\n        <strong><br \/>\n            <a href=\"https:\/\/actu.fr\/auteur\/annesophie-2\" title=\"Consulter tous les articles de Anne-Sophie Hourdeaux\" rel=\"nofollow noopener\" target=\"_blank\">Anne-Sophie Hourdeaux<\/a><br \/>\n        <\/strong><\/p>\n<p>        Publi\u00e9 le<\/p>\n<p>            20 juin 2025 \u00e0 14h32        <\/p>\n<p>Il n\u2019avait que 27 ans :<b> le p\u00e8re Jean-Marie Ovigneur<\/b>, originaire du <a href=\"https:\/\/actu.fr\/hauts-de-france\/nord_59\" rel=\"nofollow noopener\" target=\"_blank\">Nord<\/a>,<b> <\/b>est mort sur le champ de bataille <b>en 1940 <\/b>\u00e0 Champien dans la Somme. <b>Il \u00e9tait\u2026 \u00e0 bord d\u2019un char<\/b> ! Son neveu, Thomas Ovigneur ne veut pas qu\u2019il tombe dans l\u2019oubli. Il a r\u00e9uni de nombreuses archives pour <b>raconter le parcours du p\u00e8re Ovigneur dans un livre.\u00a0<\/b><\/p>\n<p>\u00ab\u00a0Le devoir de faire le bien\u00a0\u00bb<\/p>\n<p class=\" wall-content\">Son petit-neveu veut lui rendre hommage, et vient de sortir un livre \u00ab Jean-Marie Ovigneur (1912-1940). Pr\u00eatre tomb\u00e9 dans son char \u00bb.<\/p>\n<p class=\" wall-content\">L\u2019existence ces pr\u00eatres aum\u00f4niers pendant les guerres est connue, mais moins que des pr\u00eatres aient \u00e9t\u00e9 soldats. \u00ab La devise de ma famille est : \u2018Ovinari ne committere lupus\u2019, \u2018Ovigneur, la brebis ne se m\u00eale pas au loup\u2019, ce qui signifie le devoir de faire le bien \u00bb.<\/p>\n<p>Nombreuses archives<\/p>\n<p class=\" wall-content\">Parmi les 158 archives qu\u2019il a recens\u00e9es, une est tr\u00e8s importante : son dernier sermon, juste avant de monter au front et de mourir. \u00ab Il a eu cette phrase pr\u00e9monitoire : \u2018Quand on n\u2019a pas tout donn\u00e9, on n\u2019a rien donn\u00e9\u2019\u2026\u00bb\u00a0<\/p>\n<p class=\" wall-content\">L\u2019ouvrage, d\u2019une vingtaine de pages, raconte la vie de l\u2019homme depuis sa naissance \u00e0 La Madeleine pr\u00e8s de Lille \u00e0 son engagement sur le front. De nombreuses archives y sont pr\u00e9sent\u00e9es. L\u2019auteur a fait de nombreuses recherches, disposant aussi de sources familiales fournies, notamment des lettres.<\/p>\n<p class=\" wall-content\">Ordonn\u00e9 en 1938 par le cardinal Li\u00e9nart, d\u2019abord enseignant les sciences naturelles au lyc\u00e9e Saint-Jude d\u2019Armenti\u00e8res. En 1940, il est \u00e0 bord du char R40\u00a0n\u00b051610 de la 25e BBC, Bataillon de Chars de Combat. Il est chef de section, commandant de blind\u00e9s.<\/p>\n<p>H\u00e9ritage familial<\/p>\n<p class=\" wall-content\">Comment expliquer ce sens militaire pour un pr\u00eatre ? Par l\u2019h\u00e9ritage familial ! \u00ab Il est le descendant de Charles Ovigneur, canonnier h\u00e9ro\u00efque du si\u00e8ge de Lille en 1792 ! \u00bb rappelle Thomas Ovigneur, dithyrambique sur l\u2019h\u00e9ro\u00efsme teint\u00e9 d\u2019humilit\u00e9 et de d\u00e9vouement gratuit de ses a\u00efeux.<\/p>\n<p class=\" wall-content\">Ce travail est publi\u00e9 sans but lucratif sur la plateforme Lulu.com.<\/p>\n<p class=\" wall-content\">La prochaine \u00e9tape serait-elle un film-documentaire ? C\u2019est en tout cas le r\u00eave de Thomas Ovigneur, \u00e9bloui par son histoire familiale.<\/p>\n<p>Prix public : 7,28 \u20ac. <a href=\"https:\/\/bit.ly\/3FmVnxV\" rel=\"nofollow noopener\" target=\"_blank\">Commande en ligne sur ce lien.<\/a><\/p>\n<p class=\" wall-content\">Suivez toute l\u2019actualit\u00e9 de vos villes et m\u00e9dias favoris en vous inscrivant \u00e0 <a href=\"https:\/\/moncompte.actu.fr\" title=\"D\u00e9couvez Mon Actu\" rel=\"nofollow noopener\" data-trk=\"{&quot;cta&quot;:{&quot;action&quot;:&quot;https:\\\/\\\/moncompte.actu.fr&quot;,&quot;category&quot;:&quot;mon compte&quot;,&quot;from&quot;:&quot;article footer&quot;,&quot;name&quot;:&quot;Mon actu&quot;,&quot;type&quot;:&quot;cta&quot;}}\" target=\"_blank\">Mon Actu<\/a>.<\/p>\n","protected":false},"excerpt":{"rendered":"Par Anne-Sophie Hourdeaux Publi\u00e9 le 20 juin 2025 \u00e0 14h32 Il n\u2019avait que 27 ans : le p\u00e8re&hellip;\n","protected":false},"author":2,"featured_media":191035,"comment_status":"","ping_status":"","sticky":false,"template":"","format":"standard","meta":{"footnotes":""},"categories":[2815],"tags":[1111,11,1777,674,1011,27,811,1307,12,4020,25,104],"class_list":{"0":"post-191034","1":"post","2":"type-post","3":"status-publish","4":"format-standard","5":"has-post-thumbnail","7":"category-lille","8":"tag-actu","9":"tag-actualites","10":"tag-eu","11":"tag-europe","12":"tag-fr","13":"tag-france","14":"tag-hauts-de-france","15":"tag-lille","16":"tag-news","17":"tag-religion","18":"tag-republique-francaise","19":"tag-societe"},"share_on_mastodon":{"url":"https:\/\/pubeurope.com\/@fr\/114715892357186107","error":""},"_links":{"self":[{"href":"https:\/\/www.europesays.com\/fr\/wp-json\/wp\/v2\/posts\/191034","targetHints":{"allow":["GET"]}}],"collection":[{"href":"https:\/\/www.europesays.com\/fr\/wp-json\/wp\/v2\/posts"}],"about":[{"href":"https:\/\/www.europesays.com\/fr\/wp-json\/wp\/v2\/types\/post"}],"author":[{"embeddable":true,"href":"https:\/\/www.europesays.com\/fr\/wp-json\/wp\/v2\/users\/2"}],"replies":[{"embeddable":true,"href":"https:\/\/www.europesays.com\/fr\/wp-json\/wp\/v2\/comments?post=191034"}],"version-history":[{"count":0,"href":"https:\/\/www.europesays.com\/fr\/wp-json\/wp\/v2\/posts\/191034\/revisions"}],"wp:featuredmedia":[{"embeddable":true,"href":"https:\/\/www.europesays.com\/fr\/wp-json\/wp\/v2\/media\/191035"}],"wp:attachment":[{"href":"https:\/\/www.europesays.com\/fr\/wp-json\/wp\/v2\/media?parent=191034"}],"wp:term":[{"taxonomy":"category","embeddable":true,"href":"https:\/\/www.europesays.com\/fr\/wp-json\/wp\/v2\/categories?post=191034"},{"taxonomy":"post_tag","embeddable":true,"href":"https:\/\/www.europesays.com\/fr\/wp-json\/wp\/v2\/tags?post=191034"}],"curies":[{"name":"wp","href":"https:\/\/api.w.org\/{rel}","templated":true}]}}