{"id":191036,"date":"2025-06-20T13:19:10","date_gmt":"2025-06-20T13:19:10","guid":{"rendered":"https:\/\/www.europesays.com\/fr\/191036\/"},"modified":"2025-06-20T13:19:10","modified_gmt":"2025-06-20T13:19:10","slug":"un-plongeur-entre-la-vie-et-la-mort-a-marseille-apres-un-saut-de-5-metres-aux-catalans","status":"publish","type":"post","link":"https:\/\/www.europesays.com\/fr\/191036\/","title":{"rendered":"Un plongeur entre la vie et la mort \u00e0 Marseille apr\u00e8s un saut de 5 m\u00e8tres aux Catalans"},"content":{"rendered":"<p>Depuis une dizaine d\u2019ann\u00e9es, malgr\u00e9 les avertissements r\u00e9currents des autorit\u00e9s et son interdiction formelle par arr\u00eat\u00e9 municipal,<a href=\"https:\/\/www.laprovence.com\/article\/societe\/6525175142396714\/marseille-malgre-le-danger-et-linterdiction-des-plongeons-sauvages-toujours-plus-en-vogue\" target=\"_blank\" rel=\"noopener\"> le ph\u00e9nom\u00e8ne des plongeons sauvages<\/a> s&rsquo;est renforc\u00e9 avec son lot de d\u00e9c\u00e8s et de blessures graves. Shoot\u00e9s \u00e0 l&rsquo;adr\u00e9naline et aux clics de leurs exploits film\u00e9s et diffus\u00e9s\u00a0 sur les r\u00e9seaux sociaux, des jeunes hommes, pour la plupart, pratiquent une discipline \u00e0 aux risques : des sauts dans le vide au niveau de la Corniche\u00a0 Kennedy (8e), en s&rsquo;\u00e9lan\u00e7ant parfois depuis des dizaines de m\u00e8tres de hauteur.\u00a0<\/p>\n<p>Selon nos informations, ce jeudi \u00e0 19 heures, c&rsquo;est du c\u00f4t\u00e9 de la plage des Catalans que le drame s&rsquo;est produit.<\/p>\n<p>Les circonstances restent \u00e0 pr\u00e9ciser<\/p>\n<p>En sautant de 5 m\u00e8tres depuis un rocher, dans des circonstances qui restent \u00e0 pr\u00e9ciser, qu&rsquo;un homme s&rsquo;est tr\u00e8s gri\u00e8vement bless\u00e9. Alert\u00e9s par les baigneurs, les secouristes ont pris en charge la victime, qui a \u00e9t\u00e9 hospitalis\u00e9e avec un pronostic vital engag\u00e9.\u00a0<\/p>\n<p>En juillet dernier, un trentenaire qui venait de plonger d&rsquo;une dizaine de m\u00e8tres, au niveau du pont de la Fausse-Monnaie, avait \u00e9t\u00e9 retrouv\u00e9 inconscient par les marins-pompiers puis transport\u00e9 aux urgences dans un \u00e9tat grave. En 2022, au m\u00eame endroit un quadrag\u00e9naire avait trouv\u00e9 la mort.\u00a0\u00a0<\/p>\n","protected":false},"excerpt":{"rendered":"Depuis une dizaine d\u2019ann\u00e9es, malgr\u00e9 les avertissements r\u00e9currents des autorit\u00e9s et son interdiction formelle par arr\u00eat\u00e9 municipal, le&hellip;\n","protected":false},"author":2,"featured_media":191037,"comment_status":"","ping_status":"","sticky":false,"template":"","format":"standard","meta":{"footnotes":""},"categories":[2814],"tags":[17,1111,11,150,2834,1777,674,274,1011,27,884,18,12,16992,882,25,26666,4717],"class_list":{"0":"post-191036","1":"post","2":"type-post","3":"status-publish","4":"format-standard","5":"has-post-thumbnail","7":"category-marseille","8":"tag-17","9":"tag-actu","10":"tag-actualites","11":"tag-apres","12":"tag-entre","13":"tag-eu","14":"tag-europe","15":"tag-faits-divers-justice","16":"tag-fr","17":"tag-france","18":"tag-marseille","19":"tag-mort","20":"tag-news","21":"tag-plongeur","22":"tag-provence-alpes-cote-dazur","23":"tag-republique-francaise","24":"tag-saut","25":"tag-vie"},"share_on_mastodon":{"url":"https:\/\/pubeurope.com\/@fr\/114715896365484876","error":""},"_links":{"self":[{"href":"https:\/\/www.europesays.com\/fr\/wp-json\/wp\/v2\/posts\/191036","targetHints":{"allow":["GET"]}}],"collection":[{"href":"https:\/\/www.europesays.com\/fr\/wp-json\/wp\/v2\/posts"}],"about":[{"href":"https:\/\/www.europesays.com\/fr\/wp-json\/wp\/v2\/types\/post"}],"author":[{"embeddable":true,"href":"https:\/\/www.europesays.com\/fr\/wp-json\/wp\/v2\/users\/2"}],"replies":[{"embeddable":true,"href":"https:\/\/www.europesays.com\/fr\/wp-json\/wp\/v2\/comments?post=191036"}],"version-history":[{"count":0,"href":"https:\/\/www.europesays.com\/fr\/wp-json\/wp\/v2\/posts\/191036\/revisions"}],"wp:featuredmedia":[{"embeddable":true,"href":"https:\/\/www.europesays.com\/fr\/wp-json\/wp\/v2\/media\/191037"}],"wp:attachment":[{"href":"https:\/\/www.europesays.com\/fr\/wp-json\/wp\/v2\/media?parent=191036"}],"wp:term":[{"taxonomy":"category","embeddable":true,"href":"https:\/\/www.europesays.com\/fr\/wp-json\/wp\/v2\/categories?post=191036"},{"taxonomy":"post_tag","embeddable":true,"href":"https:\/\/www.europesays.com\/fr\/wp-json\/wp\/v2\/tags?post=191036"}],"curies":[{"name":"wp","href":"https:\/\/api.w.org\/{rel}","templated":true}]}}