{"id":191044,"date":"2025-06-20T13:23:08","date_gmt":"2025-06-20T13:23:08","guid":{"rendered":"https:\/\/www.europesays.com\/fr\/191044\/"},"modified":"2025-06-20T13:23:08","modified_gmt":"2025-06-20T13:23:08","slug":"meteo-jusqua-39c-en-france-jusquou-les-temperatures-vont-elles-senvoler-a-paris-et-en-ile-de-france","status":"publish","type":"post","link":"https:\/\/www.europesays.com\/fr\/191044\/","title":{"rendered":"M\u00e9t\u00e9o. Jusqu&rsquo;\u00e0 39\u00b0C en France, jusqu&rsquo;o\u00f9 les temp\u00e9ratures vont-elles s&rsquo;envoler \u00e0 Paris et en \u00cele-de-France\u00a0?"},"content":{"rendered":"<p>            Par<br \/>\n        <strong><br \/>\n            <a href=\"https:\/\/actu.fr\/auteur\/redaction-paris\" title=\"Consulter tous les articles de R\u00e9daction Paris\" rel=\"nofollow noopener\" target=\"_blank\">R\u00e9daction Paris<\/a><br \/>\n        <\/strong><\/p>\n<p>        Publi\u00e9 le<\/p>\n<p>            20 juin 2025 \u00e0 14h47        <\/p>\n<p>Pour le passage officiel du printemps \u00e0 l\u2019\u00e9t\u00e9, la transition n\u2019est pas tr\u00e8s subtile\u2009: la <a href=\"https:\/\/actu.fr\/paris\/meteo\" rel=\"nofollow noopener\" target=\"_blank\">m\u00e9t\u00e9o<\/a> sera \u00e0 la canicule. Samedi 21\u00a0juin 2025, 16 d\u00e9partements seront en vigilance orange en raison des temp\u00e9ratures qui seront situ\u00e9es entre <strong>36\u00b0C<\/strong> et<strong> 38\u00b0C<\/strong> dans l\u2019ouest et le sud ouest de la France. Qu\u2019en sera-t-il \u00e0 Paris et en \u00cele-de-France\u2009?<\/p>\n<p>De la chaleur tout le week-end<\/p>\n<p class=\" wall-content\">D\u2019apr\u00e8s les pr\u00e9visions de <a href=\"https:\/\/actu.fr\/tag\/meteo-france\" rel=\"nofollow noopener\" target=\"_blank\">M\u00e9t\u00e9o France<\/a>, le mercure ne montera pas suffisamment dans la capitale pour d\u00e9clencher la vigilance orange qui sera donc <strong>jaune.<\/strong> Ce vendredi 20\u00a0juin 2025, il fait 31\u00b0C au plus chaud et 23\u00b0C au plus frais.<\/p>\n<p class=\" wall-content\">Demain, samedi 21\u00a0juin 2025, journ\u00e9e la plus chaude de la semaine, les temp\u00e9ratures oscilleront entre <strong>34\u00b0C<\/strong> et <strong>23\u00b0C<\/strong>. Un temps id\u00e9al pour profiter de la programmation de la <a href=\"https:\/\/actu.fr\/tag\/fete-de-la-musique\" rel=\"nofollow noopener\" target=\"_blank\">f\u00eate de la musique<\/a>.<\/p>\n<p class=\" wall-content\">Dimanche 22\u00a0juin 2025, le temps sera toujours chaud avec <strong>32\u00b0C<\/strong> au maximum et <strong>24\u00b0C<\/strong> au plus bas. Le ciel sera nuageux avec \u00ab\u2009quelques belles \u00e9claircies\u2009\u00bb, pr\u00e9cise M\u00e9t\u00e9o France.\u00a0Ce n\u2019est que lundi 23\u00a0juin 2025 que la chaleur va retomber. Il fera entre 26\u00b0C et 20\u00b0C.<\/p>\n<p class=\" wall-content\">Suivez toute l\u2019actualit\u00e9 de vos villes et m\u00e9dias favoris en vous inscrivant \u00e0 <a href=\"https:\/\/moncompte.actu.fr\" title=\"D\u00e9couvez Mon Actu\" rel=\"nofollow noopener\" data-trk=\"{&quot;cta&quot;:{&quot;action&quot;:&quot;https:\\\/\\\/moncompte.actu.fr&quot;,&quot;category&quot;:&quot;mon compte&quot;,&quot;from&quot;:&quot;article footer&quot;,&quot;name&quot;:&quot;Mon actu&quot;,&quot;type&quot;:&quot;cta&quot;}}\" target=\"_blank\">Mon Actu<\/a>.<\/p>\n","protected":false},"excerpt":{"rendered":"Par R\u00e9daction Paris Publi\u00e9 le 20 juin 2025 \u00e0 14h47 Pour le passage officiel du printemps \u00e0 l\u2019\u00e9t\u00e9,&hellip;\n","protected":false},"author":2,"featured_media":191045,"comment_status":"","ping_status":"","sticky":false,"template":"","format":"standard","meta":{"footnotes":""},"categories":[1592],"tags":[1111,11,6698,1777,674,1011,27,662,2487,2357,12,626,25],"class_list":{"0":"post-191044","1":"post","2":"type-post","3":"status-publish","4":"format-standard","5":"has-post-thumbnail","7":"category-ile-de-france","8":"tag-actu","9":"tag-actualites","10":"tag-canicule","11":"tag-eu","12":"tag-europe","13":"tag-fr","14":"tag-france","15":"tag-ile-de-france","16":"tag-meteo","17":"tag-meteo-france","18":"tag-news","19":"tag-paris","20":"tag-republique-francaise"},"share_on_mastodon":{"url":"https:\/\/pubeurope.com\/@fr\/114715912271014883","error":""},"_links":{"self":[{"href":"https:\/\/www.europesays.com\/fr\/wp-json\/wp\/v2\/posts\/191044","targetHints":{"allow":["GET"]}}],"collection":[{"href":"https:\/\/www.europesays.com\/fr\/wp-json\/wp\/v2\/posts"}],"about":[{"href":"https:\/\/www.europesays.com\/fr\/wp-json\/wp\/v2\/types\/post"}],"author":[{"embeddable":true,"href":"https:\/\/www.europesays.com\/fr\/wp-json\/wp\/v2\/users\/2"}],"replies":[{"embeddable":true,"href":"https:\/\/www.europesays.com\/fr\/wp-json\/wp\/v2\/comments?post=191044"}],"version-history":[{"count":0,"href":"https:\/\/www.europesays.com\/fr\/wp-json\/wp\/v2\/posts\/191044\/revisions"}],"wp:featuredmedia":[{"embeddable":true,"href":"https:\/\/www.europesays.com\/fr\/wp-json\/wp\/v2\/media\/191045"}],"wp:attachment":[{"href":"https:\/\/www.europesays.com\/fr\/wp-json\/wp\/v2\/media?parent=191044"}],"wp:term":[{"taxonomy":"category","embeddable":true,"href":"https:\/\/www.europesays.com\/fr\/wp-json\/wp\/v2\/categories?post=191044"},{"taxonomy":"post_tag","embeddable":true,"href":"https:\/\/www.europesays.com\/fr\/wp-json\/wp\/v2\/tags?post=191044"}],"curies":[{"name":"wp","href":"https:\/\/api.w.org\/{rel}","templated":true}]}}