{"id":191048,"date":"2025-06-20T13:25:11","date_gmt":"2025-06-20T13:25:11","guid":{"rendered":"https:\/\/www.europesays.com\/fr\/191048\/"},"modified":"2025-06-20T13:25:11","modified_gmt":"2025-06-20T13:25:11","slug":"deux-femmes-entre-la-vie-et-la-mort-apres-une-attaque-a-la-hache-sur-le-parvis-du-rer-e","status":"publish","type":"post","link":"https:\/\/www.europesays.com\/fr\/191048\/","title":{"rendered":"deux femmes entre la vie et la mort apr\u00e8s une attaque \u00e0 la hache sur le parvis du RER E"},"content":{"rendered":"<p>            Par<br \/>\n        <strong><br \/>\n            <a href=\"https:\/\/actu.fr\/auteur\/sarah-coulet\" title=\"Consulter tous les articles de Sarah Coulet\" target=\"_blank\" rel=\"noopener\">Sarah Coulet<\/a><br \/>\n        <\/strong><\/p>\n<p>        Publi\u00e9 le<\/p>\n<p>            20 juin 2025 \u00e0 12h13        <\/p>\n<p>C\u2019est une sc\u00e8ne d\u2019horreur et de violence qui s\u2019est jou\u00e9e sur le parvis de la gare de Gagny, ce vendredi 20 juin 2025. Aux alentours de 7 heures, deux femmes ont \u00e9t\u00e9 <strong>gri\u00e8vement bless\u00e9es \u00e0 coups de hache<\/strong>, a appris\u00a0actu Paris\u00a0aupr\u00e8s du <a href=\"https:\/\/actu.fr\/tag\/tribunal-de-bobigny\" target=\"_blank\" rel=\"noopener\">parquet de Bobigny<\/a>.<\/p>\n<p>Les deux victimes se connaissaient<\/p>\n<p class=\" wall-content\">D\u2019apr\u00e8s les informations communiqu\u00e9es par le minist\u00e8re public, les deux victimes seraient \u00e2g\u00e9es de 55\u00a0ans et d\u2019une vingtaine d\u2019ann\u00e9es. Alors qu\u2019elles se trouvaient devant la gare, <strong>l\u2019ex-conjoint<\/strong> de la quinquag\u00e9naire les aurait agress\u00e9es \u00e0 coups de hache.<\/p>\n<p class=\" wall-content\">Gri\u00e8vement bless\u00e9es, elles ont \u00e9t\u00e9 prises en charge par les secours et conduites dans deux h\u00f4pitaux diff\u00e9rents sous escorte polici\u00e8re, mais leur <strong>pronostic vital<\/strong> est engag\u00e9. L\u2019homme a \u00e9t\u00e9 interpell\u00e9 par les forces de l\u2019ordre avant de pouvoir quitter les lieux. Une enqu\u00eate pour tentative d\u2019homicide volontaire a \u00e9t\u00e9 ouverte et confi\u00e9e au commissariat de Gagny.<\/p>\n<p class=\" wall-content\">Contact\u00e9 par\u00a0actu Paris, le maire de la ville, <a href=\"https:\/\/actu.fr\/ile-de-france\/gagny_93032\/seine-saint-denis-rolin-cranoly-elu-maire-gagny_26334972.html\" target=\"_blank\" rel=\"noopener\">Rolin Cranoly<\/a>, qui s\u2019est rendu sur place, \u00e9voque une sc\u00e8ne particuli\u00e8rement choquante. Les deux victimes ne seraient <strong>pas \u00e9trang\u00e8res l\u2019une \u00e0 l\u2019autre<\/strong> puisqu\u2019elles seraient arriv\u00e9es ensemble, \u00ab\u2009en se tenant la main\u2009\u00bb, pr\u00e9cise l\u2019\u00e9dile.<\/p>\n<p class=\" wall-content\">Suivez toute l\u2019actualit\u00e9 de vos villes et m\u00e9dias favoris en vous inscrivant \u00e0 <a href=\"https:\/\/moncompte.actu.fr\" title=\"D\u00e9couvez Mon Actu\" rel=\"nofollow noopener\" data-trk=\"{&quot;cta&quot;:{&quot;action&quot;:&quot;https:\\\/\\\/moncompte.actu.fr&quot;,&quot;category&quot;:&quot;mon compte&quot;,&quot;from&quot;:&quot;article footer&quot;,&quot;name&quot;:&quot;Mon actu&quot;,&quot;type&quot;:&quot;cta&quot;}}\" target=\"_blank\">Mon Actu<\/a>.<\/p>\n","protected":false},"excerpt":{"rendered":"Par Sarah Coulet Publi\u00e9 le 20 juin 2025 \u00e0 12h13 C\u2019est une sc\u00e8ne d\u2019horreur et de violence qui&hellip;\n","protected":false},"author":2,"featured_media":100773,"comment_status":"","ping_status":"","sticky":false,"template":"","format":"standard","meta":{"footnotes":""},"categories":[1888],"tags":[1111,1928,11,1927,1777,674,118,1011,27,12,1926,626,1925,25,3158],"class_list":{"0":"post-191048","1":"post","2":"type-post","3":"status-publish","4":"format-standard","5":"has-post-thumbnail","7":"category-paris","8":"tag-actu","9":"tag-actu-paris","10":"tag-actualites","11":"tag-actualites-paris","12":"tag-eu","13":"tag-europe","14":"tag-faits-divers","15":"tag-fr","16":"tag-france","17":"tag-news","18":"tag-news-paris","19":"tag-paris","20":"tag-paris-news","21":"tag-republique-francaise","22":"tag-tribunal-de-bobigny"},"share_on_mastodon":{"url":"https:\/\/pubeurope.com\/@fr\/114715919826373340","error":""},"_links":{"self":[{"href":"https:\/\/www.europesays.com\/fr\/wp-json\/wp\/v2\/posts\/191048","targetHints":{"allow":["GET"]}}],"collection":[{"href":"https:\/\/www.europesays.com\/fr\/wp-json\/wp\/v2\/posts"}],"about":[{"href":"https:\/\/www.europesays.com\/fr\/wp-json\/wp\/v2\/types\/post"}],"author":[{"embeddable":true,"href":"https:\/\/www.europesays.com\/fr\/wp-json\/wp\/v2\/users\/2"}],"replies":[{"embeddable":true,"href":"https:\/\/www.europesays.com\/fr\/wp-json\/wp\/v2\/comments?post=191048"}],"version-history":[{"count":0,"href":"https:\/\/www.europesays.com\/fr\/wp-json\/wp\/v2\/posts\/191048\/revisions"}],"wp:featuredmedia":[{"embeddable":true,"href":"https:\/\/www.europesays.com\/fr\/wp-json\/wp\/v2\/media\/100773"}],"wp:attachment":[{"href":"https:\/\/www.europesays.com\/fr\/wp-json\/wp\/v2\/media?parent=191048"}],"wp:term":[{"taxonomy":"category","embeddable":true,"href":"https:\/\/www.europesays.com\/fr\/wp-json\/wp\/v2\/categories?post=191048"},{"taxonomy":"post_tag","embeddable":true,"href":"https:\/\/www.europesays.com\/fr\/wp-json\/wp\/v2\/tags?post=191048"}],"curies":[{"name":"wp","href":"https:\/\/api.w.org\/{rel}","templated":true}]}}