{"id":191056,"date":"2025-06-20T13:33:11","date_gmt":"2025-06-20T13:33:11","guid":{"rendered":"https:\/\/www.europesays.com\/fr\/191056\/"},"modified":"2025-06-20T13:33:11","modified_gmt":"2025-06-20T13:33:11","slug":"les-journalistes-ukrainiens-craignent-que-cela-ne-facilite-la-desinformation-russe","status":"publish","type":"post","link":"https:\/\/www.europesays.com\/fr\/191056\/","title":{"rendered":"les journalistes ukrainiens craignent que cela ne facilite la d\u00e9sinformation russe"},"content":{"rendered":"<p>Laryssa Hnatchenko est \u00e0 la t\u00eate de Slobidskyi Kray, le plus ancien journal de la r\u00e9gion de Kharkiv, depuis plus de 14 ans.<\/p>\n<p>Cependant, suite \u00e0 la d\u00e9cision de l&rsquo;administration Trump de r\u00e9duire de 90 % les subventions de l&rsquo;USAID en janvier, elle fait quelque chose qu&rsquo;elle ne s&rsquo;attendait pas \u00e0 devoir faire, juste pour continuer \u00e0 travailler.<\/p>\n<p>Mme Hnatchenko a puis\u00e9 dans ses \u00e9conomies personnelles pour assurer la survie de la publication du journal, utilisant son argent pour payer les salaires, le loyer des bureaux et les d\u00e9penses de carburant.<\/p>\n<p>\u00ab\u00a0Pour couronner le tout, on nous devait d\u00e9j\u00e0 deux mois d&rsquo;argent lorsqu&rsquo;ils ont interrompu le financement\u00a0\u00bb, a-t-elle d\u00e9clar\u00e9 \u00e0 <strong>Euronews<\/strong>.<\/p>\n<p>M\u00eame si la plupart des membres de l&rsquo;\u00e9quipe du Slobidskyi Kray ont quitt\u00e9 Kharkiv en f\u00e9vrier 2022 \u00e0 la suite de l&rsquo;invasion totale de la Russie, ils sont revenus apr\u00e8s la lib\u00e9ration de la ville, d\u00e9termin\u00e9s \u00e0 poursuivre leurs reportages.<\/p>\n<p>Gratuitement, l&rsquo;\u00e9quipe a commenc\u00e9 \u00e0 organiser la distribution de 3 000 journaux chaque semaine dans des centres humanitaires situ\u00e9s dans 20 communaut\u00e9s de la r\u00e9gion de Kharkiv.<\/p>\n<p>\u00ab\u00a0L&rsquo;objectif de la distribution des journaux n&rsquo;\u00e9tait pas de g\u00e9n\u00e9rer un profit, mais de s&rsquo;assurer que les personnes vivant dans les territoires occup\u00e9s et dans les r\u00e9gions de la ligne de front re\u00e7oivent les nouvelles\u00a0\u00bb, a d\u00e9clar\u00e9 Mme Hnatchenko.<\/p>\n<p>\u00ab\u00a0Il est impossible d&rsquo;offrir un service d&rsquo;abonnement dans ces r\u00e9gions, car les gens ne savent pas o\u00f9 ils seront d&rsquo;un jour \u00e0 l&rsquo;autre en raison des bombardements constants.\u00a0\u00bb<\/p>\n<p>\u00ab\u00a0De nombreuses grands-m\u00e8res se rendaient \u00e0 pied aux centres humanitaires, car elles \u00e9taient d\u00e9termin\u00e9es \u00e0 obtenir le journal\u00a0\u00bb, ajoute-elle.<\/p>\n<p>Ces activit\u00e9s ont depuis \u00e9t\u00e9 interrompues en raison d&rsquo;un manque de fonds. Les subventions am\u00e9ricaines repr\u00e9sentaient auparavant 50 % du financement du Slobidskyi Kray, tandis que neuf des dix m\u00e9dias ukrainiens locaux d\u00e9pendaient \u00e9galement fortement de l&rsquo;USAID.<\/p>\n<p>Mme Hnatchenko craint que les coupes budg\u00e9taires de l&rsquo;USAID ne fassent le jeu du Kremlin, laissant de nombreuses personnes vuln\u00e9rables, expos\u00e9es \u00e0 la d\u00e9sinformation russe, sans autres sources d&rsquo;information.<\/p>\n<p>\u00ab\u00a0C&rsquo;est un vrai probl\u00e8me, nous n&rsquo;avons plus les moyens de livrer nos journaux dans les zones qui n&rsquo;ont plus d&rsquo;\u00e9lectricit\u00e9 ou d&rsquo;acc\u00e8s aux informations ukrainiennes. De nombreux territoires occup\u00e9s et situ\u00e9s sur la ligne de front n&rsquo;ont non plus pas de signal ukrainien, mais un signal russe, ce qui est un pi\u00e8ge\u00a0\u00bb.<\/p>\n<p>Ouvrir la voie \u00e0 la d\u00e9sinformation russe<\/p>\n<p>Si le march\u00e9 des m\u00e9dias ukrainiens s&rsquo;est av\u00e9r\u00e9 r\u00e9sistant, un rapport r\u00e9alis\u00e9 par l&rsquo;organisation de surveillance des m\u00e9dias Reporters sans fronti\u00e8res (RSF) avant la suppression du financement de l&rsquo;USAID a r\u00e9v\u00e9l\u00e9 que <strong>les m\u00e9dias ukrainiens auraient besoin de 96 millions de dollars (86,3 millions d&rsquo;euros) sur une p\u00e9riode de trois ans pour couvrir leurs co\u00fbts.<\/strong><\/p>\n<p>\u00ab\u00a0Il n&rsquo;y a pas de chiffres actuels sur le nombre de m\u00e9dias ukrainiens qui ont d\u00fb fermer depuis la fin de l&rsquo;USAID, mais nous savons que plus de 330 m\u00e9dias ont d\u00fb fermer depuis que la Russie a lanc\u00e9 son invasion \u00e0 grande \u00e9chelle sur l&rsquo;Ukraine\u00a0\u00bb, a d\u00e9clar\u00e9 Pauline Maufrais, responsable de la zone Ukraine pour RSF, \u00e0 <strong>Euronews<\/strong>.<\/p>\n<p>\u00ab\u00a0Les m\u00e9dias de propagande russes se sont r\u00e9jouis de la fin de l&rsquo;USAID parce que cela affaiblit la couverture des m\u00e9dias ukrainiens, en particulier dans les zones proches du front \u00ab\u00a0, estime Mme Maufrais.<\/p>\n<p>En janvier, RSF a publi\u00e9 une enqu\u00eate sur l&rsquo;agence International Reporters, qui publie la propagande de Moscou et envoie ses collaborateurs, comme Christelle N\u00e9ant, citoyenne fran\u00e7aise naturalis\u00e9e russe, pour interviewer la population locale dans l&rsquo;est de l&rsquo;Ukraine occup\u00e9e, notamment \u00e0 Avdiivka et Marioupol.<\/p>\n<p>L&rsquo;agence International Reporters n&rsquo;est qu&rsquo;un des nombreux r\u00e9seaux de propagande financ\u00e9s par le Kremlin, qui utilisent des propagandistes \u00e9trangers pour justifier l&rsquo;invasion de l&rsquo;Ukraine par la Russie \u00e0 l&rsquo;\u00e9chelle internationale.<\/p>\n<p>\u00ab\u00a0S&rsquo;il y a moins de journalistes dans les m\u00e9dias ukrainiens parce qu&rsquo;il n&rsquo;y a pas assez de ressources financi\u00e8res pour les rembourser, cela signifie que moins de sujets seront couverts\u00a0\u00bb, a d\u00e9clar\u00e9 Mme Maufrais.<\/p>\n<p>\u00ab\u00a0Depuis les coupes budg\u00e9taires de l&rsquo;USAID, les m\u00e9dias embauchent moins de pigistes, et des employ\u00e9s ont perdu leur emploi, mais cela signifie \u00e9galement que la couverture de l&rsquo;Ukraine sur le terrain est moins importante\u00a0\u00bb.<\/p>\n<p>\u00ab\u00a0Certains m\u00e9dias ne disposent plus que de quelques semaines de financement, tandis que d&rsquo;autres ont d\u00e9clar\u00e9 qu&rsquo;ils pourraient survivre en ligne jusqu&rsquo;en juin\u00a0\u00bb, ajoute-elle.<\/p>\n<p><strong>Documentaires \u00e0 l&rsquo;arr\u00eat<\/strong><\/p>\n<p>Vgoru Media, bas\u00e9 \u00e0 Kherson, une ville sur les lignes de front de la guerre qui a \u00e9t\u00e9 occup\u00e9e par la Russie pendant neuf mois, comptait auparavant sur l&rsquo;USAID pour financer 80 % de ses projets.<\/p>\n<p>\u00ab\u00a0Nous avons d\u00fb interrompre de grands projets, comme notre documentaire racontant l&rsquo;histoire de femmes kidnapp\u00e9es et tortur\u00e9es par la Russie, car tout le financement provenait de l&rsquo;USAID \u00ab\u00a0, a d\u00e9clar\u00e9 \u00e0 <strong>Euronews<\/strong> Oustyn Dantchouk, responsable du journalisme vid\u00e9o chez Gwara Media.<\/p>\n<p>\u00ab\u00a0Nous avions d\u00e9j\u00e0 r\u00e9alis\u00e9 60 % du film lorsque les coupes ont \u00e9t\u00e9 appliqu\u00e9es, mais nous n&rsquo;avions m\u00eame pas \u00e9t\u00e9 pay\u00e9s pour ce travail \u00ab\u00a0, a-t-il expliqu\u00e9.<\/p>\n<p><img decoding=\"async\" class=\"caas-img caas-lazy has-preview\" alt=\"Oustyn Dantchouk\" src=\"https:\/\/www.europesays.com\/fr\/wp-content\/uploads\/2025\/06\/da9aa41b11789fbea2a91bf250d8c701.jpeg\"\/><\/p>\n<p> Oustyn Dantchouk   &#8211; Ustyn Danchuk <\/p>\n<p>De nombreux journalistes de Vgoru ont quitt\u00e9 Kherson lorsque la ville \u00e9tait sous occupation russe, craignant d&rsquo;\u00eatre captur\u00e9s et tortur\u00e9s. Depuis leur retour, ils doivent vivre avec la menace quotidienne des missiles et une peur constante.<\/p>\n<p>Pour M. Dantchouk, il est essentiel d&rsquo;informer la population locale et de veiller \u00e0 ce qu&rsquo;elle ne se laisse pas influencer par la d\u00e9sinformation russe.<\/p>\n<p>\u00ab\u00a0Je produis un format vid\u00e9o dans lequel je me prom\u00e8ne dans les rues de Kherson et pose des questions aux gens. Ce que j&rsquo;ai constat\u00e9, c&rsquo;est que les jeunes et les personnes d&rsquo;\u00e2ge moyen veulent que l&rsquo;Ukraine obtienne justice si la guerre doit prendre fin, ils ne veulent pas que des zones enti\u00e8res du pays soient c\u00e9d\u00e9es en \u00e9change de la paix\u00a0\u00bb, explique-t-il.<\/p>\n<p>\u00ab\u00a0Mais cela pourrait ne pas suffire, et l&rsquo;influence du Kremlin se fait toujours sentir parmi les habitants\u00a0\u00bb, a d\u00e9clar\u00e9 M. Dantchouk. Son m\u00e9dia a \u00e9galement \u00e9t\u00e9 contraint de supprimer un projet vid\u00e9o portant sur la v\u00e9rification des faits qui s&rsquo;attaquait aux mythes historiques russes, l&rsquo;un des principaux instruments de l&rsquo;arsenal de propagande de Moscou.<\/p>\n<p>\u00ab\u00a0Je constate que beaucoup de personnes \u00e2g\u00e9es se laissent s\u00e9duire par le discours russe, beaucoup croient que nous devons faire la paix avec les Russes, que tous les conflits doivent cesser et qu&rsquo;on doit redevenir amis.\u00a0\u00bb<\/p>\n<p>\u00ab\u00a0Nous continuons \u00e0 essayer de lutter contre la d\u00e9sinformation par le biais de nos articles, mais nous pouvons faire beaucoup moins sans l&rsquo;USAID\u00a0\u00bb, conclut M. Dantchouk.<\/p>\n","protected":false},"excerpt":{"rendered":"Laryssa Hnatchenko est \u00e0 la t\u00eate de Slobidskyi Kray, le plus ancien journal de la r\u00e9gion de Kharkiv,&hellip;\n","protected":false},"author":2,"featured_media":191057,"comment_status":"","ping_status":"","sticky":false,"template":"","format":"standard","meta":{"footnotes":""},"categories":[1590],"tags":[11,1777,674,2794,12,220],"class_list":{"0":"post-191056","1":"post","2":"type-post","3":"status-publish","4":"format-standard","5":"has-post-thumbnail","7":"category-ukraine","8":"tag-actualites","9":"tag-eu","10":"tag-europe","11":"tag-la-region","12":"tag-news","13":"tag-ukraine"},"share_on_mastodon":{"url":"https:\/\/pubeurope.com\/@fr\/114715951518663869","error":""},"_links":{"self":[{"href":"https:\/\/www.europesays.com\/fr\/wp-json\/wp\/v2\/posts\/191056","targetHints":{"allow":["GET"]}}],"collection":[{"href":"https:\/\/www.europesays.com\/fr\/wp-json\/wp\/v2\/posts"}],"about":[{"href":"https:\/\/www.europesays.com\/fr\/wp-json\/wp\/v2\/types\/post"}],"author":[{"embeddable":true,"href":"https:\/\/www.europesays.com\/fr\/wp-json\/wp\/v2\/users\/2"}],"replies":[{"embeddable":true,"href":"https:\/\/www.europesays.com\/fr\/wp-json\/wp\/v2\/comments?post=191056"}],"version-history":[{"count":0,"href":"https:\/\/www.europesays.com\/fr\/wp-json\/wp\/v2\/posts\/191056\/revisions"}],"wp:featuredmedia":[{"embeddable":true,"href":"https:\/\/www.europesays.com\/fr\/wp-json\/wp\/v2\/media\/191057"}],"wp:attachment":[{"href":"https:\/\/www.europesays.com\/fr\/wp-json\/wp\/v2\/media?parent=191056"}],"wp:term":[{"taxonomy":"category","embeddable":true,"href":"https:\/\/www.europesays.com\/fr\/wp-json\/wp\/v2\/categories?post=191056"},{"taxonomy":"post_tag","embeddable":true,"href":"https:\/\/www.europesays.com\/fr\/wp-json\/wp\/v2\/tags?post=191056"}],"curies":[{"name":"wp","href":"https:\/\/api.w.org\/{rel}","templated":true}]}}