{"id":191068,"date":"2025-06-20T13:39:11","date_gmt":"2025-06-20T13:39:11","guid":{"rendered":"https:\/\/www.europesays.com\/fr\/191068\/"},"modified":"2025-06-20T13:39:11","modified_gmt":"2025-06-20T13:39:11","slug":"radio-france-et-france-tv-appellent-a-une-greve-illimitee-pour-faire-plier-le-gouvernement","status":"publish","type":"post","link":"https:\/\/www.europesays.com\/fr\/191068\/","title":{"rendered":"Radio France et France TV appellent \u00e0 une gr\u00e8ve illimit\u00e9e pour \u00ab\u00a0faire plier le gouvernement\u00a0\u00bb"},"content":{"rendered":"<p>        <img decoding=\"async\" loading=\"lazy\" src=\"https:\/\/www.europesays.com\/fr\/wp-content\/uploads\/2025\/06\/b3b489c_upload-1-l86builypdpr-000-37289h6.jpg\"  width=\"728\" height=\"409\" alt=\"France T\u00e9l\u00e9visions appelle \u00e0 la gr\u00e8ve contre le projet de r\u00e9forme de l\u2019audiovisuel public. (Photo d\u2019illustration)\"\/>  <\/p>\n<p>LUDOVIC MARIN \/ AFP<\/p>\n<p>France T\u00e9l\u00e9visions appelle \u00e0 la gr\u00e8ve contre le projet de r\u00e9forme de l\u2019audiovisuel public. (Photo d\u2019illustration)<\/p>\n<p class=\"asset asset-text\">M\u00c9DIAS &#8211; France TV ne va pas rester les bras crois\u00e9s. Les syndicats du <a href=\"https:\/\/www.huffingtonpost.fr\/medias\/article\/delphine-ernotte-reconduite-a-la-tete-de-france-televisions-pour-cinq-ans_250028.html\" target=\"_blank\" rel=\"noopener\">groupe<\/a>\u00a0appellent \u00e0 une gr\u00e8ve illimit\u00e9e \u00e0 partir du 30\u00a0juin pour protester contre <a href=\"https:\/\/www.huffingtonpost.fr\/medias\/article\/reforme-de-l-audiovisuel-public-ce-qui-peut-changer-avec-la-fusion-de-radio-france-et-france-televisions_234272.html\" target=\"_blank\" rel=\"noopener\">le projet gouvernemental de rapprochement<\/a> des entreprises de l\u2019audiovisuel public, examin\u00e9 \u00e0 <a href=\"https:\/\/www.huffingtonpost.fr\/politique\/video\/motion-de-rejet-et-vote-contre-intuitif-les-nouvelles-armes-des-macronistes-pour-la-guerilla-parlementaire_251522.html\" target=\"_blank\" rel=\"noopener\">l\u2019Assembl\u00e9e<\/a> \u00e0 partir de ce jour-l\u00e0, ont-ils annonc\u00e9, ce vendredi 20\u00a0juin.<\/p>\n<p class=\"asset asset-text\">\u00ab\u00a0Ce projet de r\u00e9forme de la gouvernance de l\u2019audiovisuel public et les baisses budg\u00e9taires associ\u00e9es qui ont d\u00e9j\u00e0 d\u00e9marr\u00e9 auront de graves cons\u00e9quences s\u2019il est adopt\u00e9\u00a0\u00bb, ont estim\u00e9 dans un communiqu\u00e9 les syndicats CGT, CFDT, FO, SNJ et SUD de\u00a0France\u00a0T\u00e9l\u00e9visions. Ils esp\u00e8rent \u00ab\u00a0faire plier le gouvernement\u00a0\u00bb avec cette gr\u00e8ve. \u00c0 Radio\u00a0France, les syndicats avaient d\u00e9j\u00e0 appel\u00e9 \u00e0 une gr\u00e8ve illimit\u00e9e \u00e0 partir du 26\u00a0juin.<\/p>\n<p class=\"asset asset-text\">Mis entre parenth\u00e8ses par la dissolution de l\u2019Assembl\u00e9e nationale \u00e0 l\u2019\u00e9t\u00e9 2024 puis plusieurs fois retard\u00e9, le projet de r\u00e9forme de l\u2019audiovisuel public sera examin\u00e9 dans l\u2019h\u00e9micycle les 30\u00a0juin et 1er\u00a0juillet. Il est d\u00e9fendu par la ministre de la Culture, Rachida Dati, qui a martel\u00e9 sa d\u00e9termination \u00e0 faire adopter ce texte.<\/p>\n<p class=\"asset asset-text\">Il pr\u00e9voit de cr\u00e9er une holding, France\u00a0M\u00e9dias, qui chapeauterait\u00a0France\u00a0T\u00e9l\u00e9visions, Radio\u00a0France\u00a0et l\u2019INA (Institut national de\u00a0l\u2019audiovisuel), sous l\u2019autorit\u00e9 d\u2019un pr\u00e9sident-directeur g\u00e9n\u00e9ral. Initialement, France\u00a0M\u00e9dias Monde, branche internationale de l\u2019audiovisuel public fran\u00e7ais (RFI, France\u00a024), devait faire partie de cette holding, mais en a finalement \u00e9t\u00e9 exclue lors de l\u2019examen du texte en commission, sur proposition du gouvernement.<\/p>\n","protected":false},"excerpt":{"rendered":"LUDOVIC MARIN \/ AFP France T\u00e9l\u00e9visions appelle \u00e0 la gr\u00e8ve contre le projet de r\u00e9forme de l\u2019audiovisuel public.&hellip;\n","protected":false},"author":2,"featured_media":191069,"comment_status":"","ping_status":"","sticky":false,"template":"","format":"standard","meta":{"footnotes":""},"categories":[2],"tags":[11,251,1011,27,2400,6151,500,12,10316,25],"class_list":{"0":"post-191068","1":"post","2":"type-post","3":"status-publish","4":"format-standard","5":"has-post-thumbnail","7":"category-actualites","8":"tag-actualites","9":"tag-culture","10":"tag-fr","11":"tag-france","12":"tag-france-televisions","13":"tag-greve","14":"tag-medias","15":"tag-news","16":"tag-radio-france","17":"tag-republique-francaise"},"share_on_mastodon":{"url":"https:\/\/pubeurope.com\/@fr\/114715974961598503","error":""},"_links":{"self":[{"href":"https:\/\/www.europesays.com\/fr\/wp-json\/wp\/v2\/posts\/191068","targetHints":{"allow":["GET"]}}],"collection":[{"href":"https:\/\/www.europesays.com\/fr\/wp-json\/wp\/v2\/posts"}],"about":[{"href":"https:\/\/www.europesays.com\/fr\/wp-json\/wp\/v2\/types\/post"}],"author":[{"embeddable":true,"href":"https:\/\/www.europesays.com\/fr\/wp-json\/wp\/v2\/users\/2"}],"replies":[{"embeddable":true,"href":"https:\/\/www.europesays.com\/fr\/wp-json\/wp\/v2\/comments?post=191068"}],"version-history":[{"count":0,"href":"https:\/\/www.europesays.com\/fr\/wp-json\/wp\/v2\/posts\/191068\/revisions"}],"wp:featuredmedia":[{"embeddable":true,"href":"https:\/\/www.europesays.com\/fr\/wp-json\/wp\/v2\/media\/191069"}],"wp:attachment":[{"href":"https:\/\/www.europesays.com\/fr\/wp-json\/wp\/v2\/media?parent=191068"}],"wp:term":[{"taxonomy":"category","embeddable":true,"href":"https:\/\/www.europesays.com\/fr\/wp-json\/wp\/v2\/categories?post=191068"},{"taxonomy":"post_tag","embeddable":true,"href":"https:\/\/www.europesays.com\/fr\/wp-json\/wp\/v2\/tags?post=191068"}],"curies":[{"name":"wp","href":"https:\/\/api.w.org\/{rel}","templated":true}]}}