{"id":191078,"date":"2025-06-20T13:45:11","date_gmt":"2025-06-20T13:45:11","guid":{"rendered":"https:\/\/www.europesays.com\/fr\/191078\/"},"modified":"2025-06-20T13:45:11","modified_gmt":"2025-06-20T13:45:11","slug":"wta-berlin-la-sort-sacharne-sur-paula-badosa","status":"publish","type":"post","link":"https:\/\/www.europesays.com\/fr\/191078\/","title":{"rendered":"WTA &#8211; Berlin > La sort s&rsquo;acharne sur Paula Badosa"},"content":{"rendered":"<p>Alors qu\u2019elle r\u00e9ali\u00adsait une tr\u00e8s belle semaine sur le gazon du WTA 500 de Berlin, Paula Badosa a une fois de plus \u00e9t\u00e9 rattrap\u00e9e par le sort, et son\u00a0corps.\u00a0<\/p>\n<p>Oppos\u00e9e ce vendredi \u00e0 la quali\u00adfi\u00e9e et surpre\u00adnante chinoise, Xinyu Wang, pour une place en demi\u2010finales, la joueuse espa\u00adgnole a \u00e9t\u00e9 contrainte \u00e0 l\u2019abandon apr\u00e8s la perte du premier set (6\u22121).<\/p>\n<p>Si les raisons de ce retrait sont encore un peu floues, on esp\u00e8re que ce n\u2019est pas le dos pour l\u2019ac\u00adtuelle 10e joueuse mondiale, qui souffre depuis plusieurs ann\u00e9es de cette partie du\u00a0corps.\u00a0<\/p>\n<blockquote class=\"twitter-tweet\">\n<p lang=\"en\" dir=\"ltr\">a really unfor\u00adtu\u00adnate ending \ud83d\udc9a<\/p>\n<p>Badosa is forced to retire due to injury, sending Wang Xinyu through to the Berlin semi\u00adfi\u00adnals.<a href=\"https:\/\/twitter.com\/hashtag\/BTO?src=hash&amp;ref_src=twsrc%5Etfw\" data-wpel-link=\"external\" target=\"_blank\" rel=\"nofollow external noopener\">#BTO<\/a> <a href=\"https:\/\/t.co\/vrI1H9FeFs\" data-wpel-link=\"external\" target=\"_blank\" rel=\"nofollow external noopener\">pic.twitter.com\/vrI1H9FeFs<\/a><\/p>\n<p>\u2014 wta (@WTA) <a href=\"https:\/\/twitter.com\/WTA\/status\/1936025255257993723?ref_src=twsrc%5Etfw\" data-wpel-link=\"external\" target=\"_blank\" rel=\"nofollow external noopener\">June 20,\u00a02025<\/a><\/p><\/blockquote>\n<p>C\u2019est en tout cas une tr\u00e8s mauvaise nouvelle \u00e0 seule\u00adment 10 jours du d\u00e9but de Wimbledon ou elle avait atteint les huiti\u00e8mes de finale en\u00a02024.\u00a0<\/p>\n<p class=\"post-published-date\" style=\"color: silver; font-size: 75%; text-align: left;\">Publi\u00e9 le vendredi 20 juin 2025 \u00e0 14:36<\/p>\n<p><script async src=\"https:\/\/platform.twitter.com\/widgets.js\" charset=\"utf-8\"><\/script><\/p>\n","protected":false},"excerpt":{"rendered":"Alors qu\u2019elle r\u00e9ali\u00adsait une tr\u00e8s belle semaine sur le gazon du WTA 500 de Berlin, Paula Badosa a&hellip;\n","protected":false},"author":2,"featured_media":191079,"comment_status":"","ping_status":"","sticky":false,"template":"","format":"standard","meta":{"footnotes":""},"categories":[1415],"tags":[13215,1011,27,60,1467],"class_list":{"0":"post-191078","1":"post","2":"type-post","3":"status-publish","4":"format-standard","5":"has-post-thumbnail","7":"category-tennis","8":"tag-badosa","9":"tag-fr","10":"tag-france","11":"tag-sports","12":"tag-tennis"},"share_on_mastodon":{"url":"https:\/\/pubeurope.com\/@fr\/114715998479202031","error":""},"_links":{"self":[{"href":"https:\/\/www.europesays.com\/fr\/wp-json\/wp\/v2\/posts\/191078","targetHints":{"allow":["GET"]}}],"collection":[{"href":"https:\/\/www.europesays.com\/fr\/wp-json\/wp\/v2\/posts"}],"about":[{"href":"https:\/\/www.europesays.com\/fr\/wp-json\/wp\/v2\/types\/post"}],"author":[{"embeddable":true,"href":"https:\/\/www.europesays.com\/fr\/wp-json\/wp\/v2\/users\/2"}],"replies":[{"embeddable":true,"href":"https:\/\/www.europesays.com\/fr\/wp-json\/wp\/v2\/comments?post=191078"}],"version-history":[{"count":0,"href":"https:\/\/www.europesays.com\/fr\/wp-json\/wp\/v2\/posts\/191078\/revisions"}],"wp:featuredmedia":[{"embeddable":true,"href":"https:\/\/www.europesays.com\/fr\/wp-json\/wp\/v2\/media\/191079"}],"wp:attachment":[{"href":"https:\/\/www.europesays.com\/fr\/wp-json\/wp\/v2\/media?parent=191078"}],"wp:term":[{"taxonomy":"category","embeddable":true,"href":"https:\/\/www.europesays.com\/fr\/wp-json\/wp\/v2\/categories?post=191078"},{"taxonomy":"post_tag","embeddable":true,"href":"https:\/\/www.europesays.com\/fr\/wp-json\/wp\/v2\/tags?post=191078"}],"curies":[{"name":"wp","href":"https:\/\/api.w.org\/{rel}","templated":true}]}}