{"id":191080,"date":"2025-06-20T13:47:09","date_gmt":"2025-06-20T13:47:09","guid":{"rendered":"https:\/\/www.europesays.com\/fr\/191080\/"},"modified":"2025-06-20T13:47:09","modified_gmt":"2025-06-20T13:47:09","slug":"salac-sillustre-ce-vendredi-au-mugello","status":"publish","type":"post","link":"https:\/\/www.europesays.com\/fr\/191080\/","title":{"rendered":"Salac s&rsquo;illustre ce vendredi au Mugello"},"content":{"rendered":"<p>                Gonz\u00e1lez dans le rythme<\/p>\n<p>Les acteurs de la cat\u00e9gorie interm\u00e9diaire \u00e9taient en piste ce vendredi au Mugello \u00e0 l&rsquo;occasion de la FP1 et de la Practice du Grand Prix Brembo d&rsquo;Italie. Solide cet apr\u00e8s-midi, Filip Salac (ELF Marc VDS Racing Team) termine la journ\u00e9e avec un excellent tour en <strong>1&rsquo;50.208 <\/strong>qui le propulse au sommet de la hi\u00e9rarchie. Le pilote Marc VDS devance un Celestino Vietti (SUP Racing) qu&rsquo;il faudra surveiller de pr\u00e8s ce week-end, lui qui \u00e9tait d\u00e9j\u00e0 dans le coup ce matin. En t\u00eate de la FP1, le co-leader du Championnat du Monde Manuel Gonz\u00e1lez (Liqui Moly Dynavolt Intact GP) compl\u00e8te le top 3, \u00e0 moins d&rsquo;un dixi\u00e8me du leader.<\/p>\n<p>La suite du top 10<\/p>\n<p>Auteur d&rsquo;un tr\u00e8s bon d\u00e9but de saison, Barry Baltus (Fantic Racing LINO SONEGO) est quatri\u00e8me de la session devant Tony Arbolino (BLU CRU Pramac Yamaha Moto2\u2122), qui signe le cinqui\u00e8me temps de la Practice. Albert Arenas (ITALJET Gresini Moto2\u2122) lui embo\u00eete le pas au sixi\u00e8me rang devant le rookie Daniel Holgado (CFMOTO Aspar Team), qui prendra part \u00e0 la Q2 demain apr\u00e8s-midi. Alonso L\u00f3pez (SUP Racing) est huiti\u00e8me devant Jake Dixon (ELF Marc VDS Racing Team) et Izan Guevara (BLU CRU Pramac Yamaha Moto2\u2122), qui compl\u00e8te le top 10.<\/p>\n<p>Canet a eu chaud<\/p>\n<p>Marcos Ram\u00edrez (OnlyFans American Racing Team), Senna Agius (Liqui Moly Dynavolt Intact GP), Diogo Moreira (Italtrans Racing Team) et surtout Ar\u00f3n Canet (Fantic Racing LINO SONEGO) s&rsquo;en sortent de justesse en se hissant dans le top 14. Ils seront eux aussi au rendez-vous de la Q2 contrairement au vainqueur du GP d&rsquo;Aragon Deniz \u00d6nc\u00fc (Red Bull KTM Ajo) ou encore David Alonso (CFMOTO Aspar Team), contraints de passer par les rep\u00eachages. On notera \u00e9galement la chute d&rsquo;Ayumu Sasaki (RW \u2013 Idrofoglia Racing GP).<\/p>\n<p>Les pilotes du Moto2\u2122 disputeront la FP2 du GP d&rsquo;Italie samedi \u00e0 9h25.<\/p>\n<p>\n                                Tony Arbolino, BLU CRU Pramac Yamaha Moto2\u2122, Brembo Grand Prix of Italy\n                        <\/p>\n<p>\n                                Moto2\u2122, Practice, Brembo Grand Prix of Italy\n                        <\/p>\n<p>\n                                Manuel Gonzalez, LIQUI MOLY Dynavolt Intact GP, Brembo Grand Prix of Italy\n                        <\/p>\n<p>\n                                Filip Sala\u010d, ELF Marc VDS Racing Team, Brembo Grand Prix of Italy\n                        <\/p>\n<p>\n                                Moto2\u2122, Brembo Grand Prix of Italy\n                        <\/p>\n<p>Cliquez <a href=\"https:\/\/www.motogp.com\/fr\/gp-results\/2025\/ita\/moto2\/pr\/classification\" rel=\"nofollow noopener\" target=\"_blank\">ici<\/a> pour acc\u00e9der aux r\u00e9sultats.<\/p>\n","protected":false},"excerpt":{"rendered":"Gonz\u00e1lez dans le rythme Les acteurs de la cat\u00e9gorie interm\u00e9diaire \u00e9taient en piste ce vendredi au Mugello \u00e0&hellip;\n","protected":false},"author":2,"featured_media":191081,"comment_status":"","ping_status":"","sticky":false,"template":"","format":"standard","meta":{"footnotes":""},"categories":[1413],"tags":[1011,27,1457,1456,60,2032],"class_list":{"0":"post-191080","1":"post","2":"type-post","3":"status-publish","4":"format-standard","5":"has-post-thumbnail","7":"category-moto","8":"tag-fr","9":"tag-france","10":"tag-moto","11":"tag-motocycle","12":"tag-sports","13":"tag-text"},"share_on_mastodon":{"url":"https:\/\/pubeurope.com\/@fr\/114716006340317630","error":""},"_links":{"self":[{"href":"https:\/\/www.europesays.com\/fr\/wp-json\/wp\/v2\/posts\/191080","targetHints":{"allow":["GET"]}}],"collection":[{"href":"https:\/\/www.europesays.com\/fr\/wp-json\/wp\/v2\/posts"}],"about":[{"href":"https:\/\/www.europesays.com\/fr\/wp-json\/wp\/v2\/types\/post"}],"author":[{"embeddable":true,"href":"https:\/\/www.europesays.com\/fr\/wp-json\/wp\/v2\/users\/2"}],"replies":[{"embeddable":true,"href":"https:\/\/www.europesays.com\/fr\/wp-json\/wp\/v2\/comments?post=191080"}],"version-history":[{"count":0,"href":"https:\/\/www.europesays.com\/fr\/wp-json\/wp\/v2\/posts\/191080\/revisions"}],"wp:featuredmedia":[{"embeddable":true,"href":"https:\/\/www.europesays.com\/fr\/wp-json\/wp\/v2\/media\/191081"}],"wp:attachment":[{"href":"https:\/\/www.europesays.com\/fr\/wp-json\/wp\/v2\/media?parent=191080"}],"wp:term":[{"taxonomy":"category","embeddable":true,"href":"https:\/\/www.europesays.com\/fr\/wp-json\/wp\/v2\/categories?post=191080"},{"taxonomy":"post_tag","embeddable":true,"href":"https:\/\/www.europesays.com\/fr\/wp-json\/wp\/v2\/tags?post=191080"}],"curies":[{"name":"wp","href":"https:\/\/api.w.org\/{rel}","templated":true}]}}