{"id":191084,"date":"2025-06-20T13:49:18","date_gmt":"2025-06-20T13:49:18","guid":{"rendered":"https:\/\/www.europesays.com\/fr\/191084\/"},"modified":"2025-06-20T13:49:18","modified_gmt":"2025-06-20T13:49:18","slug":"cyclisme-tour-de-belgique-jasper-philipsen-ca-faisait-un-moment","status":"publish","type":"post","link":"https:\/\/www.europesays.com\/fr\/191084\/","title":{"rendered":"Cyclisme. Tour de Belgique &#8211; Jasper Philipsen : \u00ab\u00c7a faisait un moment&#8230;\u00bb"},"content":{"rendered":"<p><strong>Jasper Philipsen<\/strong>\u00a0est de retour ! Apr\u00e8s une longue p\u00e9riode  sans victoire, lui qui n&rsquo;avait plus gagn\u00e9 depuis le week-end d&rsquo;ouverture  en Belgique \u00e0 l&rsquo;occasion de<strong> Kuurne-Bruxelles-Kuurne<\/strong> (le 2 mars), le Belge de la formation <strong>Alpecin-Deceuninck<\/strong> a de nouveau lev\u00e9 les bras \u00e0 l&rsquo;occasion de cette 2e \u00e9tape du <strong><a href=\"https:\/\/www.cyclismactu.net\/..\/news-tour-de-belgique-route-jasper-philipsen-prend-sa-revanche-sur-2e-etape-88448.html\" target=\"_blank\" rel=\"nofollow noopener\">Tour de Belgique<\/a><\/strong> (ou<strong> Baloise Belgium Tour<\/strong>). Au terme d&rsquo;un final agit\u00e9, o\u00f9 <strong>Tim Merlier <\/strong>(Soudal Quick-Step) s&rsquo;est fait enfermer, <strong>Philipsen <\/strong>s&rsquo;est montr\u00e9 le plus rapide en devan\u00e7ant <strong>Juan Sebastian Molano<\/strong> (UAE Team Emirates XRG) et <strong>Jenno Berckmoes<\/strong> (Lotto).<\/p>\n<p>Vid\u00e9o &#8211; Le r\u00e9sum\u00e9 de cette 2e \u00e9tape du Tour de Belgique Lire la suite de l&rsquo;article&#13;<\/p>\n<p>\u00a0<\/p>\n<p>&#13;<br \/>\n\u00ab\u00a0On commence \u00e0 sortir la t\u00eate de l\u2019eau apr\u00e8s notre camp d\u2019entra\u00eenement difficile\u00a0\u00bb&#13;<\/p>\n<p>\u00ab\u00a0\u00c7a faisait un moment, hein\u00a0\u00bb, a lanc\u00e9 <strong>Philipsen <\/strong>avec un clin d\u2019\u0153il apr\u00e8s l\u2019arriv\u00e9e. \u00ab\u00a0Donc je suis vraiment content de cette victoire. \u00c7a me donne beaucoup de courage et de confiance. Je suis d\u00e9j\u00e0 heureux que ce soit arriv\u00e9 au moins une fois cette semaine. Jonas (Rickaert, ndlr) a \u00e9t\u00e9 vraiment fort aujourd\u2019hui. On commence tous un peu \u00e0 sortir la t\u00eate de l\u2019eau apr\u00e8s notre camp d\u2019entra\u00eenement difficile, je pense. Oscar Riesebeek a aussi \u00e9t\u00e9 super bon aujourd\u2019hui, par exemple.\u00a0\u00bb<\/p>\n<p>&#13;<\/p>\n<p>\u00ab\u00a0On est partis \u00e0 droite, c\u2019est toujours risqu\u00e9, mais soudain tout s\u2019est ouvert et j\u2019ai pu faire un beau sprint\u00a0\u00bb, poursuit-il. \u00ab\u00a0Le parcours se pr\u00eatait \u00e0 rendre la course un peu plus difficile. \u00ab\u00a0Ce secteur pav\u00e9 \u00e0 6 kilom\u00e8tres de l\u2019arriv\u00e9e, notamment, \u00e9tait exigeant. C\u2019est toujours agr\u00e9able d\u2019animer la course et de mettre la concurrence sous pression.\u00a0\u00bb<\/p>\n<p>Baloise Tour de Belgique &#8211; Classement de la 2\u00e8 \u00e9tape Baloise Tour de Belgique &#8211; Classement g\u00e9n\u00e9ral provisoire apr\u00e8s la 2\u00e8 \u00e9tape<\/p>\n","protected":false},"excerpt":{"rendered":"Jasper Philipsen\u00a0est de retour ! Apr\u00e8s une longue p\u00e9riode sans victoire, lui qui n&rsquo;avait plus gagn\u00e9 depuis le&hellip;\n","protected":false},"author":2,"featured_media":191085,"comment_status":"","ping_status":"","sticky":false,"template":"","format":"standard","meta":{"footnotes":""},"categories":[1411],"tags":[1154,207,211,1011,27,209,60,32478,210,212,208,213],"class_list":{"0":"post-191084","1":"post","2":"type-post","3":"status-publish","4":"format-standard","5":"has-post-thumbnail","7":"category-cyclisme","8":"tag-cycling","9":"tag-cyclisme","10":"tag-ffc","11":"tag-fr","12":"tag-france","13":"tag-route","14":"tag-sports","15":"tag-tour-de-belgique","16":"tag-tour-de-france","17":"tag-uci","18":"tag-velo","19":"tag-world-tour"},"share_on_mastodon":{"url":"https:\/\/pubeurope.com\/@fr\/114716014326233678","error":""},"_links":{"self":[{"href":"https:\/\/www.europesays.com\/fr\/wp-json\/wp\/v2\/posts\/191084","targetHints":{"allow":["GET"]}}],"collection":[{"href":"https:\/\/www.europesays.com\/fr\/wp-json\/wp\/v2\/posts"}],"about":[{"href":"https:\/\/www.europesays.com\/fr\/wp-json\/wp\/v2\/types\/post"}],"author":[{"embeddable":true,"href":"https:\/\/www.europesays.com\/fr\/wp-json\/wp\/v2\/users\/2"}],"replies":[{"embeddable":true,"href":"https:\/\/www.europesays.com\/fr\/wp-json\/wp\/v2\/comments?post=191084"}],"version-history":[{"count":0,"href":"https:\/\/www.europesays.com\/fr\/wp-json\/wp\/v2\/posts\/191084\/revisions"}],"wp:featuredmedia":[{"embeddable":true,"href":"https:\/\/www.europesays.com\/fr\/wp-json\/wp\/v2\/media\/191085"}],"wp:attachment":[{"href":"https:\/\/www.europesays.com\/fr\/wp-json\/wp\/v2\/media?parent=191084"}],"wp:term":[{"taxonomy":"category","embeddable":true,"href":"https:\/\/www.europesays.com\/fr\/wp-json\/wp\/v2\/categories?post=191084"},{"taxonomy":"post_tag","embeddable":true,"href":"https:\/\/www.europesays.com\/fr\/wp-json\/wp\/v2\/tags?post=191084"}],"curies":[{"name":"wp","href":"https:\/\/api.w.org\/{rel}","templated":true}]}}