{"id":191088,"date":"2025-06-20T13:51:11","date_gmt":"2025-06-20T13:51:11","guid":{"rendered":"https:\/\/www.europesays.com\/fr\/191088\/"},"modified":"2025-06-20T13:51:11","modified_gmt":"2025-06-20T13:51:11","slug":"plus-capable-de-faire-lamour","status":"publish","type":"post","link":"https:\/\/www.europesays.com\/fr\/191088\/","title":{"rendered":"\u201cPlus capable de faire l\u2019amour\u201d"},"content":{"rendered":"<p><strong>On d\u00e9couvre Norbert Tarayre, ou tout simplement Norbert<br \/>\npour les intimes, dans la saison 3 de Top Chef.<\/strong> Le jeune<br \/>\nhomme brille alors par ses techniques culinaires mais \u00e9galement sa<br \/>\njovialit\u00e9, sa spontan\u00e9it\u00e9 et son humour franc du collier.<br \/>\n<strong>Il devient la star du programme si bien que M6 lui propose<br \/>\nd\u2019avoir sa propre \u00e9mission.<\/strong> Par la suite, il \u00e9crit des<br \/>\nlivres de cuisine, normal, et se lance m\u00eame dans l\u2019humour. Comme<br \/>\nune \u00e9vidence pour Norbert. Ann\u00e9e apr\u00e8s ann\u00e9e, il devient une<br \/>\npersonnalit\u00e9 phare du <strong>PAF<\/strong> d\u00e9passant largement le<br \/>\ncadre de la gastronomie. <strong>R\u00e9cemment, celui-ci s\u2019est confi\u00e9<br \/>\nsans fard sur son alcoolisme.<\/strong> Et tous les probl\u00e8mes que<br \/>\ncela a entra\u00een\u00e9 dans sa vie.<\/p>\n<p>Norbert Tarayre est la r\u00e9v\u00e9lation de Top Chef<\/p>\n<p>Norbert Tarayre se fait remarquer dans le t\u00e9l\u00e9-crochet culinaire<br \/>\nTop Chef. Nous sommes en 2012 et M6 met le paquet sur ce<br \/>\ndivertissement surfant sur le retour de hype des \u00e9missions<br \/>\nde cuisine. Norbert, lui, sort du lot. <strong>Il \u00e9clipse les<br \/>\nautres candidats par sa familiarit\u00e9, son c\u00f4t\u00e9 joyeux<br \/>\ndrille.<\/strong> Il fini \u00e0 la troisi\u00e8me place de la comp\u00e9tition.<br \/>\n<strong>Jean Imbert<\/strong>, lui, gagne Top Chef.<\/p>\n<p>De fait, la sixi\u00e8me cha\u00eene a du flair \u00e0 l\u2019\u00e9poque <a href=\"https:\/\/www.melty.fr\/people\/jean-imbert-accuse-de-violences-par-ses-ex-compagnes-il-pete-les-plombs-2229737.html\" target=\"_blank\" rel=\"noopener\"><br \/>\ncar elle confie aux deux cuistots une \u00e9mission<\/a>. <strong>Norbert<br \/>\net Jean &#8211; Le D\u00e9fi, programme dans lequel ils rel\u00e8vent un challenge<br \/>\nculinaire lanc\u00e9 par un apprenti cuisinier.<\/strong> Puis, plus<br \/>\ntard, Norbert devient star de son propre show avec <strong>Norbert,<br \/>\ncommis d\u2019office<\/strong>, qui ressemble pas mal \u00e0 la pr\u00e9c\u00e9dente.<br \/>\n<strong>Il est mis en orbite\u2026<\/strong><\/p>\n<p>Il devient une figure incontournable du PAF<\/p>\n<p><strong>Norbert Tarayre devient une figure incontournable de la<br \/>\nt\u00e9l\u00e9 des ann\u00e9es 2010.<\/strong> Fort de son expertise culinaire, il<br \/>\ndevient animateur et jur\u00e9 de <strong>La Meilleure boulangerie de<br \/>\nFrance<\/strong> entre 2016 et 2023. Puis d\u00e9passe le cadre de<br \/>\nl\u2019arri\u00e8re-cuisine en participant notamment \u00e0 <strong>P\u00e9kin<br \/>\nExpress<\/strong>, r\u00e9affirmant sa fid\u00e9lit\u00e9 \u00e0 M6. <strong>Un<br \/>\npersonnage \u00e0 part enti\u00e8re bien \u00e9tabli dans le PAF.<\/strong><\/p>\n<p>En parall\u00e8le, Norbert publie des ouvrages sur la cuisine en<br \/>\nconservant sa verve inimitable. Verve qu\u2019il emploie \u00e9galement, sur<br \/>\nsc\u00e8ne, dans un one man show, <a href=\"https:\/\/www.melty.fr\/people\/remonte-laurent-ruquier-dezingue-thierry-ardisson-ce-nest-pas-quelquun-2190631.html\" target=\"_blank\" rel=\"noopener\"><br \/>\n\u00e9crit par <strong>Arnaud Gidoin<\/strong>, proche de <strong>Laurent<br \/>\nRuquier<\/strong><\/a>, au succ\u00e8s plus que mitig\u00e9 \u00e0 l\u00a0\u00bbarriv\u00e9e.<br \/>\n<strong>En 2022, apr\u00e8s un divorce, puis un nouvel amour, ce p\u00e8re de<br \/>\nquatre enfants, de deux unions diff\u00e9rentes, lance son agence de<br \/>\ncomm\u2019.<\/strong><\/p>\n<p>Norbert Tarayre : ses d\u00e9boires avec<br \/>\nl\u2019alcool<\/p>\n<p>2025, Norbert Tarayre fait le bilan calmement dans le podcast<br \/>\n<strong>Unik<\/strong>. L\u2019animateur et chef l\u00e8ve le voile sur ses<br \/>\nd\u00e9boires avec l\u2019alcool. En effet, celui-ci affirme avoir \u00e9t\u00e9<br \/>\n<strong>alcoolique<\/strong> pendant une longue p\u00e9riode.<br \/>\n<strong>Addiction qui a salement ravag\u00e9 sa vie priv\u00e9e, notamment du<br \/>\nc\u00f4t\u00e9 de ses enfants et son \u00e9pouse d\u2019alors, Amandine.<\/strong><br \/>\n\u201cPendant Norbert et Jean, je suis tout seul \u00e0 l&rsquo;h\u00f4tel, je suis<br \/>\ninvit\u00e9 dans les soir\u00e9es mondaines, l&rsquo;alcool social [&#8230;]\u201d se<br \/>\nrem\u00e9more Norbert dans l\u2019\u00e9mission en ligne <a href=\"https:\/\/www.public.fr\/norbert-tarayre-130-kilos-des-litres-dalcool-par-jour-et-le-foie-a-2-grammes-de-peter\" target=\"_blank\" rel=\"noopener\"><br \/>\ndont certains propos sont repris par <strong>Public<\/strong><\/a>.<br \/>\n\u201cJe commandais des caisses de vin dans la chambre d&rsquo;h\u00f4tel, je<br \/>\nn&rsquo;avais pas un mais deux mini-bars, je mettais du ros\u00e9 dedans,<br \/>\nj&rsquo;arrachais le bouchon avec les dents et je buvais \u00e7a au<br \/>\ngoulot [&#8230;]\u201d<\/p>\n<p>Il ajoute ensuite : \u201cJe ne buvais pas pour me foutre \u00e0<br \/>\nl&rsquo;envers. Je pense que je suis tomb\u00e9 amoureux de l&rsquo;alcool parce que<br \/>\nl&rsquo;alcool me donnait les moyens de ne plus r\u00e9fl\u00e9chir, j&rsquo;\u00e9tais en<br \/>\ntrain de planer total.\u201d Sauf que Norbert n\u2019est pas polygame.<br \/>\nEn aimant l\u2019alcool, face \u00e0 ses d\u00e9mons int\u00e9rieurs, il d\u00e9laisse sa<br \/>\nfemme : \u201c<strong>Je ne suis plus capable de faire l&rsquo;amour \u00e0 ma<br \/>\nnana.<\/strong> Parce que quand tu t&rsquo;enfiles deux paquets<br \/>\nde 30 clopes par jour et que tu t&rsquo;enfiles du vin, je d\u00e9fie<br \/>\nquiconque de dire qu&rsquo;il est capable de bander comme un \u00e2ne !\u201d<br \/>\nNorbert Tarayre enfonce le clou : \u201cTu tues ton couple, tes<br \/>\nenfants te voient quand tu es en descente, et quand tu es en<br \/>\ndescente, tu es un vrai con, tu n&rsquo;arr\u00eates pas de gueuler [\u2026]<br \/>\n<strong>Tes gosses ont peur de toi parce que tu gueules tout le<br \/>\ntemps et quand tu rentres le week-end<\/strong>\u00a0[&#8230;]\u201d<br \/>\nAlcoolique, Norbert Tarayre conna\u00eet un\u00a0 d\u00e9clic lorsque la<br \/>\nbalance affiche <strong>130 kilos<\/strong> : \u201c<strong>J&rsquo;ai vid\u00e9<br \/>\ntoutes les bouteilles et j&rsquo;ai dit : &lsquo;Je ne touche plus \u00e0<br \/>\nl&rsquo;alcool&rsquo;.<\/strong>\u201d L&rsquo;alcool, un combat de tous les<br \/>\ninstants.<\/p>\n","protected":false},"excerpt":{"rendered":"On d\u00e9couvre Norbert Tarayre, ou tout simplement Norbert pour les intimes, dans la saison 3 de Top Chef.&hellip;\n","protected":false},"author":2,"featured_media":191089,"comment_status":"","ping_status":"","sticky":false,"template":"","format":"standard","meta":{"footnotes":""},"categories":[1359],"tags":[905,58,59,1011,27,23853,973],"class_list":{"0":"post-191088","1":"post","2":"type-post","3":"status-publish","4":"format-standard","5":"has-post-thumbnail","7":"category-people","8":"tag-a-la-une-melty","9":"tag-divertissement","10":"tag-entertainment","11":"tag-fr","12":"tag-france","13":"tag-norbert-tarayre","14":"tag-people"},"share_on_mastodon":{"url":"https:\/\/pubeurope.com\/@fr\/114716022094396176","error":""},"_links":{"self":[{"href":"https:\/\/www.europesays.com\/fr\/wp-json\/wp\/v2\/posts\/191088","targetHints":{"allow":["GET"]}}],"collection":[{"href":"https:\/\/www.europesays.com\/fr\/wp-json\/wp\/v2\/posts"}],"about":[{"href":"https:\/\/www.europesays.com\/fr\/wp-json\/wp\/v2\/types\/post"}],"author":[{"embeddable":true,"href":"https:\/\/www.europesays.com\/fr\/wp-json\/wp\/v2\/users\/2"}],"replies":[{"embeddable":true,"href":"https:\/\/www.europesays.com\/fr\/wp-json\/wp\/v2\/comments?post=191088"}],"version-history":[{"count":0,"href":"https:\/\/www.europesays.com\/fr\/wp-json\/wp\/v2\/posts\/191088\/revisions"}],"wp:featuredmedia":[{"embeddable":true,"href":"https:\/\/www.europesays.com\/fr\/wp-json\/wp\/v2\/media\/191089"}],"wp:attachment":[{"href":"https:\/\/www.europesays.com\/fr\/wp-json\/wp\/v2\/media?parent=191088"}],"wp:term":[{"taxonomy":"category","embeddable":true,"href":"https:\/\/www.europesays.com\/fr\/wp-json\/wp\/v2\/categories?post=191088"},{"taxonomy":"post_tag","embeddable":true,"href":"https:\/\/www.europesays.com\/fr\/wp-json\/wp\/v2\/tags?post=191088"}],"curies":[{"name":"wp","href":"https:\/\/api.w.org\/{rel}","templated":true}]}}