{"id":191092,"date":"2025-06-20T13:53:11","date_gmt":"2025-06-20T13:53:11","guid":{"rendered":"https:\/\/www.europesays.com\/fr\/191092\/"},"modified":"2025-06-20T13:53:11","modified_gmt":"2025-06-20T13:53:11","slug":"cetait-lepoque-du-reginoscope-au-salon-du-livre-de-montmorillon","status":"publish","type":"post","link":"https:\/\/www.europesays.com\/fr\/191092\/","title":{"rendered":"c\u2019\u00e9tait l\u2019\u00e9poque du R\u00e9ginoscope au Salon du livre de Montmorillon"},"content":{"rendered":"<p>Le Salon du livre de Montmorillon dans Charlie Hebdo\u00a0? En 2000, le dessinateur de presse et de BD Wolinski lui consacre une planche titr\u00e9e \u00ab\u00a0Montmorillon le R\u00e9ginoscope\u00a0\u00bb. Il y dessine son amie R\u00e9gine Deforges et son Salon du livre. \u00ab\u00a0Quand on est pote avec R\u00e9gine, on ne peut pas lui faire de la peine en n\u2019allant pas \u00e0 la f\u00eate du livre de Montmorillon\u2026\u00a0\u00bb, \u00e9crit Wolinski.<\/p>\n<p>Un texte tout en douceur sur son amie, mais la plume caustique ne tarde pas \u00e0 s\u2019exprimer. Sur l\u2019inauguration de la Cit\u00e9 de l\u2019\u00e9crit par Ren\u00e9 Monory \u00ab\u00a0c\u00e9l\u00e8bre pr\u00e9sident en retraite (qui) coupe le string tricolore\u00a0\u00bb. Ou encore le quartier du Brouage \u00ab\u00a0tr\u00e8s joliment retap\u00e9\u00a0\u00bb avec ses boutiques de libraires et artisans du livre. \u00ab\u00a0Pr\u00e9voyante, la mairie a pris soin de ne rien pr\u00e9voir en ce qui concerne le logement, certains campent au-dessus de leur boutique [\u2026] sans cuisine ni salle de bains\u00a0\u00bb, tacle Wolinski.<\/p>\n<p>\u00ab\u00a0R\u00e9gine am\u00e8ne un plateau remarquable de c\u00e9l\u00e9brit\u00e9s\u00a0\u00bb<\/p>\n<p>Cette planche est une belle trouvaille du <a target=\"_blank\" href=\"https:\/\/mjcmontmorillon.fr\/\" rel=\"noopener\">Club Carto<\/a>, qui l\u2019exhume dans son dernier opus (1) consacr\u00e9 au pass\u00e9 de Montmorillon. \u00ab\u00a0J\u2019ai obtenu de Charlie Hebdo et des filles de Wolinski l\u2019autorisation de publier ce R\u00e9ginoscope\u00a0\u00bb, indique Gaston Touraine, coauteur du livre. Il a bien connu R\u00e9gine Deforges, \u00e9lu conseiller municipal comme elle en 1989.<\/p>\n<p>Le Club Carto s\u2019est fix\u00e9 comme pari de publier cet ouvrage \u00e0 l\u2019occasion du <a target=\"_blank\" href=\"https:\/\/festivaldulivre.montmorillon.fr\/\" rel=\"noopener\">Festival du livre<\/a> ce week-end du 21 et 22\u00a0juin 2025, place Leclerc \u00e0 Montmorillon. Pari tenu et d\u2019autant plus impressionnant vu le travail de m\u00e9moire r\u00e9uni dans les 280 pages.<\/p>\n<p>Vingt-cinq sont consacr\u00e9es au Salon du livre avec de tr\u00e8s nombreuses illustrations et photos. Gaston Touraine ma\u00eetrise le sujet. Alors premier adjoint au maire Philippe Charpentier, \u00ab\u00a0j\u2019ai propos\u00e9 \u00e0 R\u00e9gine l\u2019id\u00e9e d\u2019un Salon du livre. C\u2019est le salon de R\u00e9gine\u00a0! Elle \u00e9tait alors pr\u00e9sidente de la Soci\u00e9t\u00e9 des gens de lettres\u00a0\u00bb, se souvient-il.<\/p>\n<p>Carnet d\u2019adresses<\/p>\n<p>L\u2019ouvrage retrace les premiers pas. \u00ab\u00a0R\u00e9gine am\u00e8ne un plateau remarquable de c\u00e9l\u00e9brit\u00e9s du monde litt\u00e9raire [\u2026] et c\u2019est le succ\u00e8s imm\u00e9diat\u00a0: des milliers de visiteurs viennent parcourir les stands sous les chapiteaux mont\u00e9s place Leclerc.\u00a0\u00bb Les venues de Wiaz, Ir\u00e8ne Frain, Jeanne Boissard, Madeleine Chapsal, Marina Wlady, Maryse et Georges Wolinski, Fran\u00e7ois Cavanna, Robert Doisneau\u2026 t\u00e9moignent du joli carnet d\u2019adresses de R\u00e9gine Deforges qui en fait profiter sa ville natale. \u00ab\u00a0Il n\u2019y avait pas d\u2019invit\u00e9 d\u2019honneur, chacun \u00e9tant suffisamment connu pour \u00eatre honor\u00e9\u00a0\u00bb, \u00e9crit le Club Carto.<\/p>\n<p>Le salon prend de l\u2019ampleur\u00a0: 40 auteurs en 1990, 130 en 2000 pour la naissance de la Cit\u00e9 du livre et de l\u2019\u00e9crit. On y croise les fid\u00e8les de R\u00e9gine Deforges, et des c\u00e9l\u00e9brit\u00e9s qui attirent du monde\u00a0: Fran\u00e7ois de Closets (2012), Macha M\u00e9ril (2013), Franz-Olivier Giesbert (2016), Jean-Fran\u00e7ois Kahn (2018)\u2026Le salon survit \u00e0 R\u00e9gine Deforges, d\u00e9c\u00e9d\u00e9e en 2014.<\/p>\n<p>Le Covid va stopper cette dynamique populaire, mais aussi la nouvelle municipalit\u00e9 en 2020. Elle repense le concept en Rencontres de Montmorillon en 2022 qui ne trouve pas son public. Il faudra attendre 2024 pour que le salon reparte sur une nouvelle formule en revenant place Leclerc, en pr\u00e9sence des enfants de R\u00e9gine Deforges.<\/p>\n<p>(1) \u00ab\u00a0Montmorillon, ses f\u00eates, ses c\u00e9l\u00e9brations, ses animations et ses associations culturelles\u00a0\u00bb, par le Club Carto MJC Claude-Nougaro, \u00e9ditions La Geste, 40\u00a0\u20ac (35\u00a0\u20ac lors du Festival du livre les 21 et 22\u00a0juin 2025).<br \/>Le nouvel ouvrage du Club Carto s\u2019int\u00e9resse \u00e9galement aux visites pr\u00e9sidentielles \u00e0 Montmorillon (Sadi Carnot, de Gaulle, Mitterrand\u2026), \u00e0 la statue du g\u00e9n\u00e9ral de Ladmirault, aux diff\u00e9rentes animations culturelles et associations, \u00e0 ses f\u00eates au palais de justice\u2026<\/p>\n","protected":false},"excerpt":{"rendered":"Le Salon du livre de Montmorillon dans Charlie Hebdo\u00a0? En 2000, le dessinateur de presse et de BD&hellip;\n","protected":false},"author":2,"featured_media":191093,"comment_status":"","ping_status":"","sticky":false,"template":"","format":"standard","meta":{"footnotes":""},"categories":[1357],"tags":[1392,1379,9332,58,59,3337,1011,27,1380,1393,27663,1584],"class_list":{"0":"post-191092","1":"post","2":"type-post","3":"status-publish","4":"format-standard","5":"has-post-thumbnail","7":"category-livres","8":"tag-a-la-une-local","9":"tag-books","10":"tag-centrepresse","11":"tag-divertissement","12":"tag-entertainment","13":"tag-festivals","14":"tag-fr","15":"tag-france","16":"tag-livres","17":"tag-loisirs","18":"tag-montmorillon","19":"tag-vienne"},"share_on_mastodon":{"url":"https:\/\/pubeurope.com\/@fr\/114716030020509838","error":""},"_links":{"self":[{"href":"https:\/\/www.europesays.com\/fr\/wp-json\/wp\/v2\/posts\/191092","targetHints":{"allow":["GET"]}}],"collection":[{"href":"https:\/\/www.europesays.com\/fr\/wp-json\/wp\/v2\/posts"}],"about":[{"href":"https:\/\/www.europesays.com\/fr\/wp-json\/wp\/v2\/types\/post"}],"author":[{"embeddable":true,"href":"https:\/\/www.europesays.com\/fr\/wp-json\/wp\/v2\/users\/2"}],"replies":[{"embeddable":true,"href":"https:\/\/www.europesays.com\/fr\/wp-json\/wp\/v2\/comments?post=191092"}],"version-history":[{"count":0,"href":"https:\/\/www.europesays.com\/fr\/wp-json\/wp\/v2\/posts\/191092\/revisions"}],"wp:featuredmedia":[{"embeddable":true,"href":"https:\/\/www.europesays.com\/fr\/wp-json\/wp\/v2\/media\/191093"}],"wp:attachment":[{"href":"https:\/\/www.europesays.com\/fr\/wp-json\/wp\/v2\/media?parent=191092"}],"wp:term":[{"taxonomy":"category","embeddable":true,"href":"https:\/\/www.europesays.com\/fr\/wp-json\/wp\/v2\/categories?post=191092"},{"taxonomy":"post_tag","embeddable":true,"href":"https:\/\/www.europesays.com\/fr\/wp-json\/wp\/v2\/tags?post=191092"}],"curies":[{"name":"wp","href":"https:\/\/api.w.org\/{rel}","templated":true}]}}