{"id":191096,"date":"2025-06-20T13:55:11","date_gmt":"2025-06-20T13:55:11","guid":{"rendered":"https:\/\/www.europesays.com\/fr\/191096\/"},"modified":"2025-06-20T13:55:11","modified_gmt":"2025-06-20T13:55:11","slug":"miley-cyrus-etait-linvitee-surprise-de-beyonce-a-paris-video","status":"publish","type":"post","link":"https:\/\/www.europesays.com\/fr\/191096\/","title":{"rendered":"Miley Cyrus \u00e9tait l&rsquo;invit\u00e9e surprise de Beyonc\u00e9 \u00e0 Paris (VIDEO)"},"content":{"rendered":"<p class=\"ap-StoryElement ap-StoryElement--mb ap-StoryText\">Beyonc\u00e9 s&rsquo;installe au Stade de France pour trois dates et compte bien mettre les petits plats dans les grands. Pour ce premier soir de show \u00e0 Paris, \u00ab\u00a0Queen B\u00a0\u00bb a en effet sorti du lourd en accueillant sur sc\u00e8ne la chanteuse am\u00e9ricaine Miley Cyrus.<\/p>\n<p class=\"ap-StoryElement ap-StoryElement--mb ap-StoryText\">\u00ab\u00a0Je vous aime tellement. Je suis super excit\u00e9e parce que je voulais faire quelque chose de tr\u00e8s sp\u00e9cial pour vous\u00a0\u00bb, a lanc\u00e9 Beyonc\u00e9 au public. Miley Cyrus a ensuite d\u00e9barqu\u00e9 sur la sc\u00e8ne du Stade de France, d\u00e9clenchant des cris de joie dans le public parisien, comme le montrent les diverses vid\u00e9os publi\u00e9es sur les r\u00e9seaux sociaux. \u00ab\u00a0Je suis tellement reconnaissante de pouvoir chanter avec toi, Miley Cyrus\u00a0\u00bb, a lanc\u00e9 Queen B \u00e0 son amie. Main dans la main et v\u00eatues de tenues dor\u00e9es, les deux stars am\u00e9ricaines ont interpr\u00e9t\u00e9 leur titre\u00a0II Most Wanted, un tube qui a re\u00e7u le prix du meilleur duo country aux Grammy Awards.<\/p>\n","protected":false},"excerpt":{"rendered":"Beyonc\u00e9 s&rsquo;installe au Stade de France pour trois dates et compte bien mettre les petits plats dans les&hellip;\n","protected":false},"author":2,"featured_media":191097,"comment_status":"","ping_status":"","sticky":false,"template":"","format":"standard","meta":{"footnotes":""},"categories":[1355],"tags":[32918,32905,3269,14016,32914,32913,32904,32916,7362,32909,58,32912,8195,59,32908,1011,27,32901,1361,873,32917,32903,32907,32911,32910,3370,32915,3584,308,32906,32902,28],"class_list":{"0":"post-191096","1":"post","2":"type-post","3":"status-publish","4":"format-standard","5":"has-post-thumbnail","7":"category-musique","8":"tag-32918","9":"tag-32905","10":"tag-3269","11":"tag-14016","12":"tag-allegiant","13":"tag-at","14":"tag-aug","15":"tag-august","16":"tag-beyonce","17":"tag-coverage","18":"tag-divertissement","19":"tag-during","20":"tag-editorial","21":"tag-entertainment","22":"tag-exclusive","23":"tag-fr","24":"tag-france","25":"tag-las","26":"tag-music","27":"tag-musique","28":"tag-nevada","29":"tag-nv","30":"tag-only","31":"tag-onstage","32":"tag-performs","33":"tag-renaissance","34":"tag-stadium","35":"tag-tour","36":"tag-usa","37":"tag-use","38":"tag-vegas","39":"tag-world"},"share_on_mastodon":{"url":"https:\/\/pubeurope.com\/@fr\/114716037807712465","error":""},"_links":{"self":[{"href":"https:\/\/www.europesays.com\/fr\/wp-json\/wp\/v2\/posts\/191096","targetHints":{"allow":["GET"]}}],"collection":[{"href":"https:\/\/www.europesays.com\/fr\/wp-json\/wp\/v2\/posts"}],"about":[{"href":"https:\/\/www.europesays.com\/fr\/wp-json\/wp\/v2\/types\/post"}],"author":[{"embeddable":true,"href":"https:\/\/www.europesays.com\/fr\/wp-json\/wp\/v2\/users\/2"}],"replies":[{"embeddable":true,"href":"https:\/\/www.europesays.com\/fr\/wp-json\/wp\/v2\/comments?post=191096"}],"version-history":[{"count":0,"href":"https:\/\/www.europesays.com\/fr\/wp-json\/wp\/v2\/posts\/191096\/revisions"}],"wp:featuredmedia":[{"embeddable":true,"href":"https:\/\/www.europesays.com\/fr\/wp-json\/wp\/v2\/media\/191097"}],"wp:attachment":[{"href":"https:\/\/www.europesays.com\/fr\/wp-json\/wp\/v2\/media?parent=191096"}],"wp:term":[{"taxonomy":"category","embeddable":true,"href":"https:\/\/www.europesays.com\/fr\/wp-json\/wp\/v2\/categories?post=191096"},{"taxonomy":"post_tag","embeddable":true,"href":"https:\/\/www.europesays.com\/fr\/wp-json\/wp\/v2\/tags?post=191096"}],"curies":[{"name":"wp","href":"https:\/\/api.w.org\/{rel}","templated":true}]}}