{"id":191100,"date":"2025-06-20T13:57:17","date_gmt":"2025-06-20T13:57:17","guid":{"rendered":"https:\/\/www.europesays.com\/fr\/191100\/"},"modified":"2025-06-20T13:57:17","modified_gmt":"2025-06-20T13:57:17","slug":"le-champix-revient-apres-4-ans-de-retrait","status":"publish","type":"post","link":"https:\/\/www.europesays.com\/fr\/191100\/","title":{"rendered":"le Champix revient apr\u00e8s 4 ans de retrait"},"content":{"rendered":"<p>             <a href=\"https:\/\/ma-sante.news\/wp-content\/uploads\/2025\/06\/retour-champix-2025-fumeur-arret-medicaments-pharmacies-Ma-Sante.jpeg\" data-caption=\"Depuis son retour, Champix est disponible en pharmacie uniquement sur commande, car les stocks restent limit\u00e9s en ce d\u00e9but de commercialisation. \u00a9 Adobe Stock\" rel=\"nofollow noopener\" target=\"_blank\"><img loading=\"lazy\" decoding=\"async\" width=\"696\" height=\"464\" class=\"entry-thumb td-modal-image\" src=\"data:image\/svg+xml,%3Csvg%20xmlns=\" http:=\"\" data-lazy- data-lazy- alt=\"Une femme qui arr\u00eate de fumer gr\u00e2ce \u00e0 la prise du m\u00e9dicament Champix.\" title=\"retour champix 2025 fumeur arr\u00eat m\u00e9dicaments pharmacies Ma Sant\u00e9\" data-lazy-src=\"https:\/\/www.europesays.com\/fr\/wp-content\/uploads\/2025\/06\/retour-champix-2025-fumeur-arret-medicaments-pharmacies-Ma-Sante-696x464.jpeg\"\/><\/a>Depuis son retour, Champix est disponible en pharmacie uniquement sur commande, car les stocks restent limit\u00e9s en ce d\u00e9but de commercialisation. \u00a9 Adobe Stock                                    \t\t\t             <a class=\"gofollow\" data-track=\"MjgsMCwxLDYw\" href=\"https:\/\/ma-sante.news\/inscrivez-vous-a-notre-newsletter\/\" rel=\"nofollow noopener\" target=\"_blank\"><img loading=\"lazy\" decoding=\"async\" width=\"1068\" height=\"131\" src=\"data:image\/svg+xml,%3Csvg%20xmlns=\" http:=\"\" data-lazy-src=\"https:\/\/www.europesays.com\/fr\/wp-content\/uploads\/2025\/03\/banniere-newsletter.png\"\/><\/a> <\/p>\n<p>Il avait disparu des rayons, laissant sur leur faim de nombreux <a href=\"https:\/\/ma-sante.news\/yoann-stuck-du-megot-au-sommet-le-parcours-un-ex-fumeur-devenu-champion-de-trail\/\" rel=\"nofollow noopener\" target=\"_blank\">fumeurs pr\u00eats \u00e0 \u00e9craser d\u00e9finitivement leur derni\u00e8re cigarette<\/a>. Mais depuis le 16 juin 2025, Champix (ou var\u00e9nicline) est de nouveau disponible sur prescription m\u00e9dicale. Et ce retour n\u2019a rien d\u2019un coup de com\u2019 : il marque surtout la fin d\u2019un long parcours de mise aux normes sanitaires.<\/p>\n<p>        Pourquoi le Champix avait \u00e9t\u00e9 retir\u00e9 du march\u00e9 ?    <\/p>\n<p>Commercialis\u00e9 depuis 2006, Champix est un m\u00e9dicament indiqu\u00e9 pour<a href=\"https:\/\/ma-sante.news\/comment-arreter-de-fumer-apres-50-ans-sans-stress-ni-frustration\/\" rel=\"nofollow noopener\" target=\"_blank\"> aider les fumeurs \u00e0 arr\u00eater.<\/a> Il agit sur les r\u00e9cepteurs nicotiniques du cerveau, en r\u00e9duisant les effets de manque et le plaisir procur\u00e9 par la cigarette. Bref, une sorte de coupe-faim\u2026 pour fumeurs.<\/p>\n<p>Mais en juillet 2021, tout bascule : Pfizer retire volontairement Champix du march\u00e9 mondial apr\u00e8s avoir d\u00e9tect\u00e9 dans certains lots la pr\u00e9sence de N-nitrosovarenicline, une nitrosamine. Ces compos\u00e9s sont class\u00e9s comme canc\u00e9rog\u00e8nes probables pour l\u2019humain selon le CIRC, Centre international de recherche sur le cancer. <\/p>\n<p>R\u00e9sultat, la distribution est suspendue, et les patients priv\u00e9s d\u2019un traitement pourtant jug\u00e9 efficace par la Haute Autorit\u00e9 de Sant\u00e9 (HAS).<\/p>\n<p>        Champix 2025 : nouvelle formule, nouvelles garanties    <\/p>\n<p>Apr\u00e8s quatre ans de r\u00e9visions, d\u2019analyses et d\u2019essais de production, le laboratoire Pfizer a corrig\u00e9 le tir. Depuis le 16 juin 2025, Champix est \u00e0 nouveau autoris\u00e9 \u00e0 la vente en France. La d\u00e9cision repose sur plusieurs \u00e9volutions majeures :<\/p>\n<ul class=\"wp-block-list\">\n<li>Le processus de fabrication a \u00e9t\u00e9 totalement revu, pour \u00e9viter la formation de nitrosamines, conform\u00e9ment aux standards fix\u00e9s par l\u2019EMA (Agence europ\u00e9enne des m\u00e9dicaments).<\/li>\n<li>Les excipients, ces fameux \u201cingr\u00e9dients inactifs\u201d, ont \u00e9t\u00e9 chang\u00e9s pour garantir une stabilit\u00e9 chimique renforc\u00e9e.<\/li>\n<li>Le m\u00e9dicament respecte d\u00e9sormais les seuils de s\u00e9curit\u00e9 exig\u00e9s au niveau europ\u00e9en pour les impuret\u00e9s canc\u00e9rog\u00e8nes.<\/li>\n<\/ul>\n<p>Ce retour n\u2019est donc pas une r\u00e9introduction \u201c\u00e0 l\u2019identique\u201d mais bien une version retravaill\u00e9e, valid\u00e9e, et jug\u00e9e s\u00fbre par les autorit\u00e9s sanitaires.<\/p>\n<p>        Comment fonctionne Champix ?    <strong>Un protocole de 12 semaines<\/strong>    <\/p>\n<p>Le principe actif, la var\u00e9nicline, est un agoniste partiel des r\u00e9cepteurs nicotiniques. En clair ? Il mime l\u2019effet de la nicotine sans en apporter les m\u00e9faits, diminue le plaisir de fumer et att\u00e9nue les sympt\u00f4mes de sevrage.<\/p>\n<ul class=\"wp-block-list\">\n<li>Jours 1 \u00e0 3 : 0,5 mg\/jour<\/li>\n<li>Jours 4 \u00e0 7 : 0,5 mg deux fois par jour<\/li>\n<li>\u00c0 partir du jour 8 : 1 mg deux fois par jour<\/li>\n<\/ul>\n<p>La date d\u2019arr\u00eat du tabac doit \u00eatre fix\u00e9e entre le 8\u1d49 et le 14\u1d49 jour du traitement. Une seconde cure est envisageable pour les patients qui rechutent.<\/p>\n<p>        <strong>Efficacit\u00e9 : toujours au top ?<\/strong>    <\/p>\n<p>Champix reste l\u2019un des m\u00e9dicaments les plus efficaces pour l\u2019arr\u00eat du tabac. Selon l\u2019\u00e9tude EAGLES publi\u00e9e dans The Lancet en 2016, le taux d\u2019abstinence \u00e0 un an atteint :<\/p>\n<ul class=\"wp-block-list\">\n<li>27,0\u202f% avec Champix<\/li>\n<li>Contre 9,4\u202f% avec un placebo<\/li>\n<\/ul>\n<p>La Haute Autorit\u00e9 de Sant\u00e9 (HAS) a d\u2019ailleurs r\u00e9affirm\u00e9 en mars 2025 que le m\u00e9dicament offre un \u00ab service m\u00e9dical rendu important \u00bb dans l\u2019aide au sevrage tabagique.<\/p>\n<p>        <strong>Et les effets secondaires ?<\/strong>    <\/p>\n<p>Comme tout m\u00e9dicament, Champix n\u2019est pas sans effets ind\u00e9sirables. Les plus fr\u00e9quents sont :<\/p>\n<p>Des alertes anciennes avaient \u00e9voqu\u00e9 <a href=\"https:\/\/ma-sante.news\/troubles-anxieux-comment-expliquer-cette-anxiete-aigue-qui-envahit-le-quotidien\/\" rel=\"nofollow noopener\" target=\"_blank\">des risques psychiatriques (anxi\u00e9t\u00e9, d\u00e9pression)<\/a>, mais les derni\u00e8res analyses men\u00e9es par l\u2019EMA n\u2019ont pas confirm\u00e9 de lien de causalit\u00e9 direct. En somme, des effets possibles, mais pas de danger majeur identifi\u00e9 dans les donn\u00e9es actuelles.<\/p>\n<p>        Champix 2025 : quel prix et quel remboursement ?    <\/p>\n<p>Bonne nouvelle pour le porte-monnaie : Champix est rembours\u00e9 \u00e0 65 % par la S\u00e9curit\u00e9 sociale. Le prix varie selon les dosages :<\/p>\n<ul class=\"wp-block-list\">\n<li>Bo\u00eete de 56 comprim\u00e9s \u00e0 1 mg : 54,98 \u20ac<\/li>\n<li>Bo\u00eete de 28 comprim\u00e9s \u00e0 1 mg : 27,70 \u20ac<\/li>\n<\/ul>\n<p>Co\u00fbt total pour une cure de 12 semaines : environ 165 \u20ac, dont 60 \u20ac de reste \u00e0 charge. Un investissement\u2026 pour une vie sans tabac.<\/p>\n<blockquote class=\"wp-block-quote is-layout-flow wp-block-quote-is-layout-flow\">\n<p><strong>\u00c0 SAVOIR<\/strong><\/p>\n<p>Depuis sa remise sur le march\u00e9, Champix (var\u00e9nicline) est \u00e9galement soumis \u00e0 un programme de pharmacovigilance renforc\u00e9e. Ce suivi sp\u00e9cifique permet de d\u00e9tecter rapidement d\u2019\u00e9ventuels effets ind\u00e9sirables rares ou inattendus post-commercialisation. Tous les professionnels de sant\u00e9 sont invit\u00e9s \u00e0 d\u00e9clarer syst\u00e9matiquement tout effet suspect via le portail officiel <a>signalement.social-sante.gouv.fr<\/a>.<\/p>\n<\/blockquote>\n<p>  <a class=\"gofollow\" data-track=\"MTIsMCwxLDYw\" href=\"https:\/\/ma-sante.news\/annonceurs\/\" rel=\"nofollow noopener\" target=\"_blank\"><img loading=\"lazy\" decoding=\"async\" width=\"2560\" height=\"2133\" src=\"data:image\/svg+xml,%3Csvg%20xmlns=\" http:=\"\" data-lazy-src=\"https:\/\/www.europesays.com\/fr\/wp-content\/uploads\/2025\/03\/pub-annonceurs-4-scaled.jpg\"\/><\/a>    <img loading=\"lazy\" decoding=\"async\" width=\"755\" height=\"495\" src=\"data:image\/svg+xml,%3Csvg%20xmlns=\" http:=\"\" data-lazy-src=\"https:\/\/www.europesays.com\/fr\/wp-content\/uploads\/2025\/03\/Image1.jpg\"\/>Inscrivez-vous \u00e0 notre newsletter <br \/>Ma Sant\u00e9                      <\/p>\n","protected":false},"excerpt":{"rendered":"Depuis son retour, Champix est disponible en pharmacie uniquement sur commande, car les stocks restent limit\u00e9s en ce&hellip;\n","protected":false},"author":2,"featured_media":191101,"comment_status":"","ping_status":"","sticky":false,"template":"","format":"standard","meta":{"footnotes":""},"categories":[10],"tags":[1011,27,72,32920,71,6582],"class_list":{"0":"post-191100","1":"post","2":"type-post","3":"status-publish","4":"format-standard","5":"has-post-thumbnail","7":"category-sante","8":"tag-fr","9":"tag-france","10":"tag-health","11":"tag-mois-sans-tabac","12":"tag-sante","13":"tag-tabac"},"share_on_mastodon":{"url":"https:\/\/pubeurope.com\/@fr\/114716045806184604","error":""},"_links":{"self":[{"href":"https:\/\/www.europesays.com\/fr\/wp-json\/wp\/v2\/posts\/191100","targetHints":{"allow":["GET"]}}],"collection":[{"href":"https:\/\/www.europesays.com\/fr\/wp-json\/wp\/v2\/posts"}],"about":[{"href":"https:\/\/www.europesays.com\/fr\/wp-json\/wp\/v2\/types\/post"}],"author":[{"embeddable":true,"href":"https:\/\/www.europesays.com\/fr\/wp-json\/wp\/v2\/users\/2"}],"replies":[{"embeddable":true,"href":"https:\/\/www.europesays.com\/fr\/wp-json\/wp\/v2\/comments?post=191100"}],"version-history":[{"count":0,"href":"https:\/\/www.europesays.com\/fr\/wp-json\/wp\/v2\/posts\/191100\/revisions"}],"wp:featuredmedia":[{"embeddable":true,"href":"https:\/\/www.europesays.com\/fr\/wp-json\/wp\/v2\/media\/191101"}],"wp:attachment":[{"href":"https:\/\/www.europesays.com\/fr\/wp-json\/wp\/v2\/media?parent=191100"}],"wp:term":[{"taxonomy":"category","embeddable":true,"href":"https:\/\/www.europesays.com\/fr\/wp-json\/wp\/v2\/categories?post=191100"},{"taxonomy":"post_tag","embeddable":true,"href":"https:\/\/www.europesays.com\/fr\/wp-json\/wp\/v2\/tags?post=191100"}],"curies":[{"name":"wp","href":"https:\/\/api.w.org\/{rel}","templated":true}]}}