{"id":191104,"date":"2025-06-20T13:59:11","date_gmt":"2025-06-20T13:59:11","guid":{"rendered":"https:\/\/www.europesays.com\/fr\/191104\/"},"modified":"2025-06-20T13:59:11","modified_gmt":"2025-06-20T13:59:11","slug":"hellfest-2025-les-photos-les-plus-folles-de-la-premiere-journee-du-festival-sous-la-canicule","status":"publish","type":"post","link":"https:\/\/www.europesays.com\/fr\/191104\/","title":{"rendered":"Hellfest 2025\u00a0: les photos les plus folles de la premi\u00e8re journ\u00e9e du festival sous la canicule"},"content":{"rendered":"<p class=\"paragraph text_align_left lp-f-body-02\">Le <a href=\"https:\/\/www.leparisien.fr\/culture-loisirs\/musique\/hellfest\/\" target=\"_blank\" rel=\"noreferrer nofollow noopener\">Hellfest<\/a>, festival des musiques extr\u00eames a ouvert jeudi ses portes \u00e0 Clisson (<a href=\"https:\/\/www.leparisien.fr\/loire-atlantique-44\/\" target=\"_blank\" rel=\"noreferrer nofollow noopener\">Loire-Atlantique<\/a>). <a href=\"https:\/\/www.leparisien.fr\/culture-loisirs\/musique\/hellfest\/hellfest-2025-perruques-eventail-et-mur-deau-comment-les-festivaliers-affrontent-la-canicule-20-06-2025-DQ52FO2I4ZHCVO572M2M6AXFBU.php\" target=\"_blank\" rel=\"noreferrer nofollow noopener\">Malgr\u00e9 la canicule<\/a>, les fans sont venus en nombre pour une premi\u00e8re journ\u00e9e haute en couleur o\u00f9 sur les \u00e9pidermes les plus beaux tatouages \u00e9taient frapp\u00e9s de coups de soleil. Retour en images dans l\u2019\u0153il du \u00ab Parisien \u00bb et de notre reporter Olivier Corsan sur une premi\u00e8re journ\u00e9e d\u2019enfer.<\/p>\n<p class=\"paragraph text_align_left lp-f-body-02\"><b>Tr\u00e8s fra\u00eeche selon les dires des douch\u00e9s, l\u2019eau du mur s\u2019av\u00e8re incontournable par canicule<\/b><\/p>\n<p><img decoding=\"async\" class=\"image \" loading=\"lazy\" src=\"https:\/\/www.europesays.com\/fr\/wp-content\/uploads\/2025\/06\/UKALBKZURVECPEKMAAX3GRKPKQ.jpg\" alt=\"\" align=\"\" data-rubrique-principale=\"\" data-article-type=\"\" fetchpriority=\"auto\"\/><\/p>\n<p class=\"paragraph text_align_left lp-f-body-02\"><b>Le diable dans la peau, la journ\u00e9e d\u2019enfer peut commencer<\/b><\/p>\n<p><img decoding=\"async\" class=\"image \" loading=\"lazy\" src=\"https:\/\/www.europesays.com\/fr\/wp-content\/uploads\/2025\/06\/J2KYW5LPUNBT5I7YRD2LRIOCXU.jpg\" alt=\"\" align=\"\" data-rubrique-principale=\"\" data-article-type=\"\" fetchpriority=\"auto\"\/><\/p>\n<p class=\"paragraph text_align_left lp-f-body-02\"><b>La fatigue se fait vite sentir et l\u2019ombre est recherch\u00e9e par les hommes en kilt<\/b><\/p>\n<p><img decoding=\"async\" class=\"image \" loading=\"lazy\" src=\"https:\/\/www.europesays.com\/fr\/wp-content\/uploads\/2025\/06\/3OLCY3YQOVHNBMSX7OJXTRVUQY.jpg\" alt=\"\" align=\"\" data-rubrique-principale=\"\" data-article-type=\"\" fetchpriority=\"auto\"\/><\/p>\n<p class=\"paragraph text_align_left lp-f-body-02\"><b>Kim Dracula a \u00e9t\u00e9 parmi les premiers groupes \u00e0 investir la sc\u00e8ne principale<\/b><\/p>\n<p><img decoding=\"async\" class=\"image \" loading=\"lazy\" src=\"https:\/\/www.europesays.com\/fr\/wp-content\/uploads\/2025\/06\/BPLUOBO4MNBMBLW6GAET2LAUCA.jpg\" alt=\"\" align=\"\" data-rubrique-principale=\"\" data-article-type=\"\" fetchpriority=\"auto\"\/><\/p>\n<p class=\"paragraph text_align_left lp-f-body-02\"><b>Une fan de Slomosa, tatou\u00e9e jusqu\u2019au cou, assiste \u00e0 la performance du jeune groupe<\/b><\/p>\n<p><img decoding=\"async\" class=\"image \" loading=\"lazy\" src=\"https:\/\/www.europesays.com\/fr\/wp-content\/uploads\/2025\/06\/NZUJ47YTFJGIZGSBZQDKWS37KU.jpg\" alt=\"\" align=\"\" data-rubrique-principale=\"\" data-article-type=\"\" fetchpriority=\"auto\"\/><\/p>\n<p class=\"paragraph text_align_left lp-f-body-02\"><b>Le sulfureux Till Lindemann est mont\u00e9 sur sc\u00e8ne de rouge v\u00eatu<\/b><\/p>\n<p><img decoding=\"async\" class=\"image \" loading=\"lazy\" src=\"https:\/\/www.europesays.com\/fr\/wp-content\/uploads\/2025\/06\/EEZWZTV4FREJ7GNEPRKKMPGP3M.jpg\" alt=\"\" align=\"\" data-rubrique-principale=\"\" data-article-type=\"\" fetchpriority=\"auto\"\/><\/p>\n<p class=\"paragraph text_align_left lp-f-body-02\"><b>Tous au mur d\u2019eau ! Un spot id\u00e9al pour se rafra\u00eechir mais pris d\u2019assaut par des milliers de m\u00e9talleux sous la canicule<\/b><\/p>\n<p><img decoding=\"async\" class=\"image \" loading=\"lazy\" src=\"https:\/\/www.europesays.com\/fr\/wp-content\/uploads\/2025\/06\/YQHQWWD7JVEVBCUPJUSDX2FGRY.jpg\" alt=\"\" align=\"\" data-rubrique-principale=\"\" data-article-type=\"\" fetchpriority=\"auto\"\/><\/p>\n<p class=\"paragraph text_align_left lp-f-body-02\"><b>L\u2019\u00e9pilation, une autre fa\u00e7on de dire \u00ab je t\u2019aime \u00bb au Hellfest<\/b><\/p>\n<p><img decoding=\"async\" class=\"image \" loading=\"lazy\" src=\"https:\/\/www.europesays.com\/fr\/wp-content\/uploads\/2025\/06\/EC4RKMZWNNABTMXNBUR6UPEVQI.jpg\" alt=\"\" align=\"\" data-rubrique-principale=\"\" data-article-type=\"\" fetchpriority=\"auto\"\/><\/p>\n<p class=\"paragraph text_align_left lp-f-body-02\"><b>Pendant le concert de Korn, l\u2019\u00e9puisement de certains est manifeste<\/b><\/p>\n<p><img decoding=\"async\" class=\"image \" loading=\"lazy\" src=\"https:\/\/www.europesays.com\/fr\/wp-content\/uploads\/2025\/06\/BPAQ66SZWFETPCPPAWCNXIM7S4.jpg\" alt=\"\" align=\"\" data-rubrique-principale=\"\" data-article-type=\"\" fetchpriority=\"auto\"\/><\/p>\n","protected":false},"excerpt":{"rendered":"Le Hellfest, festival des musiques extr\u00eames a ouvert jeudi ses portes \u00e0 Clisson (Loire-Atlantique). Malgr\u00e9 la canicule, les&hellip;\n","protected":false},"author":2,"featured_media":191105,"comment_status":"","ping_status":"","sticky":false,"template":"","format":"standard","meta":{"footnotes":""},"categories":[8],"tags":[1687,459,58,59,1011,27,16501,873],"class_list":{"0":"post-191104","1":"post","2":"type-post","3":"status-publish","4":"format-standard","5":"has-post-thumbnail","7":"category-divertissement","8":"tag-culture-loisirs","9":"tag-departements-horsidfo","10":"tag-divertissement","11":"tag-entertainment","12":"tag-fr","13":"tag-france","14":"tag-hellfest","15":"tag-musique"},"share_on_mastodon":{"url":"https:\/\/pubeurope.com\/@fr\/114716053971421022","error":""},"_links":{"self":[{"href":"https:\/\/www.europesays.com\/fr\/wp-json\/wp\/v2\/posts\/191104","targetHints":{"allow":["GET"]}}],"collection":[{"href":"https:\/\/www.europesays.com\/fr\/wp-json\/wp\/v2\/posts"}],"about":[{"href":"https:\/\/www.europesays.com\/fr\/wp-json\/wp\/v2\/types\/post"}],"author":[{"embeddable":true,"href":"https:\/\/www.europesays.com\/fr\/wp-json\/wp\/v2\/users\/2"}],"replies":[{"embeddable":true,"href":"https:\/\/www.europesays.com\/fr\/wp-json\/wp\/v2\/comments?post=191104"}],"version-history":[{"count":0,"href":"https:\/\/www.europesays.com\/fr\/wp-json\/wp\/v2\/posts\/191104\/revisions"}],"wp:featuredmedia":[{"embeddable":true,"href":"https:\/\/www.europesays.com\/fr\/wp-json\/wp\/v2\/media\/191105"}],"wp:attachment":[{"href":"https:\/\/www.europesays.com\/fr\/wp-json\/wp\/v2\/media?parent=191104"}],"wp:term":[{"taxonomy":"category","embeddable":true,"href":"https:\/\/www.europesays.com\/fr\/wp-json\/wp\/v2\/categories?post=191104"},{"taxonomy":"post_tag","embeddable":true,"href":"https:\/\/www.europesays.com\/fr\/wp-json\/wp\/v2\/tags?post=191104"}],"curies":[{"name":"wp","href":"https:\/\/api.w.org\/{rel}","templated":true}]}}