{"id":191108,"date":"2025-06-20T14:01:11","date_gmt":"2025-06-20T14:01:11","guid":{"rendered":"https:\/\/www.europesays.com\/fr\/191108\/"},"modified":"2025-06-20T14:01:11","modified_gmt":"2025-06-20T14:01:11","slug":"ralentissement-de-leconomie-russe-la-tension-monte-a-moscou-entre-gouvernement-et-banque-centrale-20-06-2025-a-1354","status":"publish","type":"post","link":"https:\/\/www.europesays.com\/fr\/191108\/","title":{"rendered":"Ralentissement de l&rsquo;\u00e9conomie russe : la tension monte \u00e0 Moscou entre gouvernement et Banque centrale &#8211; 20\/06\/2025 \u00e0 13:54"},"content":{"rendered":"<p> Si la Pr\u00e9sidente de la Banque centrale russe r\u00e9p\u00e8te sa volont\u00e9 de conserver des taux \u00e9lev\u00e9s pour lutter contre l&rsquo;inflation, plusieurs membres de l&rsquo;\u00e9quipe gouvernementale proches des milieux \u00e9conomiques plaident au contraire pour un \u00ab\u00a0r\u00e9chauffement d&rsquo;une \u00e9conomie\u00a0\u00bb d\u00e9sormais \u00ab\u00a0au bord\u00a0\u00bb de la r\u00e9cession.<\/p>\n<p>        <img fetchpriority=\"high\" decoding=\"async\" src=\"https:\/\/www.europesays.com\/fr\/wp-content\/uploads\/2025\/06\/84e81997dc44e110aeae4d1a7e15b5ab-760x507.jpg\" alt=\"Elvira Nabioullina, au forum de Saint-P\u00e9tersbourg, le 19 juin 2025 ( AFP \/ OLGA MALTSEVA )\" loading=\"eager\" width=\"760\" height=\"507\" style=\"max-width: 100%!important; height: auto;\"\/><\/p>\n<p class=\"c-image-news__legend\">Elvira Nabioullina, au forum de Saint-P\u00e9tersbourg, le 19 juin 2025 ( AFP \/ OLGA MALTSEVA )<\/p>\n<p>\n Apr\u00e8s deux ann\u00e9es 2023 et 2024 marqu\u00e9es par une r\u00e9silience inattendue face aux sanctions prises par les Occidentaux depuis 2022 en repr\u00e9sailles \u00e0 l&rsquo;invasion de l&rsquo;Ukraine, l&rsquo;\u00e9conomie de la Russie marque d\u00e9sormais le pas. Dans ce contexte, le gouvernement russe et la Banque centrale (BCR) ont affich\u00e9 leurs divergences dans le cadre du forum \u00e9conomique de Saint-P\u00e9tersbourg, \u00e0 propos des moyens \u00e0 mettre en place pour dynamiser l&rsquo;activit\u00e9, en plein ralentissement de la croissance apr\u00e8s deux ann\u00e9es de surchauffe.\n<\/p>\n<p>\n Les lourds investissements publics dans le complexe militaro-industriel pour soutenir l&rsquo;arm\u00e9e russe ne permettent plus de stimuler l&rsquo;\u00e9conomie. Et pour plusieurs acteurs \u00e9conomiques de poids,<br \/>\n <strong><br \/>\n  la responsable est toute trouv\u00e9e: la patronne de la Banque centrale, Elvira Nabioullina, qui m\u00e8ne une politique mon\u00e9taire tr\u00e8s stricte, avec un taux directeur tr\u00e8s \u00e9lev\u00e9, \u00e0 20%<br \/>\n <\/strong><br \/>\n (abaiss\u00e9 d&rsquo;un point d\u00e9but juin), pour lutter \u00e0 tout prix contre l&rsquo;inflation.\n<\/p>\n<p>\n Cette orientation est contest\u00e9e sans d\u00e9tours par le patronat et certains ministres du bloc \u00e9conomique.<br \/>\n <strong><br \/>\n  \u00ab\u00a0Les indicateurs montrent qu&rsquo;il est n\u00e9cessaire de baisser les taux d&rsquo;int\u00e9r\u00eat, qu&rsquo;il faut passer d&rsquo;un refroidissement contr\u00f4l\u00e9 \u00e0 un r\u00e9chauffement de l&rsquo;\u00e9conomie\u00a0\u00bb,<br \/>\n <\/strong><br \/>\n a tonn\u00e9 le vice-Premier ministre, Alexandre Novak, en charge au sein du gouvernement de l&rsquo;important dossier de l&rsquo;\u00e9nergie.<br \/>\n <strong><br \/>\n  \u00ab\u00a0Il est l&rsquo;heure de baisser\u00a0\u00bb le taux directeur, a-t-il appuy\u00e9, mettant en garde contre le risque de \u00ab\u00a0rater le moment opportun\u00a0\u00bb,<br \/>\n <\/strong><br \/>\n alors qu&rsquo;il a qualifi\u00e9 la conjoncture actuelle de \u00ab\u00a0douloureuse\u00a0\u00bb.\n<\/p>\n<p> Un traitement de choc \u00ab\u00a0\u00e9puis\u00e9\u00a0\u00bb ?<\/p>\n<p>\n La croissance a ralenti au premier trimestre \u00e0 1,4%, son niveau le plus faible depuis les trois premiers mois de 2023, selon des chiffres officiels, et les perspectives sont moins bonnes que l&rsquo;an pass\u00e9. Jeudi, le ministre de l&rsquo;Economie, Maxime Rechetnikov, avait de son c\u00f4t\u00e9 averti \u00e0 Saint-P\u00e9tersbourg que<br \/>\n <a href=\"https:\/\/www.boursorama.com\/actualite-economique\/actualites\/russie-le-ministre-de-l-economie-dit-que-le-pays-est-au-bord-de-la-recession-95e3b65c17bc2db25a007f033ac94528\" title=\"Russie: le ministre de l Economie dit que le pays est  au bord  de la r\u00e9cession\" rel=\"nofollow noopener\" target=\"_blank\"><br \/>\n  l&rsquo;\u00e9conomie russe \u00e9tait \u00ab\u00a0au bord\u00a0\u00bb de la r\u00e9cession et que sa capacit\u00e9 de rebond d\u00e9pendait \u00ab\u00a0des d\u00e9cisions\u00a0\u00bb prises par l&rsquo;Etat russe et la Banque centrale,<br \/>\n <\/a><br \/>\n notamment concernant les taux.\n<\/p>\n<p>\n Deux jours plus t\u00f4t, le conseiller \u00e9conomique de Vladimir Poutine, Maxime Orechkine, avait, quant \u00e0 lui, estim\u00e9 que le mod\u00e8le de croissance russe, mis en place en urgence depuis 2022 pour encaisser le choc des sanctions, \u00e9tait \u00ab\u00a0\u00e9puis\u00e9\u00a0\u00bb et devait \u00eatre repens\u00e9.\n<\/p>\n<p>\n Malgr\u00e9 ces critiques publiques, la Banque centrale semble vouloir maintenir sa politique limitant les cr\u00e9dits, au moment o\u00f9 l&rsquo;inflation atteint toujours pr\u00e8s de 10%. \u00ab\u00a0Une simple baisse rapide du taux directeur ne changera probablement pas grand-chose \u00e0 court terme, si ce n&rsquo;est le niveau des prix et leur augmentation\u00a0\u00bb, a r\u00e9pondu \u00e0 Saint-P\u00e9tersbourg Andre\u00ef Gangan, directeur du d\u00e9partement de la politique mon\u00e9taire de la BCR. Dans ce contexte de divergences \u00e9tal\u00e9es sur la place publique, le pr\u00e9sident Vladimir Poutine doit s&rsquo;exprimer vendredi apr\u00e8s-midi lors de la session pl\u00e9ni\u00e8re du forum \u00e9conomique.<\/p>\n","protected":false},"excerpt":{"rendered":"Si la Pr\u00e9sidente de la Banque centrale russe r\u00e9p\u00e8te sa volont\u00e9 de conserver des taux \u00e9lev\u00e9s pour lutter&hellip;\n","protected":false},"author":2,"featured_media":191109,"comment_status":"","ping_status":"","sticky":false,"template":"","format":"standard","meta":{"footnotes":""},"categories":[6],"tags":[400,398,408,35,405,33,34,1011,27,403,402,399,404,401,406,407],"class_list":{"0":"post-191108","1":"post","2":"type-post","3":"status-publish","4":"format-standard","5":"has-post-thumbnail","7":"category-economie","8":"tag-action-cac-40","9":"tag-bourse-de-paris","10":"tag-boursorama","11":"tag-business","12":"tag-cotations","13":"tag-economie","14":"tag-economy","15":"tag-fr","16":"tag-france","17":"tag-indices-devises","18":"tag-investir","19":"tag-investissement","20":"tag-marche-boursier","21":"tag-sicav","22":"tag-trackers","23":"tag-warrants"},"share_on_mastodon":{"url":"https:\/\/pubeurope.com\/@fr\/114716061863344453","error":""},"_links":{"self":[{"href":"https:\/\/www.europesays.com\/fr\/wp-json\/wp\/v2\/posts\/191108","targetHints":{"allow":["GET"]}}],"collection":[{"href":"https:\/\/www.europesays.com\/fr\/wp-json\/wp\/v2\/posts"}],"about":[{"href":"https:\/\/www.europesays.com\/fr\/wp-json\/wp\/v2\/types\/post"}],"author":[{"embeddable":true,"href":"https:\/\/www.europesays.com\/fr\/wp-json\/wp\/v2\/users\/2"}],"replies":[{"embeddable":true,"href":"https:\/\/www.europesays.com\/fr\/wp-json\/wp\/v2\/comments?post=191108"}],"version-history":[{"count":0,"href":"https:\/\/www.europesays.com\/fr\/wp-json\/wp\/v2\/posts\/191108\/revisions"}],"wp:featuredmedia":[{"embeddable":true,"href":"https:\/\/www.europesays.com\/fr\/wp-json\/wp\/v2\/media\/191109"}],"wp:attachment":[{"href":"https:\/\/www.europesays.com\/fr\/wp-json\/wp\/v2\/media?parent=191108"}],"wp:term":[{"taxonomy":"category","embeddable":true,"href":"https:\/\/www.europesays.com\/fr\/wp-json\/wp\/v2\/categories?post=191108"},{"taxonomy":"post_tag","embeddable":true,"href":"https:\/\/www.europesays.com\/fr\/wp-json\/wp\/v2\/tags?post=191108"}],"curies":[{"name":"wp","href":"https:\/\/api.w.org\/{rel}","templated":true}]}}