{"id":191112,"date":"2025-06-20T14:03:16","date_gmt":"2025-06-20T14:03:16","guid":{"rendered":"https:\/\/www.europesays.com\/fr\/191112\/"},"modified":"2025-06-20T14:03:16","modified_gmt":"2025-06-20T14:03:16","slug":"marie-mercier-continue-le-combat","status":"publish","type":"post","link":"https:\/\/www.europesays.com\/fr\/191112\/","title":{"rendered":"Marie Mercier \u00ab\u00a0continue le combat\u00a0\u00bb"},"content":{"rendered":"<p>\u00ab\u00a0Dans l\u2019attente de voir s\u2019il \u00e9tait compatible avec le droit europ\u00e9en, le tribunal administratif de Paris a d\u00e9cid\u00e9 de suspendre l\u2019arr\u00eat\u00e9 du gouvernement imposant depuis le 7\u00a0juin aux plateformes pornographiques situ\u00e9es dans l\u2019Union europ\u00e9enne de v\u00e9rifier l\u2019\u00e2ge de leurs utilisateurs. C\u2019est un \u00e9pisode de plus dans le long combat men\u00e9 pour prot\u00e9ger nos enfants depuis le vote de mon amendement en juin\u00a02020, car les sites usent de tous les moyens pour s\u2019exon\u00e9rer de leurs obligations. <a href=\"https:\/\/www.lemonde.fr\/pixels\/article\/2025\/06\/04\/pourquoi-pornhub-ferme-en-france_6610505_4408996.html\" target=\"_blank\" rel=\"nofollow noopener\">Le groupe Aylo, qui avait \u00e0 grand bruit cess\u00e9 les diffusions de trois plateformes en France<\/a>, vient donc de les rouvrir.\u00a0\u00bb<\/p>\n<p>Dans un communiqu\u00e9, la s\u00e9natrice sa\u00f4ne-et-loirienne Marie Mercier se dit d\u00e9\u00e7ue de cette d\u00e9cision \u00ab\u00a0mais pas surprise\u00a0\u00bb.<\/p>\n<p>\u00ab\u00a0Si la loi s\u2019applique d\u00e9sormais pour les sites fran\u00e7ais et extra-europ\u00e9ens, la question europ\u00e9enne reste en suspens. Plusieurs notions s\u2019opposent, mais je rappelle que les \u00c9tats membres sont cens\u00e9s garantir chez eux l\u2019ordre public, la protection de la sant\u00e9 publique, la s\u00e9curit\u00e9 publique et la protection des consommateurs, et de ce fait prot\u00e9ger les mineurs. N\u00e9anmoins, les choses bougent dans le bon sens\u00a0:<\/p>\n<p> \u25b6 \u2002La Commission europ\u00e9enne a annonc\u00e9 en mai l\u2019ouverture d\u2019enqu\u00eates formelles \u00e0 l\u2019encontre de plateformes pornographiques se contentant d\u2019un contr\u00f4le de l\u2019\u00e2ge d\u00e9claratif \u00ab\u00a0j\u2019ai plus de 18 ans\u00a0\u00bb, jug\u00e9 insuffisant et susceptible d\u2019exposer des mineurs \u00e0 des contenus inappropri\u00e9s.<\/p>\n<p> \u25b6 \u2002D\u00e8s le mois de juillet, l\u2019Union europ\u00e9enne doit d\u00e9ployer une application de v\u00e9rification de l\u2019\u00e2ge, qui permettra de confirmer l\u2019\u00e2ge des utilisateurs sans transmettre leurs informations personnelles aux plateformes en ligne. D\u00e9\u00e7ue mais pas surprise, le combat continue.\u00a0\u00bb<\/p>\n","protected":false},"excerpt":{"rendered":"\u00ab\u00a0Dans l\u2019attente de voir s\u2019il \u00e9tait compatible avec le droit europ\u00e9en, le tribunal administratif de Paris a d\u00e9cid\u00e9&hellip;\n","protected":false},"author":2,"featured_media":191113,"comment_status":"","ping_status":"","sticky":false,"template":"","format":"standard","meta":{"footnotes":""},"categories":[4],"tags":[11,274,107,1011,27,12,316,25,6003],"class_list":{"0":"post-191112","1":"post","2":"type-post","3":"status-publish","4":"format-standard","5":"has-post-thumbnail","7":"category-france","8":"tag-actualites","9":"tag-faits-divers-justice","10":"tag-fil-info","11":"tag-fr","12":"tag-france","13":"tag-news","14":"tag-politique","15":"tag-republique-francaise","16":"tag-saone-et-loire"},"share_on_mastodon":{"url":"https:\/\/pubeurope.com\/@fr\/114716069329706681","error":""},"_links":{"self":[{"href":"https:\/\/www.europesays.com\/fr\/wp-json\/wp\/v2\/posts\/191112","targetHints":{"allow":["GET"]}}],"collection":[{"href":"https:\/\/www.europesays.com\/fr\/wp-json\/wp\/v2\/posts"}],"about":[{"href":"https:\/\/www.europesays.com\/fr\/wp-json\/wp\/v2\/types\/post"}],"author":[{"embeddable":true,"href":"https:\/\/www.europesays.com\/fr\/wp-json\/wp\/v2\/users\/2"}],"replies":[{"embeddable":true,"href":"https:\/\/www.europesays.com\/fr\/wp-json\/wp\/v2\/comments?post=191112"}],"version-history":[{"count":0,"href":"https:\/\/www.europesays.com\/fr\/wp-json\/wp\/v2\/posts\/191112\/revisions"}],"wp:featuredmedia":[{"embeddable":true,"href":"https:\/\/www.europesays.com\/fr\/wp-json\/wp\/v2\/media\/191113"}],"wp:attachment":[{"href":"https:\/\/www.europesays.com\/fr\/wp-json\/wp\/v2\/media?parent=191112"}],"wp:term":[{"taxonomy":"category","embeddable":true,"href":"https:\/\/www.europesays.com\/fr\/wp-json\/wp\/v2\/categories?post=191112"},{"taxonomy":"post_tag","embeddable":true,"href":"https:\/\/www.europesays.com\/fr\/wp-json\/wp\/v2\/tags?post=191112"}],"curies":[{"name":"wp","href":"https:\/\/api.w.org\/{rel}","templated":true}]}}