{"id":191121,"date":"2025-06-20T14:08:13","date_gmt":"2025-06-20T14:08:13","guid":{"rendered":"https:\/\/www.europesays.com\/fr\/191121\/"},"modified":"2025-06-20T14:08:13","modified_gmt":"2025-06-20T14:08:13","slug":"il-est-interpelle-suite-a-la-geolocalisation","status":"publish","type":"post","link":"https:\/\/www.europesays.com\/fr\/191121\/","title":{"rendered":"il est interpell\u00e9 suite \u00e0 la g\u00e9olocalisation"},"content":{"rendered":"<p>L\u2019\u00e9t\u00e9 est l\u00e0 et, avec lui, les premiers d\u00e9parts en vacances\u2026 Et, dans la foul\u00e9e, les premi\u00e8res publications sur les r\u00e9seaux sociaux des estivants vivant leur meilleure vie.<\/p>\n<p>De quoi confirmer que la voie est libre et leur logement vide de ses habitants. C\u2019est ce que s\u2019est dit cet homme, \u00e2g\u00e9 de 25 ans. Mercredi, aux alentours de 15\u00a0h, voyant, gr\u00e2ce aux posts de ceux-ci, que les propri\u00e9taires d\u2019un logement, situ\u00e9 rue de Phalsbourg \u00e0 Nancy, sont absents, il entre par effraction dans leur appartement.<\/p>\n<p>Il retourne tout pour, finalement, repartir avec une console de jeux vid\u00e9o PS5 et une trottinette \u00e9lectrique. Peu de temps apr\u00e8s, un proche des vacanciers, passant r\u00e9guli\u00e8rement voir si tout va bien, s\u2019aper\u00e7oit du m\u00e9fait, les pr\u00e9vient et alerte la police.<\/p>\n<p>Police qui cueille le cambrioleur \u00e0 Essey-l\u00e8s-Nancy alors qu\u2019il tente de revendre l\u2019engin dans une boutique. Interpellation rapide et rendue possible gr\u00e2ce \u00e0 la g\u00e9olocalisation de la trottinette.<\/p>\n<p>Interpell\u00e9 par la Section d\u2019intervention, et plac\u00e9 en garde \u00e0 vue par le Groupe d\u2019action judiciaire, l\u2019homme, originaire de Saulxures-l\u00e8s-Nancy, et connu des services de police, a gard\u00e9 le silence. Il ressort juste qu\u2019il aurait un diff\u00e9rend avec ses victimes\u2026 Victimes n\u2019\u00e9tant visiblement pas au fait\u00a0!<\/p>\n<p>Quoi qu\u2019il en soit, il devrait r\u00e9pondre de ses actes devant le tribunal correctionnel de Nancy, lundi, dans le cadre d\u2019une proc\u00e9dure de comparution imm\u00e9diate.<\/p>\n","protected":false},"excerpt":{"rendered":"L\u2019\u00e9t\u00e9 est l\u00e0 et, avec lui, les premiers d\u00e9parts en vacances\u2026 Et, dans la foul\u00e9e, les premi\u00e8res publications&hellip;\n","protected":false},"author":2,"featured_media":191122,"comment_status":"","ping_status":"","sticky":false,"template":"","format":"standard","meta":{"footnotes":""},"categories":[9635],"tags":[1111,11,271,272,1704,1777,674,274,1011,27,775,3457,1702,1703,12,25],"class_list":{"0":"post-191121","1":"post","2":"type-post","3":"status-publish","4":"format-standard","5":"has-post-thumbnail","7":"category-nancy","8":"tag-actu","9":"tag-actualites","10":"tag-crime","11":"tag-delit-et-contravention","12":"tag-edition-nancy-et-agglomeration","13":"tag-eu","14":"tag-europe","15":"tag-faits-divers-justice","16":"tag-fr","17":"tag-france","18":"tag-grand-est","19":"tag-meurthe-et-moselle","20":"tag-nancy","21":"tag-nancy-ville-54b","22":"tag-news","23":"tag-republique-francaise"},"share_on_mastodon":{"url":"https:\/\/pubeurope.com\/@fr\/114716088975464901","error":""},"_links":{"self":[{"href":"https:\/\/www.europesays.com\/fr\/wp-json\/wp\/v2\/posts\/191121","targetHints":{"allow":["GET"]}}],"collection":[{"href":"https:\/\/www.europesays.com\/fr\/wp-json\/wp\/v2\/posts"}],"about":[{"href":"https:\/\/www.europesays.com\/fr\/wp-json\/wp\/v2\/types\/post"}],"author":[{"embeddable":true,"href":"https:\/\/www.europesays.com\/fr\/wp-json\/wp\/v2\/users\/2"}],"replies":[{"embeddable":true,"href":"https:\/\/www.europesays.com\/fr\/wp-json\/wp\/v2\/comments?post=191121"}],"version-history":[{"count":0,"href":"https:\/\/www.europesays.com\/fr\/wp-json\/wp\/v2\/posts\/191121\/revisions"}],"wp:featuredmedia":[{"embeddable":true,"href":"https:\/\/www.europesays.com\/fr\/wp-json\/wp\/v2\/media\/191122"}],"wp:attachment":[{"href":"https:\/\/www.europesays.com\/fr\/wp-json\/wp\/v2\/media?parent=191121"}],"wp:term":[{"taxonomy":"category","embeddable":true,"href":"https:\/\/www.europesays.com\/fr\/wp-json\/wp\/v2\/categories?post=191121"},{"taxonomy":"post_tag","embeddable":true,"href":"https:\/\/www.europesays.com\/fr\/wp-json\/wp\/v2\/tags?post=191121"}],"curies":[{"name":"wp","href":"https:\/\/api.w.org\/{rel}","templated":true}]}}