{"id":191123,"date":"2025-06-20T14:09:09","date_gmt":"2025-06-20T14:09:09","guid":{"rendered":"https:\/\/www.europesays.com\/fr\/191123\/"},"modified":"2025-06-20T14:09:09","modified_gmt":"2025-06-20T14:09:09","slug":"hotel-a-insectes-nichoirs-petit-verger-la-cour-de-recreation-de-cette-ecole-a-la-valette-du-var-bientot-reamenagee","status":"publish","type":"post","link":"https:\/\/www.europesays.com\/fr\/191123\/","title":{"rendered":"H\u00f4tel \u00e0 insectes, nichoirs, petit verger&#8230; La cour de r\u00e9cr\u00e9ation de cette \u00e9cole \u00e0 La Valette-du-Var bient\u00f4t r\u00e9am\u00e9nag\u00e9e"},"content":{"rendered":"<p>Sous un soleil d\u00e9j\u00e0 mordant, la cour de <strong>l\u2019\u00e9cole C\u00e9lestin-Freinet<\/strong> semble fig\u00e9e dans le bitume et les fissures du temps. Mais ce d\u00e9cor aust\u00e8re vit ses derniers mois: la municipalit\u00e9 de La Valette a pr\u00e9sent\u00e9 un ambitieux projet de r\u00e9am\u00e9nagement, plac\u00e9 sous le signe de la <strong>d\u00e9simperm\u00e9abilisation<\/strong> et de <strong>l\u2019adaptation climatique.<\/strong> Une mue profonde, \u00ab\u00a0pens\u00e9e \u00e0 la fois pour le confort des enfants et la r\u00e9g\u00e9n\u00e9ration \u00e9cologique du site\u00a0\u00bb.\u00a0C\u2019est au c\u0153ur de l\u2019\u00e9tablissement, en pr\u00e9sence du maire Thierry Albertini, de l\u2019architecte Thierry Ami, des enseignants et de nombreux parents d\u2019\u00e9l\u00e8ves, que les grandes lignes du projet ont \u00e9t\u00e9 d\u00e9voil\u00e9es.<\/p>\n<p>H\u00f4tel \u00e0 insectes, nichoirs, petit verger et potager <\/p>\n<p>La cour basse, aujourd\u2019hui couverte d\u2019un enrob\u00e9 noir, et la cour haute, recouverte d\u2019un rev\u00eatement synth\u00e9tique us\u00e9, seront en grande partie remplac\u00e9es par des mat\u00e9riaux drainants. L\u2019objectif: favoriser l\u2019infiltration des eaux de pluie, casser les \u00eelots de chaleur et offrir un cadre plus apais\u00e9 aux \u00e9l\u00e8ves. Des perc\u00e9es dans les sols permettront d\u2019y planter de nouveaux arbres, choisis parmi des essences sobres en eau et adapt\u00e9es au climat m\u00e9diterran\u00e9en.<\/p>\n<p>Le projet ne se limite pas au sol. <strong>Des cabanes en bois, des rondins \u00e0 escalader et du mobilier r\u00e9employ\u00e9<\/strong> ponctueront les espaces, invitant au jeu libre autant qu\u2019\u00e0 la d\u00e9tente. <strong>Un h\u00f4tel \u00e0 insectes, des nichoirs<\/strong>, ainsi qu\u2019un <strong>mini-verger<\/strong> viendront enrichir la trame \u00e9cologique. <strong>Le potager<\/strong> existant, quant \u00e0 lui, sera renforc\u00e9 par une cuve de r\u00e9cup\u00e9ration d\u2019eau de pluie et un bac \u00e0 compost encouragera une gestion vertueuse des d\u00e9chets verts.<\/p>\n<p><strong>La v\u00e9g\u00e9talisation, point d\u2019ancrage du projet<\/strong>, s\u2019accompagne d\u2019un travail de valorisation du patrimoine arbor\u00e9 existant. Des lilas de Perse, des m\u00fbriers platanes et un Melia azedarach seront pr\u00e9serv\u00e9s et int\u00e9gr\u00e9s au nouveau paysage, pens\u00e9 comme un lieu de respiration pour toute la communaut\u00e9 scolaire.<\/p>\n<p><strong>Un marquage au sol cr\u00e9atif<\/strong> (pistes de course, formes ludiques, rep\u00e8res graphiques) compl\u00e9tera l\u2019ensemble, stimulant l\u2019imaginaire sans alourdir le budget. Les cheminements conserveront leur fonctionnalit\u00e9, avec une attention port\u00e9e \u00e0 l\u2019accessibilit\u00e9 et aux acc\u00e8s de secours. Livraison pr\u00e9vue \u00e0 l\u2019horizon 2024.<\/p>\n","protected":false},"excerpt":{"rendered":"Sous un soleil d\u00e9j\u00e0 mordant, la cour de l\u2019\u00e9cole C\u00e9lestin-Freinet semble fig\u00e9e dans le bitume et les fissures&hellip;\n","protected":false},"author":2,"featured_media":191124,"comment_status":"","ping_status":"","sticky":false,"template":"","format":"standard","meta":{"footnotes":""},"categories":[9619],"tags":[1111,11,1777,674,1011,27,12,882,25,2310,3366],"class_list":{"0":"post-191123","1":"post","2":"type-post","3":"status-publish","4":"format-standard","5":"has-post-thumbnail","7":"category-toulon","8":"tag-actu","9":"tag-actualites","10":"tag-eu","11":"tag-europe","12":"tag-fr","13":"tag-france","14":"tag-news","15":"tag-provence-alpes-cote-dazur","16":"tag-republique-francaise","17":"tag-toulon","18":"tag-vie-locale"},"share_on_mastodon":{"url":"https:\/\/pubeurope.com\/@fr\/114716092905525200","error":""},"_links":{"self":[{"href":"https:\/\/www.europesays.com\/fr\/wp-json\/wp\/v2\/posts\/191123","targetHints":{"allow":["GET"]}}],"collection":[{"href":"https:\/\/www.europesays.com\/fr\/wp-json\/wp\/v2\/posts"}],"about":[{"href":"https:\/\/www.europesays.com\/fr\/wp-json\/wp\/v2\/types\/post"}],"author":[{"embeddable":true,"href":"https:\/\/www.europesays.com\/fr\/wp-json\/wp\/v2\/users\/2"}],"replies":[{"embeddable":true,"href":"https:\/\/www.europesays.com\/fr\/wp-json\/wp\/v2\/comments?post=191123"}],"version-history":[{"count":0,"href":"https:\/\/www.europesays.com\/fr\/wp-json\/wp\/v2\/posts\/191123\/revisions"}],"wp:featuredmedia":[{"embeddable":true,"href":"https:\/\/www.europesays.com\/fr\/wp-json\/wp\/v2\/media\/191124"}],"wp:attachment":[{"href":"https:\/\/www.europesays.com\/fr\/wp-json\/wp\/v2\/media?parent=191123"}],"wp:term":[{"taxonomy":"category","embeddable":true,"href":"https:\/\/www.europesays.com\/fr\/wp-json\/wp\/v2\/categories?post=191123"},{"taxonomy":"post_tag","embeddable":true,"href":"https:\/\/www.europesays.com\/fr\/wp-json\/wp\/v2\/tags?post=191123"}],"curies":[{"name":"wp","href":"https:\/\/api.w.org\/{rel}","templated":true}]}}