{"id":191139,"date":"2025-06-20T14:19:13","date_gmt":"2025-06-20T14:19:13","guid":{"rendered":"https:\/\/www.europesays.com\/fr\/191139\/"},"modified":"2025-06-20T14:19:13","modified_gmt":"2025-06-20T14:19:13","slug":"le-temoignage-dun-elu-de-rennes-face-a-la-violence","status":"publish","type":"post","link":"https:\/\/www.europesays.com\/fr\/191139\/","title":{"rendered":"le t\u00e9moignage d\u2019un \u00e9lu de Rennes face \u00e0 la violence"},"content":{"rendered":"<p><strong>FIGAROVOX\/TRIBUNE &#8211;<\/strong> Apr\u00e8s avoir assist\u00e9 \u00e0 une fusillade \u00e0 Rennes, l\u2019\u00e9lu d\u2019opposition Horizons, Charles Compagnon, d\u00e9nonce l\u2019ins\u00e9curit\u00e9 grandissante dans sa ville et l\u2019inaction de la gauche municipale, enferm\u00e9e dans des postures id\u00e9ologiques.<\/p>\n<p class=\"fig-paragraph\">Charles Compagnon est conseiller municipal et m\u00e9tropolitain d\u2019opposition \u00e0 Rennes et chef de file Horizons pour les municipales 2026.<\/p>\n<p class=\"fig-paragraph\">Le 17 avril dernier, alors que je prenais un caf\u00e9 avec un coll\u00e8gue dans le quartier de\u00a0<a href=\"http:\/\/www.lefigaro.fr\/faits-divers\/fusillade-a-rennes-les-gardes-a-vue-des-3-suspects-prolongees-20250506\" target=\"_blank\" data-fig-type=\"NewsFlash\" rel=\"noopener\" data-gtm-custom-categorie=\"navigation\" data-gtm-custom-action=\"crossclick\" data-gtm-custom-label=\"Contextuel\" data-gtm-event=\"customEventSPE\" data-fig-domain=\"LEFIGARO\">Villejean\u00a0<\/a>\u00e0 Rennes, trois hommes ont ouvert le feu. Trois jeunes sont tomb\u00e9s. Moi, je suis rest\u00e9 au sol, attendant la balle qui mettrait fin \u00e0 ma vie. Elle n\u2019est pas venue. Le drame que j\u2019ai v\u00e9cu aurait pu co\u00fbter la vie \u00e0 n\u2019importe qui. Ces violences ne sont plus l\u2019exception\u00a0: elles s\u2019installent dans nos villes. Il est temps de dire que\u00a0<a href=\"http:\/\/www.lefigaro.fr\/actualite-france\/ensauvagement-peines-planchers-justice-rapide-a-marseille-edouard-philippe-muscle-son-discours-20250517\" target=\"_blank\" data-fig-type=\"NewsFlash\" rel=\"noopener\" data-gtm-custom-categorie=\"navigation\" data-gtm-custom-action=\"crossclick\" data-gtm-custom-label=\"Contextuel\" data-gtm-event=\"customEventSPE\" data-fig-domain=\"LEFIGARO\">l\u2019ensauvagement\u00a0<\/a>de nos quartiers n\u2019\u00e9pargne plus personne, et que les \u00e9lus locaux ne peuvent rester seuls face \u00e0 cette d\u00e9rive.<\/p>\n<p class=\"fig-paragraph\">Ce jour-l\u00e0, j\u2019ai \u00e9t\u00e9 confront\u00e9, non pas \u00e0 un fait divers, mais \u00e0 un fait politique. La violence ne conna\u00eet plus de limites, ni de fronti\u00e8res. Elle frappe en plein jour, \u00e0 proximit\u00e9 imm\u00e9diate des \u00e9tablissements scolaires, commerces ou services publics, sous les yeux de citoyens ordinaires. Elle frappe d\u00e9sormais les \u00e9lus eux-m\u00eames, quand ils ont fait le choix de se rendre pr\u00e9sents dans les quartiers, au contact des habitants, loin des salons feutr\u00e9s et des certitudes id\u00e9ologiques. Vivre \u00e0 hauteur d\u2019habitants, c\u2019est d\u00e9sormais parfois croiser le canon d\u2019une arme.<\/p>\n<p class=\"fig-paragraph\">\u00c0 Rennes, depuis plusieurs ann\u00e9es, nous alertons. Les trafics s\u2019installent, les bandes s\u2019arment, les tirs se multiplient, transformant certains quartiers en zones de non-droit. Face \u00e0 cela, que fait la mairie\u00a0? Rien. Ou si peu. Les mots changent\u00a0: on parle enfin de \u00ab prise de conscience\u00a0\u00bb. Mais les actes ne suivent pas. On se d\u00e9fausse sur l\u2019\u00c9tat, on invoque la pr\u00e9vention comme unique r\u00e9ponse, on refuse les outils que d\u2019autres villes \u2013 y compris dirig\u00e9es par la gauche \u2013 ont mis en \u0153uvre avec pragmatisme. Ce qui arrive \u00e0 Rennes n\u2019est pas une exception. C\u2019est ce qui se passe \u00e0 Marseille, \u00e0 Grenoble, \u00e0 Nantes\u2026 Partout,\u00a0<a href=\"http:\/\/www.lefigaro.fr\/actualite-france\/trafic-de-drogue-53-5-tonnes-de-cocaine-saisies-en-2024-plus-du-double-par-rapport-a-2023-20250206\" target=\"_blank\" data-fig-type=\"NewsFlash\" rel=\"noopener\" data-gtm-custom-categorie=\"navigation\" data-gtm-custom-action=\"crossclick\" data-gtm-custom-label=\"Contextuel\" data-gtm-event=\"customEventSPE\" data-fig-domain=\"LEFIGARO\">le trafic de drogue<\/a>\u00a0gangr\u00e8ne les quartiers populaires et d\u00e9borde sur l\u2019espace public. Et partout, le m\u00eame profil d\u2019\u00e9lus\u00a0: une gauche id\u00e9ologique, attach\u00e9e \u00e0 des postures d\u00e9pass\u00e9es. Elle parle de pr\u00e9vention, mais elle oublie l\u2019autorit\u00e9. Elle d\u00e9nonce les \u00ab repr\u00e9sentations sociales\u00a0\u00bb, mais ne veut pas voir la r\u00e9alit\u00e9.<\/p>\n<p>Qui peut croire s\u00e9rieusement qu\u2019un adolescent d\u00e9j\u00e0 embarqu\u00e9 dans un r\u00e9seau va h\u00e9siter entre dealer et aller au th\u00e9\u00e2tre, juste parce qu\u2019on le lui sugg\u00e8re sur une affiche\u00a0?<\/p>\n<p class=\"fig-paragraph\">Les villes qui r\u00e9sistent \u00e0 cette d\u00e9rive, \u00e0 droite comme \u00e0 gauche, sont celles qui ont pris leurs responsabilit\u00e9s comme \u00e0 Cannes (<a href=\"https:\/\/www.lefigaro.fr\/vox\/societe\/david-lisnard-retablir-la-securite-condition-sine-qua-non-de-la-dignite-humaine-et-de-l-unite-de-la-nation-20220720\" target=\"_blank\" data-fig-type=\"Article\" rel=\"noopener\" data-gtm-custom-categorie=\"navigation\" data-gtm-custom-action=\"crossclick\" data-gtm-custom-label=\"Contextuel\" data-gtm-event=\"customEventSPE\" data-fig-domain=\"LEFIGARO\">David Lisnard<\/a>, Nouvelle \u00c9nergie) ou \u00e0 Montpellier (Micha\u00ebl Delafosse, Parti socialiste) o\u00f9 les maires ont mis en place un v\u00e9ritable front de s\u00e9curit\u00e9 avec l\u2019\u00c9tat\u00a0: vid\u00e9osurveillance, coop\u00e9ration avec la justice, polices municipales dot\u00e9es et reconnues, strat\u00e9gie locale claire. Dans d\u2019autres villes, on pr\u00e9f\u00e8re s\u2019en remettre aux slogans. La derni\u00e8re campagne de communication de Rennes M\u00e9tropole contre le trafic de drogue l\u2019illustre. Son message\u00a0: \u00ab Jobs, sports, sorties\u2026 \u00c0 Rennes, il y aura toujours mieux \u00e0 faire\u00a0!\u00a0\u00bb. Qui peut croire s\u00e9rieusement qu\u2019un adolescent d\u00e9j\u00e0 embarqu\u00e9 dans un r\u00e9seau va h\u00e9siter entre dealer et aller au th\u00e9\u00e2tre, juste parce qu\u2019on le lui sugg\u00e8re sur une affiche\u00a0? Qui pense que les chefs de r\u00e9seau vont renoncer \u00e0 plusieurs milliers d\u2019euros par semaine pour s\u2019inscrire au foot\u00a0? Si \u00e0 travers ce coup de communication, il s\u2019agit seulement de cocher une case et de se donner bonne conscience, alors c\u2019est pire que de ne rien faire.<\/p>\n<p class=\"fig-body-link\">\n            \u00c0 lire aussi<br \/>\n        <a class=\"fig-body-link__link\" href=\"http:\/\/www.lefigaro.fr\/actualite-france\/narcotrafic-a-rennes-la-justice-valide-le-survol-du-centre-ville-par-des-drones-20250419\" target=\"_blank\" data-fig-type=\"Article\" rel=\"noopener\" data-gtm-custom-categorie=\"navigation\" data-gtm-custom-action=\"crossclick\" data-gtm-custom-label=\"Contextuel\" data-gtm-event=\"customEventSPE\" data-fig-domain=\"LEFIGARO\">Narcotrafic \u00e0 Rennes\u00a0: la justice valide le survol du centre-ville par des drones<br \/>\n    <\/a>\n<\/p>\n<p class=\"fig-paragraph\">Les maires ne peuvent plus se cacher derri\u00e8re l\u2019\u00c9tat. Et l\u2019\u00c9tat ne peut plus faire semblant de se passer des maires. La s\u00e9curit\u00e9 ne se d\u00e9cr\u00e8te pas \u00e0 Paris\u00a0: elle se construit dans la proximit\u00e9, avec les habitants, les associations, les travailleurs sociaux, les \u00e9ducateurs, les forces de l\u2019ordre. Il est temps que l\u2019on sorte des postures. La R\u00e9publique n\u2019a pas le droit d\u2019abandonner ses territoires et nous avons besoin de moyens renforc\u00e9s pour la s\u00e9curit\u00e9 publique et la justice de proximit\u00e9, \u00e0 l\u2019\u00e9chelle de l\u2019\u00c9tat autant qu\u2019\u00e0 l\u2019\u00e9chelle municipale. Le\u00a0<a href=\"http:\/\/www.lefigaro.fr\/actualite-france\/loi-narcotrafic-le-conseil-constitutionnel-valide-le-regime-carceral-d-isolement-mais-censure-quelques-articles-20250612\" target=\"_blank\" data-fig-type=\"NewsFlash\" rel=\"noopener\" data-gtm-custom-categorie=\"navigation\" data-gtm-custom-action=\"crossclick\" data-gtm-custom-label=\"Contextuel\" data-gtm-event=\"customEventSPE\" data-fig-domain=\"LEFIGARO\">trafic de drogue<\/a>\u00a0tue. Il tue nos enfants, il tue nos rues, il tue notre vivre-ensemble. Et parfois, il tue au hasard, sans logique, sans cible, comme il aurait pu me tuer et tous ceux qui prenaient tranquillement un caf\u00e9 ce jour-l\u00e0.<\/p>\n","protected":false},"excerpt":{"rendered":"FIGAROVOX\/TRIBUNE &#8211; Apr\u00e8s avoir assist\u00e9 \u00e0 une fusillade \u00e0 Rennes, l\u2019\u00e9lu d\u2019opposition Horizons, Charles Compagnon, d\u00e9nonce l\u2019ins\u00e9curit\u00e9 grandissante&hellip;\n","protected":false},"author":2,"featured_media":191140,"comment_status":"","ping_status":"","sticky":false,"template":"","format":"standard","meta":{"footnotes":""},"categories":[2821],"tags":[1111,11,829,1428,2951,1292,12324,12323,1777,674,1429,1011,27,2825,8721,12,1427,316,1426,584,25],"class_list":{"0":"post-191139","1":"post","2":"type-post","3":"status-publish","4":"format-standard","5":"has-post-thumbnail","7":"category-rennes","8":"tag-actu","9":"tag-actualites","10":"tag-bretagne","11":"tag-chroniqueurs","12":"tag-criminalite","13":"tag-debat","14":"tag-debat-politique","15":"tag-debats-politiques","16":"tag-eu","17":"tag-europe","18":"tag-figarovox","19":"tag-fr","20":"tag-france","21":"tag-insecurite","22":"tag-narcotrafic","23":"tag-news","24":"tag-opinions","25":"tag-politique","26":"tag-questions","27":"tag-rennes","28":"tag-republique-francaise"},"share_on_mastodon":{"url":"https:\/\/pubeurope.com\/@fr\/114716132178263832","error":""},"_links":{"self":[{"href":"https:\/\/www.europesays.com\/fr\/wp-json\/wp\/v2\/posts\/191139","targetHints":{"allow":["GET"]}}],"collection":[{"href":"https:\/\/www.europesays.com\/fr\/wp-json\/wp\/v2\/posts"}],"about":[{"href":"https:\/\/www.europesays.com\/fr\/wp-json\/wp\/v2\/types\/post"}],"author":[{"embeddable":true,"href":"https:\/\/www.europesays.com\/fr\/wp-json\/wp\/v2\/users\/2"}],"replies":[{"embeddable":true,"href":"https:\/\/www.europesays.com\/fr\/wp-json\/wp\/v2\/comments?post=191139"}],"version-history":[{"count":0,"href":"https:\/\/www.europesays.com\/fr\/wp-json\/wp\/v2\/posts\/191139\/revisions"}],"wp:featuredmedia":[{"embeddable":true,"href":"https:\/\/www.europesays.com\/fr\/wp-json\/wp\/v2\/media\/191140"}],"wp:attachment":[{"href":"https:\/\/www.europesays.com\/fr\/wp-json\/wp\/v2\/media?parent=191139"}],"wp:term":[{"taxonomy":"category","embeddable":true,"href":"https:\/\/www.europesays.com\/fr\/wp-json\/wp\/v2\/categories?post=191139"},{"taxonomy":"post_tag","embeddable":true,"href":"https:\/\/www.europesays.com\/fr\/wp-json\/wp\/v2\/tags?post=191139"}],"curies":[{"name":"wp","href":"https:\/\/api.w.org\/{rel}","templated":true}]}}