{"id":191152,"date":"2025-06-20T14:32:18","date_gmt":"2025-06-20T14:32:18","guid":{"rendered":"https:\/\/www.europesays.com\/fr\/191152\/"},"modified":"2025-06-20T14:32:18","modified_gmt":"2025-06-20T14:32:18","slug":"environ-4-000-clients-sans-electricite-pres-de-bordeaux-a-cause-de-la-chaleur","status":"publish","type":"post","link":"https:\/\/www.europesays.com\/fr\/191152\/","title":{"rendered":"Environ 4.000 clients sans \u00e9lectricit\u00e9 pr\u00e8s de Bordeaux \u00e0 cause\u2026 de la chaleur"},"content":{"rendered":"<p>Pas de frigo, pas de climatisation\u2026 Apr\u00e8s plusieurs jours de <a href=\"https:\/\/www.20minutes.fr\/dossier\/canicule\" class=\"color-ultramarine c-link\" target=\"_blank\" rel=\"noopener\">canicule <\/a>dans l\u2019ouest de la France, des effets se font fait ressentir sur le r\u00e9seau \u00e9lectrique de l\u2019agglom\u00e9ration bordelaise. Un incident a eu lieu ce jeudi vers 23\u00a0heures, privant d\u2019\u00e9lectricit\u00e9 4.000 foyers \u00e0 B\u00e8gles et Talence, au sud de <a href=\"https:\/\/www.20minutes.fr\/bordeaux\/\" class=\"color-ultramarine c-link\" target=\"_blank\" rel=\"noopener\">Bordeaux<\/a>. Les \u00e9quipes techniques d\u2019<a href=\"https:\/\/www.enedis.fr\/\" rel=\"nofollow noopener\" target=\"_blank\" class=\"color-ultramarine c-link\">Enedis<\/a>, gestionnaire du r\u00e9seau de distribution d\u2019\u00e9lectricit\u00e9, sont \u00e0 l\u2019\u0153uvre pour r\u00e9alimenter les clients. En juillet\u00a02022, plusieurs milliers de clients avaient \u00e9t\u00e9 priv\u00e9s d\u2019\u00e9lectricit\u00e9 pour les m\u00eames raisons<a href=\"https:\/\/www.20minutes.fr\/planete\/3328011-20220720-marseille-milliers-personnes-privees-electricite-raison-canicule\" class=\"color-ultramarine c-link\" target=\"_blank\" rel=\"noopener\"> \u00e0 Marseille<\/a>, idem en ao\u00fbt\u00a02024<a href=\"https:\/\/www.20minutes.fr\/locales\/4104754-20240806-savoie-panne-courant-prive-8-000-clients-electricite-chambery-cause-fortes-chaleurs\" class=\"color-ultramarine c-link\" target=\"_blank\" rel=\"noopener\"> \u00e0 Chamb\u00e9ry<\/a>, en Haute-Savoie. Mais alors, pourquoi les fortes chaleurs peuvent-elles aussi nous priver d\u2019\u00e9lectricit\u00e9\u00a0?<\/p>\n<p>Les temp\u00e9ratures proches de 40\u00a0\u00b0C, qui ne descendent pas suffisamment la nuit, \u00ab\u00a0ont fait monter la temp\u00e9rature des sols goudronn\u00e9s de plusieurs dizaines de degr\u00e9s (en surface), ce qui a mis en forte contrainte les r\u00e9seaux souterrains\u00a0\u00bb, explique le service communication d\u2019Enedis \u00e0 20 Minutes. Les zones urbaines sont plus expos\u00e9es \u00e0 ce risque parce que davantage bitum\u00e9es.<\/p>\n<p>La chaleur provoque des \u00ab\u00a0mouvements de terrains\u00a0\u00bb<\/p>\n<p>Les bo\u00eetes de jonction, qui permettent de relier deux c\u00e2bles souterrains entre eux, sont particuli\u00e8rement sensibles \u00ab\u00a0aux fortes variations de temp\u00e9rature et aux mouvements de terrains qu\u2019elles induisent\u00a0\u00bb pr\u00e9cise Enedis.<\/p>\n<p>Si les ouvrages \u00e9lectriques du r\u00e9seau \u00e9lectrique sont con\u00e7us et construits pour r\u00e9sister \u00e0 beaucoup de contraintes &#8211; et notamment des temp\u00e9ratures caniculaires \u2013, ils ne sont pas \u00e0 toutes \u00e9preuves. Ainsi, \u00ab\u00a0certaines conditions climatiques caniculaires sur le pays peuvent provoquer des coupures en affectant le fonctionnement de certains ouvrages \u00e9lectriques souterrains, en moyenne tension (20.000 volts) ou en basse tension (230-400 volts)\u00a0\u00bb, estime le gestionnaire.<\/p>\n<\/p>\n<p>Pour r\u00e9parer les sections endommag\u00e9es par la chaleur, les \u00e9quipes d\u2019Enedis ont recours \u00e0 un camion \u00e9quip\u00e9 de d\u00e9tecteurs qui permet de localiser pr\u00e9cis\u00e9ment la zone affect\u00e9e. \u00ab\u00a0Cette d\u00e9marche permet aux terrassiers d\u2019intervenir, au plus juste, en ouvrant la chauss\u00e9e et en rempla\u00e7ant le mat\u00e9riel \u00e9lectrique endommag\u00e9, tout en limitant au maximum les nuisances pour les riverains et la collectivit\u00e9\u00a0\u00bb, commente Enedis.<\/p>\n<p><a href=\"https:\/\/www.20minutes.fr\/dossier\/chaleur\" class=\"c-link c-btn c-btn--primary\" target=\"_blank\" rel=\"noopener\">Toutes nos infos sur la chaleur<\/a><\/p>\n<p>Les r\u00e9parations sur le r\u00e9seau \u00e9lectrique ont \u00e9t\u00e9 engag\u00e9es d\u00e8s jeudi dans la nuit et se poursuivent ce vendredi. Les \u00e9quipes d\u2019Enedis sont \u00e0 pied d\u2019\u0153uvre pour r\u00e9alimenter tous les clients dans les meilleurs d\u00e9lais et dans les meilleures conditions de s\u00e9curit\u00e9.<\/p>\n","protected":false},"excerpt":{"rendered":"Pas de frigo, pas de climatisation\u2026 Apr\u00e8s plusieurs jours de canicule dans l\u2019ouest de la France, des effets&hellip;\n","protected":false},"author":2,"featured_media":191153,"comment_status":"","ping_status":"","sticky":false,"template":"","format":"standard","meta":{"footnotes":""},"categories":[2817],"tags":[1111,47,11,3177,1997,6698,13208,579,1777,674,1011,27,2905,12,2219,25,104],"class_list":{"0":"post-191152","1":"post","2":"type-post","3":"status-publish","4":"format-standard","5":"has-post-thumbnail","7":"category-bordeaux","8":"tag-actu","9":"tag-actualite","10":"tag-actualites","11":"tag-aquitaine","12":"tag-bordeaux","13":"tag-canicule","14":"tag-chaleur","15":"tag-electricite","16":"tag-eu","17":"tag-europe","18":"tag-fr","19":"tag-france","20":"tag-gironde","21":"tag-news","22":"tag-nouvelle-aquitaine","23":"tag-republique-francaise","24":"tag-societe"},"share_on_mastodon":{"url":"https:\/\/pubeurope.com\/@fr\/114716183380990899","error":""},"_links":{"self":[{"href":"https:\/\/www.europesays.com\/fr\/wp-json\/wp\/v2\/posts\/191152","targetHints":{"allow":["GET"]}}],"collection":[{"href":"https:\/\/www.europesays.com\/fr\/wp-json\/wp\/v2\/posts"}],"about":[{"href":"https:\/\/www.europesays.com\/fr\/wp-json\/wp\/v2\/types\/post"}],"author":[{"embeddable":true,"href":"https:\/\/www.europesays.com\/fr\/wp-json\/wp\/v2\/users\/2"}],"replies":[{"embeddable":true,"href":"https:\/\/www.europesays.com\/fr\/wp-json\/wp\/v2\/comments?post=191152"}],"version-history":[{"count":0,"href":"https:\/\/www.europesays.com\/fr\/wp-json\/wp\/v2\/posts\/191152\/revisions"}],"wp:featuredmedia":[{"embeddable":true,"href":"https:\/\/www.europesays.com\/fr\/wp-json\/wp\/v2\/media\/191153"}],"wp:attachment":[{"href":"https:\/\/www.europesays.com\/fr\/wp-json\/wp\/v2\/media?parent=191152"}],"wp:term":[{"taxonomy":"category","embeddable":true,"href":"https:\/\/www.europesays.com\/fr\/wp-json\/wp\/v2\/categories?post=191152"},{"taxonomy":"post_tag","embeddable":true,"href":"https:\/\/www.europesays.com\/fr\/wp-json\/wp\/v2\/tags?post=191152"}],"curies":[{"name":"wp","href":"https:\/\/api.w.org\/{rel}","templated":true}]}}