{"id":191163,"date":"2025-06-20T14:38:15","date_gmt":"2025-06-20T14:38:15","guid":{"rendered":"https:\/\/www.europesays.com\/fr\/191163\/"},"modified":"2025-06-20T14:38:15","modified_gmt":"2025-06-20T14:38:15","slug":"marseille-un-homme-se-blesse-gravement-apres-un-saut-de-plusieurs-metres-depuis-la-corniche","status":"publish","type":"post","link":"https:\/\/www.europesays.com\/fr\/191163\/","title":{"rendered":"Marseille. Un homme se blesse gravement apr\u00e8s un saut de plusieurs m\u00e8tres depuis la Corniche"},"content":{"rendered":"<p>            Par<br \/>\n        <strong><br \/>\n            <a href=\"https:\/\/actu.fr\/auteur\/thibault-nadal-actu-fr\" title=\"Consulter tous les articles de Thibault Nadal\" rel=\"nofollow noopener\" target=\"_blank\">Thibault Nadal<\/a><br \/>\n        <\/strong><\/p>\n<p>        Publi\u00e9 le<\/p>\n<p>            20 juin 2025 \u00e0 16h17        <\/p>\n<p>C\u2019est une activit\u00e9 pourtant interdite et les nombreux panneaux sont l\u00e0 pour le rappeler. Ce jeudi 19\u00a0juin 2025, en fin de journ\u00e9e, <a href=\"https:\/\/actu.fr\/tag\/marin-pompier\" rel=\"nofollow noopener\" target=\"_blank\">la Corniche<\/a> a \u00e9t\u00e9 le th\u00e9\u00e2tre d\u2019un violent <a href=\"https:\/\/actu.fr\/tag\/accident\" rel=\"nofollow noopener\" target=\"_blank\">accident<\/a>. Un homme de 39\u00a0ans a \u00e9t\u00e9 gravement bless\u00e9 apr\u00e8s avoir r\u00e9alis\u00e9 <strong>un saut depuis un rocher<\/strong>, apprend actu Marseille, confirmant une information de <a href=\"https:\/\/www.laprovence.com\/article\/faits-divers-justice\/15984620514975\/un-plongeur-entre-la-vie-et-la-mort-a-marseille-apres-un-saut-de-5-metres-aux-catalans\" rel=\"nofollow noopener\" target=\"_blank\">La Provence<\/a>.<\/p>\n<p class=\" wall-content\">Le pronostic vital de la victime est engag\u00e9.<\/p>\n<p>Le pronostic vital de la victime engag\u00e9<\/p>\n<p class=\" wall-content\">Les marins-pompiers indiquent \u00e0 actu Marseille \u00eatre intervenus vers 19h30 pr\u00e8s de la plage des Catalans, dans le 7e arrondissement de Marseille. Un homme de 39\u00a0ans a \u00e9t\u00e9 pris en charge apr\u00e8s \u00ab\u2009une chute sup\u00e9rieure \u00e0 trois m\u00e8tres\u2009\u00bb. Selon nos confr\u00e8res, le trentenaire aurait <strong>saut\u00e9 depuis un rocher, haut de cinq m\u00e8tres<\/strong>. Les circonstances du drame ne sont pas encore connues.<\/p>\n<p class=\" wall-content\">Les marins-pompiers, alert\u00e9s, ont pris en charge la victime depuis le poste de secours proche des Catalans. La victime a \u00e9t\u00e9 transport\u00e9e dans un \u00e9tat grave \u00e0 l\u2019h\u00f4pital.<\/p>\n<p class=\" wall-content\">Ce fl\u00e9au est r\u00e9current \u00e0 Marseille. <strong>Un arr\u00eat\u00e9 est m\u00eame en vigueur depuis 2006<\/strong>, mais il n\u2019est r\u00e9guli\u00e8rement pas respect\u00e9 par des personnes en recherche d\u2019adr\u00e9naline.<\/p>\n<p>Vid\u00e9os : en ce moment sur Actu<\/p>\n<p class=\" wall-content\">Suivez toute l\u2019actualit\u00e9 de vos villes et m\u00e9dias favoris en vous inscrivant \u00e0 <a href=\"https:\/\/moncompte.actu.fr\" title=\"D\u00e9couvez Mon Actu\" rel=\"nofollow noopener\" data-trk=\"{&quot;cta&quot;:{&quot;action&quot;:&quot;https:\\\/\\\/moncompte.actu.fr&quot;,&quot;category&quot;:&quot;mon compte&quot;,&quot;from&quot;:&quot;article footer&quot;,&quot;name&quot;:&quot;Mon actu&quot;,&quot;type&quot;:&quot;cta&quot;}}\" target=\"_blank\">Mon Actu<\/a>.<\/p>\n","protected":false},"excerpt":{"rendered":"Par Thibault Nadal Publi\u00e9 le 20 juin 2025 \u00e0 16h17 C\u2019est une activit\u00e9 pourtant interdite et les nombreux&hellip;\n","protected":false},"author":2,"featured_media":191164,"comment_status":"","ping_status":"","sticky":false,"template":"","format":"standard","meta":{"footnotes":""},"categories":[2814],"tags":[1111,11,7958,1777,674,118,1011,27,17289,884,12,882,25],"class_list":{"0":"post-191163","1":"post","2":"type-post","3":"status-publish","4":"format-standard","5":"has-post-thumbnail","7":"category-marseille","8":"tag-actu","9":"tag-actualites","10":"tag-corniche","11":"tag-eu","12":"tag-europe","13":"tag-faits-divers","14":"tag-fr","15":"tag-france","16":"tag-marin-pompier","17":"tag-marseille","18":"tag-news","19":"tag-provence-alpes-cote-dazur","20":"tag-republique-francaise"},"share_on_mastodon":{"url":"https:\/\/pubeurope.com\/@fr\/114716206911663186","error":""},"_links":{"self":[{"href":"https:\/\/www.europesays.com\/fr\/wp-json\/wp\/v2\/posts\/191163","targetHints":{"allow":["GET"]}}],"collection":[{"href":"https:\/\/www.europesays.com\/fr\/wp-json\/wp\/v2\/posts"}],"about":[{"href":"https:\/\/www.europesays.com\/fr\/wp-json\/wp\/v2\/types\/post"}],"author":[{"embeddable":true,"href":"https:\/\/www.europesays.com\/fr\/wp-json\/wp\/v2\/users\/2"}],"replies":[{"embeddable":true,"href":"https:\/\/www.europesays.com\/fr\/wp-json\/wp\/v2\/comments?post=191163"}],"version-history":[{"count":0,"href":"https:\/\/www.europesays.com\/fr\/wp-json\/wp\/v2\/posts\/191163\/revisions"}],"wp:featuredmedia":[{"embeddable":true,"href":"https:\/\/www.europesays.com\/fr\/wp-json\/wp\/v2\/media\/191164"}],"wp:attachment":[{"href":"https:\/\/www.europesays.com\/fr\/wp-json\/wp\/v2\/media?parent=191163"}],"wp:term":[{"taxonomy":"category","embeddable":true,"href":"https:\/\/www.europesays.com\/fr\/wp-json\/wp\/v2\/categories?post=191163"},{"taxonomy":"post_tag","embeddable":true,"href":"https:\/\/www.europesays.com\/fr\/wp-json\/wp\/v2\/tags?post=191163"}],"curies":[{"name":"wp","href":"https:\/\/api.w.org\/{rel}","templated":true}]}}