{"id":191165,"date":"2025-06-20T14:39:14","date_gmt":"2025-06-20T14:39:14","guid":{"rendered":"https:\/\/www.europesays.com\/fr\/191165\/"},"modified":"2025-06-20T14:39:14","modified_gmt":"2025-06-20T14:39:14","slug":"quelles-nouvelles-destinations-au-depart-de-lyon-cet-ete","status":"publish","type":"post","link":"https:\/\/www.europesays.com\/fr\/191165\/","title":{"rendered":"Quelles nouvelles destinations au d\u00e9part de Lyon cet \u00e9t\u00e9 ?"},"content":{"rendered":"<p itemprop=\"description\"><strong>Les vacances approchent \u00e0 grand pas.<\/strong><\/p>\n<p>Alors que l\u2019\u00e9t\u00e9 d\u00e9bute officiellement ce week-end, l\u2019heure est \u00e9galement aux pr\u00e9paratifs des vacances. Bonne nouvelle pour les amoureux des voyages puisque de nouvelles destinations sont au programme de l\u2019\u00e9t\u00e9 au d\u00e9part de l\u2019a\u00e9roport de Lyon-Saint Exup\u00e9ry.<\/p>\n<p>Il sera notamment possible de s\u2019envoler pour <strong>Paphos<\/strong> \u00e0 Chypre (avec Transavia 1 fois par semaine), \u00e0 <strong>Skopje<\/strong> en Mac\u00e9doine du Nord (avec Wizzair 3 fois par semaine), \u00e0 <strong>Koutaissi<\/strong> en G\u00e9orgie (avec Wizzair 2 fois par semaine), \u00e0 <strong>Essaouira<\/strong> au Maroc (avec easyJet 2 fois par semaine), \u00e0 <strong>Brindisi<\/strong> en Italie (avec easyJet 2 fois par semaine), \u00e0 <strong>Stockholm<\/strong> en Norv\u00e8ge (avec Norwegian 2 fois par semaine), \u00e0 <strong>Chisinau<\/strong> en Moldavie (avec Flyone 2 fois par semaine), \u00e0 <strong>Zadar<\/strong> en Croatie (avec easyJet 2 fois par semaine), \u00e0 <strong>Pristina<\/strong> au Kosovo (avec ASL 1 fois par semaine) et <strong>Salerne<\/strong> en Italie (avec Volotea 2 fois par semaine).<\/p>\n<p>Ces dix nouveaut\u00e9s viennent s\u2019ajouter aux plus de 120 destinations disponibles au d\u00e9part de l\u2019a\u00e9roport de Lyon-Saint Exup\u00e9ry.<\/p>\n","protected":false},"excerpt":{"rendered":"Les vacances approchent \u00e0 grand pas. Alors que l\u2019\u00e9t\u00e9 d\u00e9bute officiellement ce week-end, l\u2019heure est \u00e9galement aux pr\u00e9paratifs&hellip;\n","protected":false},"author":2,"featured_media":191166,"comment_status":"","ping_status":"","sticky":false,"template":"","format":"standard","meta":{"footnotes":""},"categories":[1889],"tags":[1111,11,2813,2190,2430,1109,251,1112,2811,1777,674,118,1294,4651,1011,27,1922,1110,1114,2428,4903,4902,12,241,316,25,2812,517,800],"class_list":{"0":"post-191165","1":"post","2":"type-post","3":"status-publish","4":"format-standard","5":"has-post-thumbnail","7":"category-lyon","8":"tag-actu","9":"tag-actualites","10":"tag-article","11":"tag-asvel","12":"tag-auvergne-rhone-alpes","13":"tag-breves","14":"tag-culture","15":"tag-depeches","16":"tag-economique","17":"tag-eu","18":"tag-europe","19":"tag-faits-divers","20":"tag-femme","21":"tag-femmes","22":"tag-fr","23":"tag-france","24":"tag-info","25":"tag-informations","26":"tag-infos","27":"tag-lyon","28":"tag-lyonfemme","29":"tag-lyonfemmes","30":"tag-news","31":"tag-ol","32":"tag-politique","33":"tag-republique-francaise","34":"tag-sociale","35":"tag-sport","36":"tag-transports"},"share_on_mastodon":{"url":"https:\/\/pubeurope.com\/@fr\/114716210970568043","error":""},"_links":{"self":[{"href":"https:\/\/www.europesays.com\/fr\/wp-json\/wp\/v2\/posts\/191165","targetHints":{"allow":["GET"]}}],"collection":[{"href":"https:\/\/www.europesays.com\/fr\/wp-json\/wp\/v2\/posts"}],"about":[{"href":"https:\/\/www.europesays.com\/fr\/wp-json\/wp\/v2\/types\/post"}],"author":[{"embeddable":true,"href":"https:\/\/www.europesays.com\/fr\/wp-json\/wp\/v2\/users\/2"}],"replies":[{"embeddable":true,"href":"https:\/\/www.europesays.com\/fr\/wp-json\/wp\/v2\/comments?post=191165"}],"version-history":[{"count":0,"href":"https:\/\/www.europesays.com\/fr\/wp-json\/wp\/v2\/posts\/191165\/revisions"}],"wp:featuredmedia":[{"embeddable":true,"href":"https:\/\/www.europesays.com\/fr\/wp-json\/wp\/v2\/media\/191166"}],"wp:attachment":[{"href":"https:\/\/www.europesays.com\/fr\/wp-json\/wp\/v2\/media?parent=191165"}],"wp:term":[{"taxonomy":"category","embeddable":true,"href":"https:\/\/www.europesays.com\/fr\/wp-json\/wp\/v2\/categories?post=191165"},{"taxonomy":"post_tag","embeddable":true,"href":"https:\/\/www.europesays.com\/fr\/wp-json\/wp\/v2\/tags?post=191165"}],"curies":[{"name":"wp","href":"https:\/\/api.w.org\/{rel}","templated":true}]}}