{"id":191167,"date":"2025-06-20T14:40:09","date_gmt":"2025-06-20T14:40:09","guid":{"rendered":"https:\/\/www.europesays.com\/fr\/191167\/"},"modified":"2025-06-20T14:40:09","modified_gmt":"2025-06-20T14:40:09","slug":"fete-de-la-musique-a-lyon-que-faire-ce-21-juin","status":"publish","type":"post","link":"https:\/\/www.europesays.com\/fr\/191167\/","title":{"rendered":"F\u00eate de la Musique \u00e0 Lyon\u00a0: Que faire ce 21\u00a0juin\u00a0?"},"content":{"rendered":"<p>Du classique aux batucadas, du m\u00e9tro aux places publiques, ce samedi, la <a href=\"https:\/\/www.20minutes.fr\/dossier\/fete_de_la_musique\" class=\"color-ultramarine c-link\" target=\"_blank\" rel=\"noopener\">F\u00eate de la Musique<\/a> s\u2019invite dans toutes ses formes et dans tous les quartiers de <a href=\"https:\/\/www.20minutes.fr\/lyon\/\" class=\"color-ultramarine c-link\" target=\"_blank\" rel=\"noopener\">Lyon<\/a>. 20 Minutes vous propose une s\u00e9lection non exhaustive pour c\u00e9l\u00e9brer l\u2019<a href=\"https:\/\/www.20minutes.fr\/dossier\/ete\" class=\"color-ultramarine c-link\" target=\"_blank\" rel=\"noopener\">\u00e9t\u00e9<\/a> en musique.<\/p>\n<p>Un concert symphonique \u00e0 l\u2019H\u00f4tel de ville<\/p>\n<p>La mairie de Lyon a mis en place pr\u00e8s d\u2019une vingtaine de sc\u00e8nes dans toute la ville pour des concerts, chorales, fanfares, bal folk, batucadas, pop, rock, hip-hop et musiques du monde. Parmi ces \u00e9v\u00e9nements, l\u2019<a href=\"https:\/\/www.oslyon.fr\/#:~:text=%C3%A0%2019h%20et%2021h%20!,places%20assises%20disponibles%20sur%20inscription.&amp;text=Ne%20manquez%20pas%20cet%20%C3%A9v%C3%A9nement%20festif%20et%20plein%20de%20surprises%20!\" rel=\"nofollow noopener\" target=\"_blank\" class=\"color-ultramarine c-link\">Orchestre symphonique de Lyon<\/a> investira la cour d\u2019honneur de l\u2019H\u00f4tel de ville pour deux concerts gratuits (<a href=\"https:\/\/inscriptions.lyon.fr\/InscriptionSimple\/jsp\/site\/Portal.jsp?page=appointment&amp;view=getAppointmentFormFirstStep&amp;id_form=2165\" rel=\"nofollow noopener\" target=\"_blank\" class=\"color-ultramarine c-link\">mais sur r\u00e9servation<\/a>) \u00e0 19 heures et \u00e0 21 heures.<\/p>\n<p>\u00ab\u00a0De l\u2019\u00e9nergie p\u00e9tillante du Galop infernal d\u2019Offenbach \u00e0 la l\u00e9g\u00e8ret\u00e9 de La Soupe aux Choux de Raymond Lef\u00e8vre, en passant par l\u2019ouverture de Mireille de Charles Gounod et les envol\u00e9es cin\u00e9matographiques de Ratatouille de Michael Giacchino ou La La Land de Justin Hurwitz, cette soir\u00e9e c\u00e9l\u00e8bre toute la diversit\u00e9 de la musique\u00a0\u00bb, pr\u00e9cise la ville. L\u2019occasion d\u2019entendre de grands classiques avec chefs-d\u2019\u0153uvre classiques, op\u00e9rette et musiques de films cultes, dans un cadre prestigieux.<\/p>\n<p>Des concerts jusque dans le m\u00e9tro<\/p>\n<p>De 14\u00a0heures \u00e0 16\u00a0heures, la Chorale Pirate, compos\u00e9e de 23 chanteurs, et le groupe instrumental Unvez, avec 10 musiciens, d\u00e9ambuleront dans le m\u00e9tro pour offrir un spectacle itin\u00e9rant et insolite. Ces deux groupes proposeront un \u00ab\u00a0voyage musical\u00a0\u00bb sur la ligne D de Gerland \u00e0 Gare de Vaise avant de faire le chemin inverse.<\/p>\n<p class=\"mb-m@xs text-l@xs\">En cliquant sur\u00ab J\u2019accepte \u00bb, vous acceptez le d\u00e9p\u00f4t de cookies par des services externes et aurez ainsi acc\u00e8s aux contenus de nos partenaires.<\/p>\n<p class=\"mb-xl@xs text-s@xs\">Plus d\u2019informations sur la page<a href=\"https:\/\/www.20minutes.fr\/gestion-cookies\" class=\"mx-xxs@xs color-ultramarine\" target=\"_blank\" rel=\"noopener\">Politique de gestion des cookies<\/a><\/p>\n<p>J\u2019accepte<\/p>\n<p>En plus de ces concerts ambulants, des sc\u00e8nes seront install\u00e9es jusqu\u2019\u00e0 20 heures dans les stations de Bellecour, Saxe-Gambetta, Vaulx-en-Velin La Soie, Gare de Vaise, Saint-Exup\u00e9ry &#8211; Rh\u00f4nexpress. \u00ab\u00a0Au total, plus de 80 artistes, repr\u00e9sentant une belle diversit\u00e9 musicale (rock, rap, DJ sets, musiques du monde, performances solo ou instrumentales), offriront aux voyageurs une ambiance joyeuse et f\u00e9d\u00e9ratrice\u00a0\u00bb, appuie le Sytral dans un communiqu\u00e9.<\/p>\n<p>Et pour l\u2019occasion, le ticket TCL sera valable toute la journ\u00e9e, du d\u00e9but \u00e0 la fin du service, pour 3,70 euros.<\/p>\n<p>Cap sur le Br\u00e9sil<\/p>\n<p>Et pourquoi pas c\u00e9l\u00e9brer l\u2019\u00e9t\u00e9 avec le Br\u00e9sil\u00a0? Au programme\u00a0: rythmes de samba, chansons populaires et danses br\u00e9siliennes pour faire vibrer le public. D\u00e8s 14\u00a0heures, le collectif Bloco de Lyon, un groupe de danseurs et musiciens, investira la place centrale du centre commercial de Westfield La Part Dieu pour des happenings avant de d\u00e9ambuler dans l\u2019\u00e9tablissement. Puis, le Bloco de Lyon emm\u00e8nera ses spectateurs sur le parvis de l\u2019Auditorium pour une \u00ab\u00a0grande f\u00eate br\u00e9silienne\u00a0\u00bb rassemblant plus de 100 percussionnistes et 20 danseuses. Un grand concert final y sera donn\u00e9 \u00e0 18\u00a0heures, dans la Grande salle de l\u2019Auditorium. Gratuit, <a href=\"https:\/\/www.auditorium-lyon.com\/fr\/programmation-estivale\" rel=\"nofollow noopener\" target=\"_blank\" class=\"color-ultramarine c-link\">sur r\u00e9servation via le site Internet<\/a>.<\/p>\n<p>Un Open air techno et un orchestre hors du commun \u00e0 la Halle Tony-Garnier<\/p>\n<p>Techno, trance, bounce et hard house\u2026 On change de registre avec Encore et 23\u00a0: 59 pour un Open air de 15\u00a0heures \u00e0 23\u00a0heures \u00e0 la halle Tony-Garnier avec des DJs locaux et internationaux tels que LTY, B\u00eatise, Kirara mais aussi Emilija, Mika Heggeman.<\/p>\n<\/p>\n<p>\u00c0 l\u2019affiche aussi, un partenariat un peu sp\u00e9cial dans le cadre des Nuits de Fourvi\u00e8re avec deux shows de La Symphonie pour 100 batteries, \u00e0 15 heures et \u00e0 16h30, de la musicienne, compositrice et percussionniste Lucie Antunes.<\/p>\n<p><a href=\"https:\/\/www.20minutes.fr\/dossier\/fete_de_la_musique\" class=\"c-link c-btn c-btn--primary\" target=\"_blank\" rel=\"noopener\">Tous nos articles sur la F\u00eate de la musique <\/a><\/p>\n<p>\u00ab\u00a0Imaginez 100 batteuses et batteurs de tous horizons et tous niveaux, au c\u0153ur de la Halle Tony-Garnier, le jour de la F\u00eate de la Musique, qui jouent ensemble une partition in\u00e9dite\u00a0? C\u2019est le d\u00e9fi que va relever Lucie Antunes en composant un orchestre hors du commun\u00a0\u00bb, promettent les organisateurs.<\/p>\n<p>Entr\u00e9e gratuite sur le site (dans la limite des places disponibles) et pour La Symphonie pour 100 batteries, r\u00e9servation <a href=\"https:\/\/www.nuitsdefourviere.com\/programme\/2025\/musique\/symphonie-pour-100-batteries\" rel=\"nofollow noopener\" target=\"_blank\" class=\"color-ultramarine c-link\">via le site des Nuits de Fourvi\u00e8re<\/a>.<\/p>\n<p>Une sc\u00e8ne rap dans le 9e<\/p>\n<p>Direction le 9e\u00a0arrondissement, parc Roquette pour mettre \u00e0 l\u2019honneur le hip-hop, le rap et le reggae avec 69 Next Gen. \u00ab\u00a0Artistes locaux et d\u00e9couvertes prometteuses offriront un show intense et vari\u00e9, port\u00e9 par Dons du son, une association qui promeut l\u2019acc\u00e8s \u00e0 la musique et accompagne les artistes vers la professionnalisation\u00a0\u00bb, pr\u00e9cise la <a href=\"https:\/\/www.lyon.fr\/evenement\/concert\/la-halle-tony-garnier-fete-la-musique\" rel=\"nofollow noopener\" target=\"_blank\" class=\"color-ultramarine c-link\">ville<\/a>. Au total, neuf artistes se produiront sur la sc\u00e8ne de 16\u00a0heures \u00e0 minuit.<\/p>\n","protected":false},"excerpt":{"rendered":"Du classique aux batucadas, du m\u00e9tro aux places publiques, ce samedi, la F\u00eate de la Musique s\u2019invite dans&hellip;\n","protected":false},"author":2,"featured_media":191168,"comment_status":"","ping_status":"","sticky":false,"template":"","format":"standard","meta":{"footnotes":""},"categories":[1889],"tags":[1111,11,2430,1697,251,2883,1777,674,4768,25885,1011,27,1393,2428,873,12,28848,14196,3619,1306,25,2429,2431,10213,5896],"class_list":{"0":"post-191167","1":"post","2":"type-post","3":"status-publish","4":"format-standard","5":"has-post-thumbnail","7":"category-lyon","8":"tag-actu","9":"tag-actualites","10":"tag-auvergne-rhone-alpes","11":"tag-concert","12":"tag-culture","13":"tag-ete","14":"tag-eu","15":"tag-europe","16":"tag-fete","17":"tag-fete-de-la-musique","18":"tag-fr","19":"tag-france","20":"tag-loisirs","21":"tag-lyon","22":"tag-musique","23":"tag-news","24":"tag-nuits-de-fourviere","25":"tag-orchestre","26":"tag-reggae","27":"tag-regions","28":"tag-republique-francaise","29":"tag-rhone","30":"tag-rhone-alpes","31":"tag-tcl","32":"tag-tempo"},"share_on_mastodon":{"url":"https:\/\/pubeurope.com\/@fr\/114716214691434260","error":""},"_links":{"self":[{"href":"https:\/\/www.europesays.com\/fr\/wp-json\/wp\/v2\/posts\/191167","targetHints":{"allow":["GET"]}}],"collection":[{"href":"https:\/\/www.europesays.com\/fr\/wp-json\/wp\/v2\/posts"}],"about":[{"href":"https:\/\/www.europesays.com\/fr\/wp-json\/wp\/v2\/types\/post"}],"author":[{"embeddable":true,"href":"https:\/\/www.europesays.com\/fr\/wp-json\/wp\/v2\/users\/2"}],"replies":[{"embeddable":true,"href":"https:\/\/www.europesays.com\/fr\/wp-json\/wp\/v2\/comments?post=191167"}],"version-history":[{"count":0,"href":"https:\/\/www.europesays.com\/fr\/wp-json\/wp\/v2\/posts\/191167\/revisions"}],"wp:featuredmedia":[{"embeddable":true,"href":"https:\/\/www.europesays.com\/fr\/wp-json\/wp\/v2\/media\/191168"}],"wp:attachment":[{"href":"https:\/\/www.europesays.com\/fr\/wp-json\/wp\/v2\/media?parent=191167"}],"wp:term":[{"taxonomy":"category","embeddable":true,"href":"https:\/\/www.europesays.com\/fr\/wp-json\/wp\/v2\/categories?post=191167"},{"taxonomy":"post_tag","embeddable":true,"href":"https:\/\/www.europesays.com\/fr\/wp-json\/wp\/v2\/tags?post=191167"}],"curies":[{"name":"wp","href":"https:\/\/api.w.org\/{rel}","templated":true}]}}