{"id":191177,"date":"2025-06-20T14:46:09","date_gmt":"2025-06-20T14:46:09","guid":{"rendered":"https:\/\/www.europesays.com\/fr\/191177\/"},"modified":"2025-06-20T14:46:09","modified_gmt":"2025-06-20T14:46:09","slug":"a-paris-une-semaine-pour-la-visibilite-lgbtqia-a-quoi-va-ressembler-le-festival-des-fiertes-sur-7-jours","status":"publish","type":"post","link":"https:\/\/www.europesays.com\/fr\/191177\/","title":{"rendered":"\u00c0 Paris, une semaine pour la visibilit\u00e9 LGBTQIA +\u00a0: \u00e0 quoi va ressembler le festival des fiert\u00e9s sur 7 jours"},"content":{"rendered":"<p class=\"paragraph text_align_left lp-f-body-02\">Elle sera de retour le 28 juin mais contrairement aux ann\u00e9es pr\u00e9c\u00e9dentes, la c\u00e9l\u00e8bre marche des fiert\u00e9s n\u2019arrive pas seule. Cette ann\u00e9e, pour c\u00e9l\u00e9brer les fiert\u00e9s LGBTQIA +, l\u2019association organisatrice du rassemblement depuis 25 ans, l\u2019Inter-LGBT, a d\u00e9cid\u00e9 pour la premi\u00e8re fois de d\u00e9dier une semaine enti\u00e8re \u00e0 la cause LGBTQIA + \u00e0 partir de ce samedi 21 juin.<\/p>\n<p class=\"paragraph text_align_left lp-f-body-02\">Au programme : concert, course, discussion politique, soir\u00e9e cin\u00e9ma, exposition, drag show\u2026 Et bien \u00e9videmment la marche et son podium, qui concluront ces 7 jours.<\/p>\n<p class=\"paragraph text_align_left lp-f-body-02\">Bien que l\u2019\u00e9v\u00e9nement de cl\u00f4ture soit chaque ann\u00e9e tr\u00e8s mobilisateur &#8211; une quarantaine de chars, 130 associations, 300 b\u00e9n\u00e9voles seront pr\u00e9sents cette ann\u00e9e et accueilleront pas moins d\u2019un demi-million de participants -, les organisateurs ont souhait\u00e9 \u00e9tendre l\u2019\u00e9v\u00e9nement sur une dur\u00e9e plus longue.<\/p>\n<p>\u00ab Un moment festif et revendicatif \u00bb<\/p>\n<p class=\"paragraph text_align_left lp-f-body-02\">\u00ab Paris \u00e9tait l\u2019une des rares capitales europ\u00e9ennes \u00e0 ne pas avoir de festival accol\u00e9 \u00e0 sa marche \u00bb, souligne Clara Priv\u00e9, vice-pr\u00e9sidente de l\u2019association Inter-LGBT. Vienne, Copenhague, Lisbonne ou encore Cologne pr\u00e9voient une diversit\u00e9 d\u2019\u00e9v\u00e9nements au cours des jours pr\u00e9c\u00e9dant leur parade, \u00ab bient\u00f4t suivies par Paris qui a pour volont\u00e9 d\u2019\u00eatre un espace LGBT-friendly \u00bb, se f\u00e9licite Jean-Luc Romero-Michel, adjoint \u00e0 la mairie de Paris en charge des droits humains, de l\u2019int\u00e9gration et de la lutte contre les discriminations.<\/p>\n<p class=\"paragraph text_align_left lp-f-body-02\">Cette semaine d\u00e9di\u00e9e est l\u2019occasion selon Clara Priv\u00e9 \u00ab de promouvoir par d\u2019autres moyens qu\u2019une marche, les cultures, l\u2019art et le sport LGBTI. \u00c7a permet de faire d\u00e9couvrir au grand public les moyens d\u2019expression de la communaut\u00e9 \u00bb, poursuit-elle. Si l\u2019\u00e9v\u00e9nement vise \u00e0 soutenir les minorit\u00e9s sexuelles et de genre, \u00ab tous les \u00e9v\u00e9nements sont ouverts aux alli\u00e9s de la cause, dans un moment festif et revendicatif \u00bb, insiste la repr\u00e9sentante de l\u2019Inter-LGBT.<\/p>\n<p class=\"paragraph text_align_left lp-f-body-02\">Revendicatif, car m\u00eame si le mouvement se d\u00e9finit comme ouvert et non partisan, la marche de cette ann\u00e9e brandit un slogan \u00ab Contre l\u2019international r\u00e9actionnaire \u00bb. Une mani\u00e8re de r\u00e9sister aux \u00ab nombreuses prises de position hostiles aux personnes transgenres et homosexuelles des pr\u00e9sidents <a href=\"https:\/\/www.leparisien.fr\/societe\/cest-une-purge-le-desarroi-de-militaires-transgenres-bannis-par-donald-trump-11-03-2025-26EFZJDW3RA6LGVJ5RQNXXU56Q.php\" target=\"_self\" rel=\"nofollow noopener\">am\u00e9ricains<\/a> et <a href=\"https:\/\/www.leparisien.fr\/societe\/a-bas-orban-plus-de-10-000-personnes-rassemblees-a-budapest-pour-protester-contre-une-loi-visant-a-interdire-la-gay-pride-02-04-2025-VPKDFGI7NRAGHJHD3KFCI4AV4A.php\" target=\"_self\" rel=\"nofollow noopener\">hongrois<\/a>, mais \u00e9galement les actions locales anti-LGBT \u00bb, consid\u00e8re Jean-Luc Romero-Michel, qui \u00e9voque \u00e9galement <a href=\"https:\/\/www.leparisien.fr\/paris-75\/escaliers-lgbt-repeints-en-blanc-a-paris-cinq-mineurs-ont-reconnu-les-faits-27-05-2025-2WX6EQW5VNEIRKNNPN6IOQRHAA.php?ts=1749717292623\" target=\"_self\" rel=\"nofollow noopener\">les escaliers arc-en-ciel repeints par des adolescents dans le Xe<\/a> ce mois de mai, ou encore les menaces qu\u2019il a re\u00e7ues apr\u00e8s une vid\u00e9o TikTok qu\u2019il a post\u00e9e pour c\u00e9l\u00e9brer l\u2019installation d\u2019une plaque comm\u00e9morative dans le Marais.<\/p>\n<p class=\"paragraph text_align_left lp-f-body-02\">Malgr\u00e9 <a href=\"https:\/\/www.leparisien.fr\/paris-75\/elle-dessert-la-cause-lgbt-a-paris-laffiche-polemique-de-la-marche-des-fiertes-divise-le-marais-08-06-2025-UJAF53DS7VCHTIQWQD2OQV2LBE.php\" target=\"_self\" rel=\"nofollow noopener\">la pol\u00e9mique suscit\u00e9e par l\u2019affiche de cette \u00e9dition,<\/a> les organisateurs, eux, sont confiants. \u00ab Aucune association n\u2019a d\u00e9command\u00e9 depuis les r\u00e9centes controverses \u00bb, indique l\u2019Inter-LGBT.<\/p>\n","protected":false},"excerpt":{"rendered":"Elle sera de retour le 28 juin mais contrairement aux ann\u00e9es pr\u00e9c\u00e9dentes, la c\u00e9l\u00e8bre marche des fiert\u00e9s n\u2019arrive&hellip;\n","protected":false},"author":2,"featured_media":191178,"comment_status":"","ping_status":"","sticky":false,"template":"","format":"standard","meta":{"footnotes":""},"categories":[1888],"tags":[11,1777,674,1011,27,1944,12,626,25],"class_list":{"0":"post-191177","1":"post","2":"type-post","3":"status-publish","4":"format-standard","5":"has-post-thumbnail","7":"category-paris","8":"tag-actualites","9":"tag-eu","10":"tag-europe","11":"tag-fr","12":"tag-france","13":"tag-ma-ville","14":"tag-news","15":"tag-paris","16":"tag-republique-francaise"},"share_on_mastodon":{"url":"https:\/\/pubeurope.com\/@fr\/114716238412121602","error":""},"_links":{"self":[{"href":"https:\/\/www.europesays.com\/fr\/wp-json\/wp\/v2\/posts\/191177","targetHints":{"allow":["GET"]}}],"collection":[{"href":"https:\/\/www.europesays.com\/fr\/wp-json\/wp\/v2\/posts"}],"about":[{"href":"https:\/\/www.europesays.com\/fr\/wp-json\/wp\/v2\/types\/post"}],"author":[{"embeddable":true,"href":"https:\/\/www.europesays.com\/fr\/wp-json\/wp\/v2\/users\/2"}],"replies":[{"embeddable":true,"href":"https:\/\/www.europesays.com\/fr\/wp-json\/wp\/v2\/comments?post=191177"}],"version-history":[{"count":0,"href":"https:\/\/www.europesays.com\/fr\/wp-json\/wp\/v2\/posts\/191177\/revisions"}],"wp:featuredmedia":[{"embeddable":true,"href":"https:\/\/www.europesays.com\/fr\/wp-json\/wp\/v2\/media\/191178"}],"wp:attachment":[{"href":"https:\/\/www.europesays.com\/fr\/wp-json\/wp\/v2\/media?parent=191177"}],"wp:term":[{"taxonomy":"category","embeddable":true,"href":"https:\/\/www.europesays.com\/fr\/wp-json\/wp\/v2\/categories?post=191177"},{"taxonomy":"post_tag","embeddable":true,"href":"https:\/\/www.europesays.com\/fr\/wp-json\/wp\/v2\/tags?post=191177"}],"curies":[{"name":"wp","href":"https:\/\/api.w.org\/{rel}","templated":true}]}}