{"id":191183,"date":"2025-06-20T14:49:09","date_gmt":"2025-06-20T14:49:09","guid":{"rendered":"https:\/\/www.europesays.com\/fr\/191183\/"},"modified":"2025-06-20T14:49:09","modified_gmt":"2025-06-20T14:49:09","slug":"le-depute-ecologiste-pouria-amirshahi-finalement-autorise-a-se-rendre-aux-etats-unis-liberation","status":"publish","type":"post","link":"https:\/\/www.europesays.com\/fr\/191183\/","title":{"rendered":"Le d\u00e9put\u00e9 \u00e9cologiste Pouria Amirshahi finalement autoris\u00e9 \u00e0 se rendre aux Etats-Unis \u2013 Lib\u00e9ration"},"content":{"rendered":"<p class=\"sc-ksZaOG ehjQrN text-element\">L\u2019imbroglio diplomatique aura dur\u00e9 un peu moins d\u2019un mois. <a href=\"https:\/\/www.liberation.fr\/politique\/un-blocage-politique-sans-precedent-interdit-dentree-aux-etats-unis-le-depute-ecologiste-pouria-amirshahi-denonce-une-decision-politique-20250619_M56ILIGQT5GOTICKW6CLXP5BIA\/?redirected=1\" target=\"_blank\" rel=\"noreferrer nofollow noopener\" title=\"https:\/\/www.liberation.fr\/politique\/un-blocage-politique-sans-precedent-interdit-dentree-aux-etats-unis-le-depute-ecologiste-pouria-amirshahi-denonce-une-decision-politique-20250619_M56ILIGQT5GOTICKW6CLXP5BIA\/?redirected=1\">Interdit de territoire \u00e9tasunien<\/a>, alors qu\u2019il avait fait une demande de visa le 22 mai dernier, le d\u00e9put\u00e9 \u00e9cologiste Pouria Amirhsahi a finalement \u00e9t\u00e9 autoris\u00e9 \u00e0 s\u2019y rendre. \u00abCe matin j\u2019ai re\u00e7u un appel du consulat g\u00e9n\u00e9ral des Etats-Unis pour me prier de bien vouloir venir chercher mon passeport\u00bb, a confirm\u00e9 l\u2019\u00e9lu dans un communiqu\u00e9 envoy\u00e9 ce vendredi 20 juin.<\/p>\n<p class=\"sc-ksZaOG ehjQrN text-element\">Ce ne fut pas sans mal puisque l\u2019\u00e9lu a d\u00fb s\u2019appuyer sur une intervention du minist\u00e8re des Affaires \u00e9trang\u00e8res, qui s\u2019\u00e9tait auparavant \u00abport\u00e9 garant de ce d\u00e9placement\u00bb en adressant une note verbale \u00e0 l\u2019ambassade des Etats-Unis. Une affaire qui est m\u00eame remont\u00e9e au sommet de l\u2019Etat puisque des \u00e9changes par SMS ont eu lieu entre Emmanuel Macron et l\u2019\u00e9lu parisien, selon l\u2019entourage du d\u00e9put\u00e9.<\/p>\n<p class=\"sc-ksZaOG ehjQrN text-element\">Malgr\u00e9 ce feu vert, aucune justification n\u2019a \u00e9t\u00e9 donn\u00e9e pour expliquer ce refus initial de d\u00e9livrer l\u2019Esta. \u00abLes raisons qu\u2019on imagine \u00e0 ce stade sont politiques\u00bb, posait la patronne des d\u00e9put\u00e9s \u00e9colos Cyrielle Chatelain lors de la conf\u00e9rence de presse jeudi. Membre de <a href=\"https:\/\/www.liberation.fr\/politique\/a-gauche-des-parlementaires-montent-une-digue-pour-federer-contre-lextreme-droite-20250520_MSKNC4L5AFFMTD4RWFIG77DX4Q\/\" target=\"_blank\" rel=\"noreferrer nofollow noopener\" title=\"https:\/\/www.liberation.fr\/politique\/a-gauche-des-parlementaires-montent-une-digue-pour-federer-contre-lextreme-droite-20250520_MSKNC4L5AFFMTD4RWFIG77DX4Q\/\">la Digue<\/a>, un projet rassemblant des parlementaires fran\u00e7ais et europ\u00e9ens souhaitant \u00abcontrer l\u2019expansion du n\u00e9ofascisme dans de nombreuses d\u00e9mocraties lib\u00e9rales\u00bb, le d\u00e9put\u00e9 se rendra aux Etats-Unis du 22 au 30 juin pour y rencontrer des parlementaires d\u00e9mocrates, des intellectuels et des activistes luttant contre la politique de Donald Trump aux Etats-Unis. \u00abDepuis l\u2019\u00e9lection de Donald Trump, il y a une sorte de renversement d\u2019alliance, avait alors soulign\u00e9 Amirshahi. Nous devons avoir une internationale des d\u00e9mocrates et des progressistes.\u00bb<\/p>\n<p class=\"sc-ksZaOG ehjQrN text-element\">Les d\u00e9placements dans le cadre de la Digue ne se limitent pas aux Etats-Unis. Ce week-end, la s\u00e9natrice M\u00e9lanie Vogel et l\u2019eurod\u00e9put\u00e9e Chlo\u00e9 Ridel se rendent <a href=\"https:\/\/www.liberation.fr\/international\/europe\/hongrie-la-police-interdit-la-marche-des-fiertes-le-maire-de-budapest-decide-de-la-maintenir-20250619_5A4JXLVVAJFEVOB5NEWMVXYQ4Q\/?redirected=1\" target=\"_blank\" rel=\"noreferrer nofollow noopener\" title=\"https:\/\/www.liberation.fr\/international\/europe\/hongrie-la-police-interdit-la-marche-des-fiertes-le-maire-de-budapest-decide-de-la-maintenir-20250619_5A4JXLVVAJFEVOB5NEWMVXYQ4Q\/?redirected=1\">\u00e0 Budapest \u00e0 l\u2019occasion de la Pride,<\/a> interdite par la police mais que le maire Gergely Kar\u00e1csony, opposant au tr\u00e8s droitier Viktor Orban, souhaite maintenir.<\/p>\n","protected":false},"excerpt":{"rendered":"L\u2019imbroglio diplomatique aura dur\u00e9 un peu moins d\u2019un mois. Interdit de territoire \u00e9tasunien, alors qu\u2019il avait fait une&hellip;\n","protected":false},"author":2,"featured_media":191184,"comment_status":"","ping_status":"","sticky":false,"template":"","format":"standard","meta":{"footnotes":""},"categories":[1589],"tags":[11,2286,73,1866,12,1864,1865,1863,308],"class_list":{"0":"post-191183","1":"post","2":"type-post","3":"status-publish","4":"format-standard","5":"has-post-thumbnail","7":"category-etats-unis","8":"tag-actualites","9":"tag-eelv","10":"tag-etats-unis","11":"tag-etats-unis-damerique","12":"tag-news","13":"tag-united-states","14":"tag-united-states-of-america","15":"tag-us","16":"tag-usa"},"share_on_mastodon":{"url":"https:\/\/pubeurope.com\/@fr\/114716250231389131","error":""},"_links":{"self":[{"href":"https:\/\/www.europesays.com\/fr\/wp-json\/wp\/v2\/posts\/191183","targetHints":{"allow":["GET"]}}],"collection":[{"href":"https:\/\/www.europesays.com\/fr\/wp-json\/wp\/v2\/posts"}],"about":[{"href":"https:\/\/www.europesays.com\/fr\/wp-json\/wp\/v2\/types\/post"}],"author":[{"embeddable":true,"href":"https:\/\/www.europesays.com\/fr\/wp-json\/wp\/v2\/users\/2"}],"replies":[{"embeddable":true,"href":"https:\/\/www.europesays.com\/fr\/wp-json\/wp\/v2\/comments?post=191183"}],"version-history":[{"count":0,"href":"https:\/\/www.europesays.com\/fr\/wp-json\/wp\/v2\/posts\/191183\/revisions"}],"wp:featuredmedia":[{"embeddable":true,"href":"https:\/\/www.europesays.com\/fr\/wp-json\/wp\/v2\/media\/191184"}],"wp:attachment":[{"href":"https:\/\/www.europesays.com\/fr\/wp-json\/wp\/v2\/media?parent=191183"}],"wp:term":[{"taxonomy":"category","embeddable":true,"href":"https:\/\/www.europesays.com\/fr\/wp-json\/wp\/v2\/categories?post=191183"},{"taxonomy":"post_tag","embeddable":true,"href":"https:\/\/www.europesays.com\/fr\/wp-json\/wp\/v2\/tags?post=191183"}],"curies":[{"name":"wp","href":"https:\/\/api.w.org\/{rel}","templated":true}]}}