{"id":191187,"date":"2025-06-20T14:51:15","date_gmt":"2025-06-20T14:51:15","guid":{"rendered":"https:\/\/www.europesays.com\/fr\/191187\/"},"modified":"2025-06-20T14:51:15","modified_gmt":"2025-06-20T14:51:15","slug":"le-president-steinmeier-salue-les-relations-avec-le-japon-dw-20-06-2025","status":"publish","type":"post","link":"https:\/\/www.europesays.com\/fr\/191187\/","title":{"rendered":"Le pr\u00e9sident Steinmeier salue les relations avec le Japon \u2013 DW \u2013 20\/06\/2025"},"content":{"rendered":"<p>Le pr\u00e9sident allemand Frank-Walter Steinmeier a salu\u00e9 \u00e0 Tokyo la fiabilit\u00e9 des relations entre <a class=\"internal-link\" href=\"https:\/\/www.dw.com\/fr\/allemagne-r\u00e9publique-f\u00e9d\u00e9rale-dallemagne\/t-19236971\" rel=\"nofollow noopener\" target=\"_blank\">l&rsquo;Allemagne<\/a> et le Japon et a appel\u00e9 \u00e0 les d\u00e9velopper davantage. \u00ab\u00a0Il y a encore beaucoup de potentiel pour une coop\u00e9ration approfondie\u00a0\u00bb, a-t-il d\u00e9clar\u00e9 lors d&rsquo;une r\u00e9ception organis\u00e9e par l&rsquo;ambassadrice d&rsquo;Allemagne au Japon, Petra Sigmund. \u00ab\u00a0C&rsquo;est justement \u00e0 une \u00e9poque o\u00f9 le monde semble se d\u00e9traquer, o\u00f9 la violence, la politique de puissance crue et la m\u00e9fiance se r\u00e9pandent, que ce lien entre l&rsquo;Allemagne et le Japon est plus important que jamais.\u00a0\u00bb\u00a0<\/p>\n<p>Selon Frank-Walter Steinmeier, cela vaut aujourd&rsquo;hui surtout pour la politique \u00e9trang\u00e8re et de s\u00e9curit\u00e9. \u00ab\u00a0Nous avons compris : La s\u00e9curit\u00e9 en Europe et la s\u00e9curit\u00e9 en Asie sont intimement li\u00e9es\u00a0\u00bb. Le pr\u00e9sident f\u00e9d\u00e9ral a ainsi express\u00e9ment remerci\u00e9 le Japon pour son aide \u00e0 <a class=\"internal-link\" href=\"https:\/\/www.dw.com\/fr\/ukraine-russie-pourparlers-directs\/a-72570964\" rel=\"nofollow noopener\" target=\"_blank\">l&rsquo;Ukraine attaqu\u00e9e par la Russie<\/a>. Dans le m\u00eame temps, il a assur\u00e9 que l&rsquo;Allemagne continuerait \u00e0 assurer une pr\u00e9sence militaire dans l&rsquo;Indo-Pacifique.\u00a0<\/p>\n<p>Le pr\u00e9sident f\u00e9d\u00e9ral allemand est arriv\u00e9 mercredi (18.06.2025) au Japon pour une visite de trois jours. Il est accompagn\u00e9 par la ministre f\u00e9d\u00e9rale de la Recherche, de la Technologie et de l&rsquo;Espace, Dorothee B\u00e4r (CSU), ainsi que par une d\u00e9l\u00e9gation \u00e9conomique de haut niveau. En pr\u00e9lude, l&#8217;empereur Naruhito a re\u00e7u le pr\u00e9sident f\u00e9d\u00e9ral pour un entretien. Jeudi (19.06.2025), il a rencontr\u00e9 le Premier ministre Shigeru Ishiba et son pr\u00e9d\u00e9cesseur Fumio Kishida. Il s&rsquo;agit d\u00e9j\u00e0 de la quatri\u00e8me visite de Steinmeier au Japon depuis qu\u2019il est pr\u00e9sident f\u00e9d\u00e9ral &#8211; sa derni\u00e8re visite remonte \u00e0 novembre 2022.\u00a0<\/p>\n<p>Le Japon, partenaire fiable de l\u2019Allemagne \u00a0<\/p>\n<p><img data-format=\"MASTER_LANDSCAPE\" data-id=\"72981074\" data-url=\"https:\/\/static.dw.com\/image\/72981074_${formatId}.jpg\" data-aspect-ratio=\"16\/9\" alt=\"Le pr\u00e9sident Frank-Walter Steinmeier (deuxi\u00e8me \u00e0 gauche) et sa d\u00e9l\u00e9gation au Japon sur le site de l'Expo 2025 (20.06.2025)\" style=\"padding-bottom: 56.25%; height: 0; max-height: 0;\"\/>Le gouvernement f\u00e9d\u00e9ral allemand veut augmenter son engagement dans l&rsquo;espace et mise \u00e9galement sur une \u00e9troite collaboration avec le Japon, a fait savoir la ministre de l\u2019Espace qui accompagne le pr\u00e9sident Steinmeier Image : Bernd von Jutrczenka\/dpa\/picture alliance<\/p>\n<p>\u00ab\u00a0Durant ces deux ans et demi, beaucoup de choses ont \u00e9t\u00e9 faites, peu de choses ont chang\u00e9 pour le mieux\u00a0\u00bb, a d\u00e9clar\u00e9 Frank-Walter Steinmeier aux journalistes en \u00e9voquant la situation g\u00e9opolitique. \u00ab\u00a0En ce sens, je suis tr\u00e8s heureux d&rsquo;avoir pu dire aujourd&rsquo;hui \u00e0 l&#8217;empereur du Japon : Le Japon a toujours \u00e9t\u00e9 un partenaire fiable pour nous en ces temps difficiles\u00a0\u00bb.\u00a0 Les deux pays sont des partenaires de valeurs, s&rsquo;engagent pour le maintien d&rsquo;un ordre international bas\u00e9 sur des r\u00e8gles, ont un int\u00e9r\u00eat commun dans un commerce mondial libre et coop\u00e8rent en mati\u00e8re de politique de s\u00e9curit\u00e9, a soulign\u00e9 Steinmeier.\u00a0<\/p>\n<p>De g\u00e9opolitique et de s\u00e9curit\u00e9, il en a aussi \u00e9t\u00e9 question avec le Premier ministre japonais. Frank-Walter Steinmeier et Shigeru Ishiba ont \u00e9galement \u00e9voqu\u00e9 la mani\u00e8re dont l&rsquo;Allemagne et le Japon peuvent continuer \u00e0 approfondir leur coop\u00e9ration politique et \u00e9conomique.\u00a0<\/p>\n<p>De g\u00e9opolitique et de s\u00e9curit\u00e9, il en a aussi \u00e9t\u00e9 question avec le Premier ministre japonais. Frank-Walter Steinmeier et Shigeru Ishiba ont \u00e9galement \u00e9voqu\u00e9 la mani\u00e8re dont l&rsquo;Allemagne et le Japon peuvent continuer \u00e0 approfondir leur coop\u00e9ration politique et \u00e9conomique.\u00a0<\/p>\n","protected":false},"excerpt":{"rendered":"Le pr\u00e9sident allemand Frank-Walter Steinmeier a salu\u00e9 \u00e0 Tokyo la fiabilit\u00e9 des relations entre l&rsquo;Allemagne et le Japon&hellip;\n","protected":false},"author":2,"featured_media":191188,"comment_status":"","ping_status":"","sticky":false,"template":"","format":"standard","meta":{"footnotes":""},"categories":[1587],"tags":[11,672,1804,1805,1803,1777,674,1801,12,1802],"class_list":{"0":"post-191187","1":"post","2":"type-post","3":"status-publish","4":"format-standard","5":"has-post-thumbnail","7":"category-allemagne","8":"tag-actualites","9":"tag-allemagne","10":"tag-bundesrepublik-deutschland","11":"tag-de","12":"tag-deutschland","13":"tag-eu","14":"tag-europe","15":"tag-germany","16":"tag-news","17":"tag-republique-federale-dallemagne"},"share_on_mastodon":{"url":"https:\/\/pubeurope.com\/@fr\/114716258009183012","error":""},"_links":{"self":[{"href":"https:\/\/www.europesays.com\/fr\/wp-json\/wp\/v2\/posts\/191187","targetHints":{"allow":["GET"]}}],"collection":[{"href":"https:\/\/www.europesays.com\/fr\/wp-json\/wp\/v2\/posts"}],"about":[{"href":"https:\/\/www.europesays.com\/fr\/wp-json\/wp\/v2\/types\/post"}],"author":[{"embeddable":true,"href":"https:\/\/www.europesays.com\/fr\/wp-json\/wp\/v2\/users\/2"}],"replies":[{"embeddable":true,"href":"https:\/\/www.europesays.com\/fr\/wp-json\/wp\/v2\/comments?post=191187"}],"version-history":[{"count":0,"href":"https:\/\/www.europesays.com\/fr\/wp-json\/wp\/v2\/posts\/191187\/revisions"}],"wp:featuredmedia":[{"embeddable":true,"href":"https:\/\/www.europesays.com\/fr\/wp-json\/wp\/v2\/media\/191188"}],"wp:attachment":[{"href":"https:\/\/www.europesays.com\/fr\/wp-json\/wp\/v2\/media?parent=191187"}],"wp:term":[{"taxonomy":"category","embeddable":true,"href":"https:\/\/www.europesays.com\/fr\/wp-json\/wp\/v2\/categories?post=191187"},{"taxonomy":"post_tag","embeddable":true,"href":"https:\/\/www.europesays.com\/fr\/wp-json\/wp\/v2\/tags?post=191187"}],"curies":[{"name":"wp","href":"https:\/\/api.w.org\/{rel}","templated":true}]}}