{"id":191189,"date":"2025-06-20T14:52:10","date_gmt":"2025-06-20T14:52:10","guid":{"rendered":"https:\/\/www.europesays.com\/fr\/191189\/"},"modified":"2025-06-20T14:52:10","modified_gmt":"2025-06-20T14:52:10","slug":"en-direct-guerre-au-proche-orient-liran-tire-une-nouvelle-salve-de-missiles-sur-israel-liberation","status":"publish","type":"post","link":"https:\/\/www.europesays.com\/fr\/191189\/","title":{"rendered":"EN DIRECT &#8211; Guerre au Proche-Orient\u00a0: l\u2019Iran tire une nouvelle salve de missiles sur Isra\u00ebl \u2013 Lib\u00e9ration"},"content":{"rendered":"<p class=\"sc-ksZaOG ehjQrN text-element\"><b>Manifestations \u00e0 T\u00e9h\u00e9ran contre Isra\u00ebl. <\/b>Des milliers de personnes manifestaient vendredi contre Isra\u00ebl \u00e0 T\u00e9h\u00e9ran, \u00e0 l\u2019issue de la pri\u00e8re hebdomadaire, scandant des slogans en soutien \u00e0 leurs dirigeants, selon des images diffus\u00e9es par la t\u00e9l\u00e9vision d\u2019Etat. Ces images montraient des manifestants dans la capitale iranienne brandissant des portraits de commandants tu\u00e9s depuis le d\u00e9but de la guerre avec Isra\u00ebl tandis que d\u2019autres agitaient des drapeaux iraniens, et ceux du Hezbollah libanais. \u00abJe sacrifierai ma vie pour mon guide\u00bb, pouvait-on lire sur la banderole d\u2019un manifestant, en r\u00e9f\u00e9rence au guide supr\u00eame, l\u2019ayatollah Ali Khamenei. Selon la t\u00e9l\u00e9vision, d\u2019autres manifestations ont eu lieu dans plusieurs villes du pays, notamment \u00e0 Tabriz, dans le nord-ouest de l\u2019Iran, et \u00e0 Chiraz, dans le sud.<\/p>\n","protected":false},"excerpt":{"rendered":"Manifestations \u00e0 T\u00e9h\u00e9ran contre Isra\u00ebl. Des milliers de personnes manifestaient vendredi contre Isra\u00ebl \u00e0 T\u00e9h\u00e9ran, \u00e0 l\u2019issue de&hellip;\n","protected":false},"author":2,"featured_media":191190,"comment_status":"","ping_status":"","sticky":false,"template":"","format":"standard","meta":{"footnotes":""},"categories":[1586],"tags":[11,22405,952,1777,674,1011,27,3019,31951,664,12,25],"class_list":{"0":"post-191189","1":"post","2":"type-post","3":"status-publish","4":"format-standard","5":"has-post-thumbnail","7":"category-europe","8":"tag-actualites","9":"tag-ali-khamenei","10":"tag-benyamin-netanyahou","11":"tag-eu","12":"tag-europe","13":"tag-fr","14":"tag-france","15":"tag-iran","16":"tag-iran-israel-guerre","17":"tag-israel","18":"tag-news","19":"tag-republique-francaise"},"share_on_mastodon":{"url":"https:\/\/pubeurope.com\/@fr\/114716261926583623","error":""},"_links":{"self":[{"href":"https:\/\/www.europesays.com\/fr\/wp-json\/wp\/v2\/posts\/191189","targetHints":{"allow":["GET"]}}],"collection":[{"href":"https:\/\/www.europesays.com\/fr\/wp-json\/wp\/v2\/posts"}],"about":[{"href":"https:\/\/www.europesays.com\/fr\/wp-json\/wp\/v2\/types\/post"}],"author":[{"embeddable":true,"href":"https:\/\/www.europesays.com\/fr\/wp-json\/wp\/v2\/users\/2"}],"replies":[{"embeddable":true,"href":"https:\/\/www.europesays.com\/fr\/wp-json\/wp\/v2\/comments?post=191189"}],"version-history":[{"count":0,"href":"https:\/\/www.europesays.com\/fr\/wp-json\/wp\/v2\/posts\/191189\/revisions"}],"wp:featuredmedia":[{"embeddable":true,"href":"https:\/\/www.europesays.com\/fr\/wp-json\/wp\/v2\/media\/191190"}],"wp:attachment":[{"href":"https:\/\/www.europesays.com\/fr\/wp-json\/wp\/v2\/media?parent=191189"}],"wp:term":[{"taxonomy":"category","embeddable":true,"href":"https:\/\/www.europesays.com\/fr\/wp-json\/wp\/v2\/categories?post=191189"},{"taxonomy":"post_tag","embeddable":true,"href":"https:\/\/www.europesays.com\/fr\/wp-json\/wp\/v2\/tags?post=191189"}],"curies":[{"name":"wp","href":"https:\/\/api.w.org\/{rel}","templated":true}]}}