{"id":191195,"date":"2025-06-20T14:55:10","date_gmt":"2025-06-20T14:55:10","guid":{"rendered":"https:\/\/www.europesays.com\/fr\/191195\/"},"modified":"2025-06-20T14:55:10","modified_gmt":"2025-06-20T14:55:10","slug":"nouvelle-dinguerie-a-la-roulette-les-bleus-elimines-sans-pouvoir-participer-au-combat-decisif","status":"publish","type":"post","link":"https:\/\/www.europesays.com\/fr\/191195\/","title":{"rendered":"Nouvelle dinguerie \u00e0 la roulette, les Bleus \u00e9limin\u00e9s sans pouvoir participer au combat d\u00e9cisif"},"content":{"rendered":"<p>Une <a href=\"https:\/\/www.20minutes.fr\/sport\/equipe-de-france\/\" class=\"color-ultramarine c-link\" target=\"_blank\" rel=\"noopener\">\u00e9quipe de France<\/a> de <a href=\"https:\/\/www.20minutes.fr\/sport\/judo\/\" class=\"color-ultramarine c-link\" target=\"_blank\" rel=\"noopener\">judo<\/a> au bord de l\u2019\u00e9limination (1-3) dans l\u2019\u00e9preuve par \u00e9quipe mixte, relanc\u00e9e par Joan-Benjamin Gaba, avant que la roulette du combat d\u00e9cisif sur l\u2019\u00e9cran g\u00e9ant ne s\u2019arr\u00eate sur la cat\u00e9gorie des +\u00a090 kg, \u00e7a ne vous rappellerait pas un truc\u00a0? Et oui, il s\u2019agit par ici de notre plus grande \u00e9motion lors des <a href=\"https:\/\/www.20minutes.fr\/sport\/jo_2024\/\" class=\"color-ultramarine c-link\" target=\"_blank\" rel=\"noopener\">JO de Paris 2024<\/a>, \u00e0 l\u2019occasion de <a href=\"https:\/\/www.20minutes.fr\/sport\/jo_2024\/4104368-20240803-jo-2024-judo-verite-film-roulette-remontada-sacre-bleu-equipes-divertissement-ultime\" class=\"color-ultramarine c-link\" target=\"_blank\" rel=\"noopener\">la finale remport\u00e9e contre le Japon (4-3)<\/a>. Mais rassurez-vous, nous ne sommes pas partis sur un article nostalgique c\u00e9l\u00e9brant avec un peu d\u2019avance le premier anniversaire des meilleurs Jeux olympiques de l\u2019histoire.<\/p>\n<blockquote class=\"twitter-tweet\" align=\"center\" data-lang=\"fr_FR\">\n<p lang=\"fr\" dir=\"ltr\">\ud83e\udd4b\ud83c\uddeb\ud83c\uddf7 Mais c&rsquo;est terrible ! L&rsquo;\u00e9quipe de France de judo battue par la Cor\u00e9e du sud&#8230; \u00e0 la roulette ! Le sort a d\u00e9sign\u00e9 la cat\u00e9gorie des -90 kg, et notre combattant est bless\u00e9. La r\u00e8gle est sans appel. QUE C&rsquo;EST CRUEL ! <a href=\"https:\/\/t.co\/vUhcHG2DCg\">pic.twitter.com\/vUhcHG2DCg<\/a><\/p>\n<p>\u2014 RMC Sport (@RMCsport) <a href=\"https:\/\/twitter.com\/RMCsport\/status\/1936022539492278740?ref_src=twsrc%5Etfw\" target=\"_blank\" rel=\"noopener\">June 20, 2025<\/a><\/p><\/blockquote>\n<p class=\"mb-m@xs text-l@xs\">En cliquant sur\u00ab J\u2019accepte \u00bb, vous acceptez le d\u00e9p\u00f4t de cookies par des services externes et aurez ainsi acc\u00e8s aux contenus de nos partenaires.<\/p>\n<p class=\"mb-xl@xs text-s@xs\">Plus d\u2019informations sur la page<a href=\"https:\/\/www.20minutes.fr\/gestion-cookies\" class=\"mx-xxs@xs color-ultramarine\" target=\"_blank\" rel=\"noopener\">Politique de gestion des cookies<\/a><\/p>\n<p>J\u2019accepte<\/p>\n<p>Non, on vient vraiment de revivre ce sc\u00e9nario, ce vendredi \u00e0 <a href=\"https:\/\/www.20minutes.fr\/dossier\/budapest\" class=\"color-ultramarine c-link\" target=\"_blank\" rel=\"noopener\">Budapest<\/a> (Hongrie), lors du quart de finale des Championnats du monde de judo entre les Bleus et la <a href=\"https:\/\/www.20minutes.fr\/dossier\/coree_du_sud\" class=\"color-ultramarine c-link\" target=\"_blank\" rel=\"noopener\">Cor\u00e9e du Sud<\/a>. A savoir une \u00e9galit\u00e9 parfaite apr\u00e8s six combats (trois femmes et trois hommes), gr\u00e2ce donc au <a href=\"https:\/\/www.20minutes.fr\/sport\/jo_2024\/4158608-20250615-judo-revelation-jo-paris-2024-joan-benjamin-gaba-ecrit-histoire-devenant-champion-monde-73-kg\" class=\"color-ultramarine c-link\" target=\"_blank\" rel=\"noopener\">nouveau champion du monde des &#8211; 73 kg<\/a> Joan-Benjamin Gaba puis \u00e0 Marie-Eve Gahi\u00e9, en attendant un match d\u00e9cisif entre lourds. A la diff\u00e9rence pr\u00e8s que cette fois, le roi <a href=\"https:\/\/www.20minutes.fr\/sport\/teddy_riner\/\" class=\"color-ultramarine c-link\" target=\"_blank\" rel=\"noopener\">Teddy Riner<\/a> n\u2019est pas de la partie, insuffisamment remis d\u2019une op\u00e9ration au coude pour prendre part \u00e0 ces Mondiaux.<\/p>\n<p>Pas de bronze apr\u00e8s la d\u00e9faite contre le Br\u00e9sil<\/p>\n<p>Pire encore, Angel Gustan, qui le remplace en +\u00a090 kg, s\u2019est bless\u00e9 au cours de son pr\u00e9c\u00e9dent combat perdu contre le Sud-Cor\u00e9en Lee Seung-yeob. Evacu\u00e9 sur une civi\u00e8re, il ne peut donc pas tenir sa place pour cet \u00e9pilogue des quarts. Et le (trop) strict r\u00e8glement n\u2019autorisant pas de remplacement pour un ultime combat, l\u2019\u00e9quipe de France a d\u00fb s\u2019incliner (3-4) sur forfait.<\/p>\n<\/p>\n<p>Un cruel d\u00e9nouement pour ce remake du <a href=\"https:\/\/www.20minutes.fr\/sport\/jo_2024\/4104372-20240804-jo-2024-judo-pense-pourrais-gagner-monde-leger-sud-coreen-defie-teddy-riner\" class=\"color-ultramarine c-link\" target=\"_blank\" rel=\"noopener\">quart de finale olympique<\/a> remport\u00e9 sans trembler par les Bleus (4-1) \u00e0 Paris. Au premier tour, les co\u00e9quipiers de Joan-Benjamin Gaba s\u2019\u00e9taient sortis de justesse, et \u00e0 la roulette (4-3 gr\u00e2ce \u00e0 Maxime-Ga\u00ebl Ngayap Hambou), de leur duel contre les Russes.<\/p>\n<p><a href=\"https:\/\/www.20minutes.fr\/sport\/judo\/\" class=\"c-link c-btn c-btn--primary\" target=\"_blank\" rel=\"noopener\">Notre dossier sur le judo<\/a><\/p>\n<p>Mais les doubles champions olympiques en titre de l\u2019\u00e9preuve ne parviennent toujours pas \u00e0 \u00eatre sacr\u00e9s dans les Mondiaux, apr\u00e8s avoir \u00e9chou\u00e9 lors de leurs cinq finales contre le <a href=\"https:\/\/www.20minutes.fr\/dossier\/japon\" class=\"color-ultramarine c-link\" target=\"_blank\" rel=\"noopener\">Japon<\/a> avant cette \u00e9dition 2025. Visant le bronze apr\u00e8s ce coup de massue, via deux rep\u00eachages, les Bleus (7es) se sont lourdement inclin\u00e9s face au Br\u00e9sil (1-4), malgr\u00e9 le sans-faute de Gaba (9\/9 cette semaine en Hongrie). Fichue roulette\u00a0!<\/p>\n<p><script async src=\"https:\/\/platform.twitter.com\/widgets.js\" charset=\"utf-8\"><\/script><\/p>\n","protected":false},"excerpt":{"rendered":"Une \u00e9quipe de France de judo au bord de l\u2019\u00e9limination (1-3) dans l\u2019\u00e9preuve par \u00e9quipe mixte, relanc\u00e9e par&hellip;\n","protected":false},"author":2,"featured_media":191196,"comment_status":"","ping_status":"","sticky":false,"template":"","format":"standard","meta":{"footnotes":""},"categories":[2],"tags":[11,22519,22448,5640,64,1011,27,804,7941,13739,12,25,517,23046],"class_list":{"0":"post-191195","1":"post","2":"type-post","3":"status-publish","4":"format-standard","5":"has-post-thumbnail","7":"category-actualites","8":"tag-actualites","9":"tag-budapest","10":"tag-championnats-du-monde","11":"tag-coree-du-sud","12":"tag-equipe-de-france","13":"tag-fr","14":"tag-france","15":"tag-hongrie","16":"tag-jo-paris-2024","17":"tag-judo","18":"tag-news","19":"tag-republique-francaise","20":"tag-sport","21":"tag-teddy-riner"},"share_on_mastodon":{"url":"https:\/\/pubeurope.com\/@fr\/114716273910173845","error":""},"_links":{"self":[{"href":"https:\/\/www.europesays.com\/fr\/wp-json\/wp\/v2\/posts\/191195","targetHints":{"allow":["GET"]}}],"collection":[{"href":"https:\/\/www.europesays.com\/fr\/wp-json\/wp\/v2\/posts"}],"about":[{"href":"https:\/\/www.europesays.com\/fr\/wp-json\/wp\/v2\/types\/post"}],"author":[{"embeddable":true,"href":"https:\/\/www.europesays.com\/fr\/wp-json\/wp\/v2\/users\/2"}],"replies":[{"embeddable":true,"href":"https:\/\/www.europesays.com\/fr\/wp-json\/wp\/v2\/comments?post=191195"}],"version-history":[{"count":0,"href":"https:\/\/www.europesays.com\/fr\/wp-json\/wp\/v2\/posts\/191195\/revisions"}],"wp:featuredmedia":[{"embeddable":true,"href":"https:\/\/www.europesays.com\/fr\/wp-json\/wp\/v2\/media\/191196"}],"wp:attachment":[{"href":"https:\/\/www.europesays.com\/fr\/wp-json\/wp\/v2\/media?parent=191195"}],"wp:term":[{"taxonomy":"category","embeddable":true,"href":"https:\/\/www.europesays.com\/fr\/wp-json\/wp\/v2\/categories?post=191195"},{"taxonomy":"post_tag","embeddable":true,"href":"https:\/\/www.europesays.com\/fr\/wp-json\/wp\/v2\/tags?post=191195"}],"curies":[{"name":"wp","href":"https:\/\/api.w.org\/{rel}","templated":true}]}}