{"id":191214,"date":"2025-06-20T15:07:10","date_gmt":"2025-06-20T15:07:10","guid":{"rendered":"https:\/\/www.europesays.com\/fr\/191214\/"},"modified":"2025-06-20T15:07:10","modified_gmt":"2025-06-20T15:07:10","slug":"au-grand-palais-une-exposition-qui-voit-triple-liberation","status":"publish","type":"post","link":"https:\/\/www.europesays.com\/fr\/191214\/","title":{"rendered":"au Grand Palais, une exposition qui voit triple \u2013 Lib\u00e9ration"},"content":{"rendered":"<p class=\"sc-ksZaOG ehjQrN text-element\">C\u2019est l\u2019histoire d\u2019un trouple. L\u2019intrigue, r\u00e9sum\u00e9e par l\u2019historienne de l\u2019art Catherine Francblin, est b\u00e2tie sur le g\u00e9n\u00e9rique suivant :<b> <\/b>\u00ab<a href=\"https:\/\/www.liberation.fr\/culture\/niki-de-saint-phalle-pleine-denvies-20221112_V2JKK5ZHTZHI5MNDMFATBUYGPQ\/\" target=\"_blank\" rel=\"nofollow noopener\" title=\"https:\/\/www.liberation.fr\/culture\/niki-de-saint-phalle-pleine-denvies-20221112_V2JKK5ZHTZHI5MNDMFATBUYGPQ\/\">Niki de Saint Phalle<\/a>, la belle aristocrate franco-ame\u0301ricaine, artiste autodidacte rebelle passe\u0301e par l\u2019asile, [rencontre] <a href=\"https:\/\/www.liberation.fr\/culture\/2009\/12\/03\/rauschenberg-tinguely-metaux-hurlants_597015\/\" target=\"_blank\" rel=\"nofollow noopener\" title=\"https:\/\/www.liberation.fr\/culture\/2009\/12\/03\/rauschenberg-tinguely-metaux-hurlants_597015\/\">Jean Tinguely<\/a>, le dadai\u0308ste suisse, nourri de litte\u0301rature anarchiste qui ne quitte pas sa combinaison bleue d\u2019ouvrier, [qui rencontre] <a href=\"https:\/\/www.liberation.fr\/culture\/2006\/10\/28\/pontus-hulten-hors-cadre_55631\/\" target=\"_blank\" rel=\"nofollow noopener\" title=\"https:\/\/www.liberation.fr\/culture\/2006\/10\/28\/pontus-hulten-hors-cadre_55631\/\">Pontus Hult\u00e9n<\/a>, le Sue\u0301dois qui re\u0302vait d\u2019e\u0302tre artiste et devint un grand directeur de muse\u0301e, admirateur sans bornes de l\u2019\u0153uvre de Marcel Duchamp et internationaliste convaincu.\u00bb Voil\u00e0 pour le c\u00f4t\u00e9 Netflix.<\/p>\n<p class=\"sc-ksZaOG ehjQrN text-element\">L\u2019affaire, il est vrai, s\u2019appuie sur l\u2019actualit\u00e9 de motifs r\u00e9currents qui trament l\u2019art et la vie confondus des deux principaux protagonistes : affolement<\/p>\n","protected":false},"excerpt":{"rendered":"C\u2019est l\u2019histoire d\u2019un trouple. L\u2019intrigue, r\u00e9sum\u00e9e par l\u2019historienne de l\u2019art Catherine Francblin, est b\u00e2tie sur le g\u00e9n\u00e9rique suivant&hellip;\n","protected":false},"author":2,"featured_media":191215,"comment_status":"","ping_status":"","sticky":false,"template":"","format":"standard","meta":{"footnotes":""},"categories":[1358],"tags":[1348,1384,1385,32924,1386,58,59,1011,27],"class_list":{"0":"post-191214","1":"post","2":"type-post","3":"status-publish","4":"format-standard","5":"has-post-thumbnail","7":"category-arts-et-design","8":"tag-arts","9":"tag-arts-and-design","10":"tag-arts-et-design","11":"tag-catalogue-raisonne-no-613","12":"tag-design","13":"tag-divertissement","14":"tag-entertainment","15":"tag-fr","16":"tag-france"},"share_on_mastodon":{"url":"https:\/\/pubeurope.com\/@fr\/114716320956256360","error":""},"_links":{"self":[{"href":"https:\/\/www.europesays.com\/fr\/wp-json\/wp\/v2\/posts\/191214","targetHints":{"allow":["GET"]}}],"collection":[{"href":"https:\/\/www.europesays.com\/fr\/wp-json\/wp\/v2\/posts"}],"about":[{"href":"https:\/\/www.europesays.com\/fr\/wp-json\/wp\/v2\/types\/post"}],"author":[{"embeddable":true,"href":"https:\/\/www.europesays.com\/fr\/wp-json\/wp\/v2\/users\/2"}],"replies":[{"embeddable":true,"href":"https:\/\/www.europesays.com\/fr\/wp-json\/wp\/v2\/comments?post=191214"}],"version-history":[{"count":0,"href":"https:\/\/www.europesays.com\/fr\/wp-json\/wp\/v2\/posts\/191214\/revisions"}],"wp:featuredmedia":[{"embeddable":true,"href":"https:\/\/www.europesays.com\/fr\/wp-json\/wp\/v2\/media\/191215"}],"wp:attachment":[{"href":"https:\/\/www.europesays.com\/fr\/wp-json\/wp\/v2\/media?parent=191214"}],"wp:term":[{"taxonomy":"category","embeddable":true,"href":"https:\/\/www.europesays.com\/fr\/wp-json\/wp\/v2\/categories?post=191214"},{"taxonomy":"post_tag","embeddable":true,"href":"https:\/\/www.europesays.com\/fr\/wp-json\/wp\/v2\/tags?post=191214"}],"curies":[{"name":"wp","href":"https:\/\/api.w.org\/{rel}","templated":true}]}}