{"id":191218,"date":"2025-06-20T15:09:26","date_gmt":"2025-06-20T15:09:26","guid":{"rendered":"https:\/\/www.europesays.com\/fr\/191218\/"},"modified":"2025-06-20T15:09:26","modified_gmt":"2025-06-20T15:09:26","slug":"cyril-hanouna-inquiet-apres-avoir-appris-une-mauvaise-nouvelle-concernant-son-fils","status":"publish","type":"post","link":"https:\/\/www.europesays.com\/fr\/191218\/","title":{"rendered":"Cyril Hanouna inquiet apr\u00e8s avoir appris une mauvaise nouvelle concernant son fils"},"content":{"rendered":"<p>Ce jeudi 19 juin 2025, Cyril Hanouna \u00e9tait l&rsquo;invit\u00e9 d&rsquo;honneur du Chinese Business Club, le premier r\u00e9seau d\u2019affaires de France. Lors de la r\u00e9ception, l&rsquo;ancien animateur de Touche pas \u00e0 mon poste a notamment \u00e9voqu\u00e9 son fils, Lino.<\/p>\n<p>En mars dernier, <a href=\"https:\/\/www.programme-tv.net\/news\/tv\/372917-kelly-vedovelli-absente-dans-les-derniers-numeros-de-tpmp-la-chroniqueuse-fait-une-mise-au-point-sur-son-avenir-dans-l-emission\/\" data-api-deeplink=\"teleloisirs:\/\/news\/372917\" target=\"_blank\" rel=\"noopener\">Cyril Hanouna a pr\u00e9sent\u00e9 la derni\u00e8re de TPMP<\/a>, apr\u00e8s la suppression de C8. \u00c0 la rentr\u00e9e prochaine, il sera de retour \u00e0 la t\u00e9l\u00e9 avec l&rsquo;\u00e9mission <a href=\"https:\/\/www.programme-tv.net\/news\/tv\/380319-ca-va-fortement-ressembler-a-tpmp-cyril-hanouna-donne-de-precieuses-informations-sur-tout-beau-tout-9-et-revele-l-horaire-de-diffusion-de-sa-nouvelle-emission\/\" data-api-deeplink=\"teleloisirs:\/\/news\/380319\" target=\"_blank\" rel=\"noopener\">Tout beau, tout 9 qu&rsquo;il animera sur W9<\/a>. Et il n&rsquo;est pas le seul ! <a href=\"https:\/\/www.programme-tv.net\/biographie\/2170-bataille-pascal\/\" data-api-deeplink=\"teleloisirs:\/\/person\/2170\" target=\"_blank\" rel=\"noopener\">Pascal Bataille<\/a> et <a href=\"https:\/\/www.programme-tv.net\/biographie\/2171-fontaine-laurent\/\" data-api-deeplink=\"teleloisirs:\/\/person\/2171\" target=\"_blank\" rel=\"noopener\">Laurent Fontaine<\/a> ont \u00e9galement fait leurs valises pour<a href=\"https:\/\/www.programme-tv.net\/news\/people\/375612-pourquoi-pas-un-retour-avec-cyril-hanouna-au-sein-du-groupe-m6-benjamin-castaldi-annonce-l-arret-de-sa-matinale-sur-europe-2-et-evoque-ses-futurs-projets\/\" data-api-deeplink=\"teleloisirs:\/\/news\/375612\" target=\"_blank\" rel=\"noopener\"> le groupe M6<\/a> tout comme <a href=\"https:\/\/www.programme-tv.net\/biographie\/527-minne-olivier\/\" data-link-people=\"d2947cdb-e80b-4454-b58f-a90a824ca361\" target=\"_blank\" rel=\"noopener\">Olivier Minne<\/a> ou encore <a href=\"https:\/\/www.programme-tv.net\/biographie\/11421-lapix-anne-sophie\/\" data-link-people=\"7c88e2fe-9bc4-44dc-9a4d-bf2788e5520b\" target=\"_blank\" rel=\"noopener\">Anne-Sophie Lapix<\/a>. Ce jeudi 19 juin 2025, Cyril Hanouna \u00e9tait l&rsquo;invit\u00e9 d&rsquo;honneur du Chinese Business Club, le premier r\u00e9seau d\u2019affaires de France. L&rsquo;animateur de 50 ans a notamment \u00e9voqu\u00e9 son fils, Lino.<\/p>\n<p><b>\u00ab\u00a0J\u2019ai pas dormi de la nuit\u00a0\u00bb <\/b><b>: <\/b>Cyril Hanouna apprend une mauvaise nouvelle concernant son fils, Lino<\/p>\n<p>Lors de la r\u00e9ception, Cyril Hanouna a confi\u00e9 avoir appris une mauvaise nouvelle concernant son fils, Lino. <a href=\"https:\/\/www.programme-tv.net\/news\/tv\/381388-il-vaut-mieux-preparer-ses-valises-julien-courbet-reagit-avec-humour-a-l-arrivee-d-anne-sophie-lapix-cyril-hanouna-et-olivier-minne-dans-le-groupe-m6\/\" data-api-deeplink=\"teleloisirs:\/\/news\/381388\" target=\"_blank\" rel=\"noopener\">L&rsquo;animateur qui rejoint le groupe M6<\/a> d&rsquo;ici la fin de l&rsquo;\u00e9t\u00e9 a ainsi expliqu\u00e9 que ce dernier rencontre quelques difficult\u00e9s scolaires, de quoi l&rsquo;avoir boulevers\u00e9. <b>\u00ab\u00a0J\u2019ai pas dormi de la nuit, sachez-le\u00a0\u00bb,<\/b> a-t-il d\u00e9clar\u00e9 lors du d\u00e9jeuner mensuel du Chinese Business Club avant de d\u00e9voiler la raison de sa courte nuit : <b>\u00ab\u00a0Non pas \u00e0 cause de vous. Parce que mon fils redouble, voil\u00e0. \u00c7a y est, c&rsquo;est tomb\u00e9 l\u00e0, c&rsquo;est tomb\u00e9 il y a un instant, je m&rsquo;en doutais, c&rsquo;est tomb\u00e9\u00a0\u00bb<\/b><b>. <\/b>Si<b> <\/b>Cyril Hanouna se concentre sur sa propre rentr\u00e9e, il compte bien soutenir son fils. \u00ab\u00a0Voil\u00e0, et il m&rsquo;a dit : \u2018Les profs, ils sont vraiment pas chill\u2019. Voil\u00e0. Donc c&rsquo;est pas grave, on va, on va reprendre \u00e7a\u00a0\u00bb,<b> <\/b>a ajout\u00e9 le producteur avec humour.<\/p>\n<p>                        \u00ab\u00a0J&rsquo;ai jamais voulu \u00eatre c\u00e9l\u00e8bre\u00a0\u00bb : Cyril Hanouna \u00e9voque l&rsquo;\u00e9volution de sa carri\u00e8re<\/p>\n<p><a href=\"https:\/\/www.programme-tv.net\/biographie\/25805-hanouna-cyril\/\" data-link-people=\"5dcd4d55-b4fe-4234-abc6-b74b4abdaf5c\" target=\"_blank\" rel=\"noopener\">Cyril Hanouna<\/a> a \u00e9galement \u00e9voqu\u00e9 ses exp\u00e9riences professionnelles lors de son discours au Chinese Business Club. \u00ab\u00a0Sachez que j&rsquo;ai jamais voulu \u00eatre c\u00e9l\u00e8bre. Pour le coup, je me suis un peu loup\u00e9. Le seul truc que je voulais \u00eatre, moi, c&rsquo;\u00e9tait riche. Mais riche, <b>dans tous les sens du terme.<\/b> Je voulais \u00eatre riche (\u2026) Donc, j&rsquo;ai commenc\u00e9, je me suis dit, tiens, je vais aller vendre des chemises sur le march\u00e9. Au bout de quatre march\u00e9s, je me suis rendu compte que je serais pas riche comme \u00e7a\u00a0\u00bb, a-t-il d\u00e9clar\u00e9.<\/p>\n","protected":false},"excerpt":{"rendered":"Ce jeudi 19 juin 2025, Cyril Hanouna \u00e9tait l&rsquo;invit\u00e9 d&rsquo;honneur du Chinese Business Club, le premier r\u00e9seau d\u2019affaires&hellip;\n","protected":false},"author":2,"featured_media":191219,"comment_status":"","ping_status":"","sticky":false,"template":"","format":"standard","meta":{"footnotes":""},"categories":[1356],"tags":[244,1083,58,1719,59,652,1011,27,252,1364,1630],"class_list":{"0":"post-191218","1":"post","2":"type-post","3":"status-publish","4":"format-standard","5":"has-post-thumbnail","7":"category-television","8":"tag-commentaire","9":"tag-cyril-hanouna","10":"tag-divertissement","11":"tag-enfants","12":"tag-entertainment","13":"tag-famille","14":"tag-fr","15":"tag-france","16":"tag-television","17":"tag-tv","18":"tag-zapping"},"share_on_mastodon":{"url":"https:\/\/pubeurope.com\/@fr\/114716329033198893","error":""},"_links":{"self":[{"href":"https:\/\/www.europesays.com\/fr\/wp-json\/wp\/v2\/posts\/191218","targetHints":{"allow":["GET"]}}],"collection":[{"href":"https:\/\/www.europesays.com\/fr\/wp-json\/wp\/v2\/posts"}],"about":[{"href":"https:\/\/www.europesays.com\/fr\/wp-json\/wp\/v2\/types\/post"}],"author":[{"embeddable":true,"href":"https:\/\/www.europesays.com\/fr\/wp-json\/wp\/v2\/users\/2"}],"replies":[{"embeddable":true,"href":"https:\/\/www.europesays.com\/fr\/wp-json\/wp\/v2\/comments?post=191218"}],"version-history":[{"count":0,"href":"https:\/\/www.europesays.com\/fr\/wp-json\/wp\/v2\/posts\/191218\/revisions"}],"wp:featuredmedia":[{"embeddable":true,"href":"https:\/\/www.europesays.com\/fr\/wp-json\/wp\/v2\/media\/191219"}],"wp:attachment":[{"href":"https:\/\/www.europesays.com\/fr\/wp-json\/wp\/v2\/media?parent=191218"}],"wp:term":[{"taxonomy":"category","embeddable":true,"href":"https:\/\/www.europesays.com\/fr\/wp-json\/wp\/v2\/categories?post=191218"},{"taxonomy":"post_tag","embeddable":true,"href":"https:\/\/www.europesays.com\/fr\/wp-json\/wp\/v2\/tags?post=191218"}],"curies":[{"name":"wp","href":"https:\/\/api.w.org\/{rel}","templated":true}]}}