{"id":191232,"date":"2025-06-20T15:16:09","date_gmt":"2025-06-20T15:16:09","guid":{"rendered":"https:\/\/www.europesays.com\/fr\/191232\/"},"modified":"2025-06-20T15:16:09","modified_gmt":"2025-06-20T15:16:09","slug":"je-pars-au-travail-la-boule-au-ventre-le-cauchemar-des-proprietaires-de-ds3-et-citroen-c3","status":"publish","type":"post","link":"https:\/\/www.europesays.com\/fr\/191232\/","title":{"rendered":"\u00ab\u00a0Je pars au travail la boule au ventre\u00a0\u00bb\u2026 Le cauchemar des propri\u00e9taires de DS3 et Citro\u00ebn C3"},"content":{"rendered":"<p> \u00abStop drive\u00a0\u00bb les DS3 et C3 \u00e9quip\u00e9s d\u2019airbags Takata. Ce rappel lanc\u00e9 mardi par Citro\u00ebn intervient apr\u00e8s l\u2019explosion de l\u2019airbag d\u2019une C3 de\u00a02014 ayant provoqu\u00e9 <a href=\"https:\/\/www.20minutes.fr\/faits_divers\/4158919-20250617-reims-sait-nouvel-accident-mortel-cause-airbag-takata\" class=\"color-ultramarine c-link\" rel=\"nofollow noopener\" target=\"_blank\">la mort d\u2019une conductrice<\/a> de 37 ans \u00e0 Reims. Mais <a href=\"https:\/\/www.20minutes.fr\/societe\/4159052-20250617-airbags-takata-apres-france-citroen-demande-immobilisation-toutes-c3-ds3-concernees-europe\" class=\"color-ultramarine c-link\" rel=\"nofollow noopener\" target=\"_blank\">l\u2019immobilisation imm\u00e9diate<\/a> de ces voitures n\u2019est pas sans cons\u00e9quence pour les propri\u00e9taires de ces voitures, comme en <a href=\"https:\/\/www.20minutes.fr\/auto\/4159187-20250618-citroen-c3-ds3-doit-etre-immobilisee-cause-airbag-inquiets-racontez\" class=\"color-ultramarine c-link\" rel=\"nofollow noopener\" target=\"_blank\">t\u00e9moignent les lecteurs et lectrices de 20 Minutes<\/a>.<\/p>\n<p>Louisa a achet\u00e9 une <a href=\"https:\/\/www.20minutes.fr\/dossier\/citroen\" class=\"color-ultramarine c-link\" rel=\"nofollow noopener\" target=\"_blank\">Citro\u00ebn <\/a>C3 d\u2019occasion l\u2019an pass\u00e9 \u00ab\u00a0sans savoir qu\u2019elle \u00e9tait concern\u00e9e par la campagne de rappel\u00a0\u00bb pour son airbag. Car jusqu\u2019\u00e0 pr\u00e9sent, Citro\u00ebn ne pr\u00f4nait, via une simple lettre, qu\u2019un rappel en concession des v\u00e9hicules pour remplacer les airbags des mod\u00e8les fabriqu\u00e9s \u00e0 partir de\u00a02014. \u00ab\u00a0Nos analyses ne montraient pas de risque de d\u00e9gradation au-del\u00e0 de\u00a02013\u00a0\u00bb, a pr\u00e9cis\u00e9 un porte-parole de <a href=\"https:\/\/www.20minutes.fr\/economie\/auto\/stellantis\/\" class=\"color-ultramarine c-link\" rel=\"nofollow noopener\" target=\"_blank\">Stellantis <\/a>\u00e0 l\u2019AFP. Louisa a re\u00e7u \u00ab\u00a0il y a quelques jours ce courrier alarmant m\u2019indiquant qu\u2019il faut agir au plus vite\u00a0\u00bb. Probl\u00e8me\u00a0: \u00ab\u00a0Aucun cr\u00e9neau disponible en concession agr\u00e9\u00e9e.\u00a0\u00bb<\/p>\n<\/p>\n<p>La conductrice \u00ab\u00a0roule r\u00e9guli\u00e8rement sur autoroute sous une chaleur extr\u00eame dans la voiture, depuis je pars souvent au travail la boule au ventre en conduisant cette C3\u00a0\u00bb. Guillaume est propri\u00e9taire d\u2019une Opel Meriva B \u00ab\u00a0concern\u00e9e par le rappel\u00a0\u00bb, il avoue \u00ab\u00a0ne plus oser l\u2019utiliser par crainte d\u2019\u00eatre bless\u00e9 par l\u2019explosion des airbags. C\u2019est mon v\u00e9hicule principal pour aller au travail, je ne sais plus comment faire pour pouvoir rouler l\u2019esprit tranquille\u00a0\u00bb. Un autre internaute de 20 Minutes nous indique avoir \u00ab\u00a0retir\u00e9 le fusible des airbags dans l\u2019attente de [s] on rendez-vous en octobre pour le remplacement\u00a0\u00bb.<\/p>\n<p>\u00ab\u00a0Si un accident survient sur le trajet du garage\u00a0?\u00a0\u00bb<\/p>\n<p>Alexandre s\u2019interroge\u00a0: \u00ab\u00a0Comment emmener notre v\u00e9hicule chez Citro\u00ebn pour un \u00e9change standard si nous ne pouvons plus le conduire\u00a0? Si un accident survient sur ce trajet, Citro\u00ebn va-t-il assumer\u00a0?\u00a0\u00bb M\u00eame son de cloche chez Karoll, qui a achet\u00e9 une C3 d\u2019occasion il y a trois semaines, \u00ab\u00a0dont la propri\u00e9taire n\u2019avait pas chang\u00e9 l\u2019adresse de sa carte grise\u00a0\u00bb\u00a0: \u00ab\u00a0On nous demande de ne pas utiliser le v\u00e9hicule mais pour aller au garage, vous pouvez rouler avec\u00a0! Donc si j\u2019ai un accident le jour de mon rendez-vous, il se passe quoi\u00a0?\u00a0\u00bb<\/p>\n<p><a href=\"https:\/\/www.20minutes.fr\/societe\/4158968-20250617-airbags-ministere-demande-immobilisation-citroen-c3-faisant-objet-rappel-apres-nouveau-deces\" class=\"c-link c-btn c-btn--primary\" rel=\"nofollow noopener\" target=\"_blank\">Notre dossier sur les airbags Takata d\u00e9fectueux<\/a><\/p>\n<p>Chloe, elle, attend \u00ab\u00a0le mail ou le courrier pour avoir un code\u00a0\u00bb pour son changement d\u2019airbags. En allant sur le site de Citro\u00ebn, elle apprend qu\u2019il y a une \u00ab\u00a0campagne \u00e0 venir\u00a0\u00bb pour sa voiture. Elle se demande donc\u00a0: \u00ab\u00a0Stop drive ou pas encore\u00a0?\u00a0\u00bb C\u2019est le cas aussi de Guillaume, notre propri\u00e9taire d\u2019une Opel, de guetter \u00ab\u00a0un courrier de la pr\u00e9fecture\u00a0\u00bb.<\/p>\n<p>Dix-huit d\u00e9c\u00e8s en France dont 16 en Outre-mer<\/p>\n<p>Pascale a opt\u00e9 pour la vente de sa C3 devant le danger qu\u2019elle repr\u00e9sentait mais t\u00e9moigne de l\u2019imbroglio autour de son v\u00e9hicule. \u00ab\u00a0Ma C3 de\u00a02015 a fait l\u2019objet d\u2019un rappel afin de changer les airbags d\u00e9fectueux. Ce changement a \u00e9t\u00e9 fait en novembre\u00a02024. En avril\u00a02024, je consulte le site d\u00e9di\u00e9 aux v\u00e9hicules concern\u00e9s et ma voiture n\u2019en fait partie, s\u2019\u00e9tonne-t-elle. Je roule sereinement jusqu\u2019en ao\u00fbt lorsque je re\u00e7ois un courrier recommand\u00e9 m\u2019interdisant de conduire ma voiture. J\u2019ai demand\u00e9 \u00e0 avoir un v\u00e9hicule de remplacement, ce qui a pris cinq jours apr\u00e8s une dizaine d\u2019appels t\u00e9l\u00e9phoniques. Je d\u00e9pleure la lenteur d\u2019informations exactes de Stellantis et vous laisse risquer votre vie.\u00a0\u00bb<\/p>\n<p>L\u2019AFP indique que 441.000 voitures Citro\u00ebn C3 et DS3 fabriqu\u00e9es jusqu\u2019en\u00a02019 sont concern\u00e9es en Europe par le rappel \u00ab\u00a0stop drive\u00a0\u00bb, dont 82.000 en France, en plus de celles qui avaient d\u00e9j\u00e0 \u00e9t\u00e9 immobilis\u00e9es. Le minist\u00e8re des Transports a recens\u00e9 au total 18 d\u00e9c\u00e8s et 25 personnes bless\u00e9es sur l\u2019ensemble du territoire fran\u00e7ais, dont 16 d\u00e9c\u00e8s et 24 personnes bless\u00e9es dans les Outre-mer.<\/p>\n","protected":false},"excerpt":{"rendered":"\u00abStop drive\u00a0\u00bb les DS3 et C3 \u00e9quip\u00e9s d\u2019airbags Takata. Ce rappel lanc\u00e9 mardi par Citro\u00ebn intervient apr\u00e8s l\u2019explosion&hellip;\n","protected":false},"author":2,"featured_media":191233,"comment_status":"","ping_status":"","sticky":false,"template":"","format":"standard","meta":{"footnotes":""},"categories":[6],"tags":[4376,47,20849,646,35,7527,33,34,1011,27,775,12650,4243,104,2099,4752],"class_list":{"0":"post-191232","1":"post","2":"type-post","3":"status-publish","4":"format-standard","5":"has-post-thumbnail","7":"category-economie","8":"tag-accident-de-la-route","9":"tag-actualite","10":"tag-airbags-takata-defectueux","11":"tag-automobile","12":"tag-business","13":"tag-citroen","14":"tag-economie","15":"tag-economy","16":"tag-fr","17":"tag-france","18":"tag-grand-est","19":"tag-marne","20":"tag-reims","21":"tag-societe","22":"tag-stellantis","23":"tag-voiture"},"share_on_mastodon":{"url":"https:\/\/pubeurope.com\/@fr\/114716356317622747","error":""},"_links":{"self":[{"href":"https:\/\/www.europesays.com\/fr\/wp-json\/wp\/v2\/posts\/191232","targetHints":{"allow":["GET"]}}],"collection":[{"href":"https:\/\/www.europesays.com\/fr\/wp-json\/wp\/v2\/posts"}],"about":[{"href":"https:\/\/www.europesays.com\/fr\/wp-json\/wp\/v2\/types\/post"}],"author":[{"embeddable":true,"href":"https:\/\/www.europesays.com\/fr\/wp-json\/wp\/v2\/users\/2"}],"replies":[{"embeddable":true,"href":"https:\/\/www.europesays.com\/fr\/wp-json\/wp\/v2\/comments?post=191232"}],"version-history":[{"count":0,"href":"https:\/\/www.europesays.com\/fr\/wp-json\/wp\/v2\/posts\/191232\/revisions"}],"wp:featuredmedia":[{"embeddable":true,"href":"https:\/\/www.europesays.com\/fr\/wp-json\/wp\/v2\/media\/191233"}],"wp:attachment":[{"href":"https:\/\/www.europesays.com\/fr\/wp-json\/wp\/v2\/media?parent=191232"}],"wp:term":[{"taxonomy":"category","embeddable":true,"href":"https:\/\/www.europesays.com\/fr\/wp-json\/wp\/v2\/categories?post=191232"},{"taxonomy":"post_tag","embeddable":true,"href":"https:\/\/www.europesays.com\/fr\/wp-json\/wp\/v2\/tags?post=191232"}],"curies":[{"name":"wp","href":"https:\/\/api.w.org\/{rel}","templated":true}]}}