{"id":191236,"date":"2025-06-20T15:18:11","date_gmt":"2025-06-20T15:18:11","guid":{"rendered":"https:\/\/www.europesays.com\/fr\/191236\/"},"modified":"2025-06-20T15:18:11","modified_gmt":"2025-06-20T15:18:11","slug":"face-a-la-secheresse-des-restrictions-temporaires-dans-42-communes-du-finistere","status":"publish","type":"post","link":"https:\/\/www.europesays.com\/fr\/191236\/","title":{"rendered":"Face \u00e0 la s\u00e9cheresse, des restrictions temporaires dans 42 communes du Finist\u00e8re"},"content":{"rendered":"<p><a href=\"https:\/\/www.letelegramme.fr\/bretagne\/fortes-chaleurs-lille-et-vilaine-et-le-morbihan-places-en-vigilance-orange-canicule-ce-vendredi-6839379.php\" title=\"www.letelegramme.fr\" rel=\"nofollow noopener\" target=\"_blank\">Apr\u00e8s que M\u00e9t\u00e9o France a plac\u00e9 le d\u00e9partement en vigilance jaune canicule \u00e0 compter de ce vendredi 20 juin 2025, 12\u00a0h<\/a>, le pr\u00e9fet du Finist\u00e8re, Louis Le Franc, vient de prendre un arr\u00eat\u00e9 \u00ab\u00a0visant \u00e0 limiter temporairement certains usages du feu\u00a0\u00bb et \u00e0 \u00ab\u00a0encadrer les activit\u00e9s \u00e0 risque incendie\u00a0\u00bb, dans 42 communes, du 18 au 26 juin inclus. Et ce, \u00ab\u00a0en raison de conditions m\u00e9t\u00e9orologiques marqu\u00e9es par une s\u00e9cheresse importante de la v\u00e9g\u00e9tation\u00a0\u00bb. Et afin de \u00ab\u00a0pr\u00e9venir tout d\u00e9part de feu dans les zones sensibles compos\u00e9es de bois, for\u00eats, landes, plantations, ainsi que dans un p\u00e9rim\u00e8tre de 200 m autour de ces milieux naturels\u00a0\u00bb.<\/p>\n<p>Les principales mesures en vigueur sont les suivantes\u00a0: interdiction de tout br\u00fblage de v\u00e9g\u00e9taux sur pied, \u00e0 l\u2019exception des interventions du service d\u00e9partemental d\u2019incendie et de secours\u00a0; interdiction des feux de camp et des m\u00e9chouis\u00a0; encadrement des travaux agricoles et forestiers\u00a0: les travaux g\u00e9n\u00e9rateurs d\u2019\u00e9tincelles restent possibles uniquement sous r\u00e9serve de la pr\u00e9sence d\u2019une r\u00e9serve d\u2019eau \u00e0 proximit\u00e9.<\/p>\n<p>Ces restrictions s\u2019appliquent \u00e0 Argol, Berrien, Botmeur, Botsorhel, Brasparts, Brennilis, Camaret-sur-Mer, Cast, Ch\u00e2teaulin, Commana, Crozon, Din\u00e9ault, Hanvec, H\u00f4pital-Camfrout, Huelgoat, La Feuill\u00e9e, Land\u00e9vennec, Lann\u00e9anou, Lanv\u00e9oc, Laz, Le Clo\u00eetre-Saint-Th\u00e9gonnec, Le Faou, Le Tr\u00e9hou, Lop\u00e9rec, Loqueffret, Plomodiern, Plougonven, Ploun\u00e9our-M\u00e9nez, Pont-de-Buis-l\u00e8s-Quimerch, Poullaouen (sur l\u2019emprise de la commune d\u00e9l\u00e9gu\u00e9e de Locmaria-Berrien), Roscanvel, Rosno\u00ebn, Saint-Eloy, Saint-Goazec, Saint-Hernin, Saint-Nic, Saint-Rivoal, Scrignac, Sizun, Sp\u00e9zet, Telgruc-sur-Mer et Tr\u00e9garvan.<\/p>\n","protected":false},"excerpt":{"rendered":"Apr\u00e8s que M\u00e9t\u00e9o France a plac\u00e9 le d\u00e9partement en vigilance jaune canicule \u00e0 compter de ce vendredi 20&hellip;\n","protected":false},"author":2,"featured_media":191237,"comment_status":"","ping_status":"","sticky":false,"template":"","format":"standard","meta":{"footnotes":""},"categories":[4],"tags":[11,32936,32935,32934,32933,32932,32931,829,31001,32930,6206,1129,32929,32928,32927,765,3321,1011,27,32926,32925,26041,32959,32958,32957,32956,32955,32938,22400,32954,32953,32952,12,31643,32950,32951,32949,32937,3319,25,32939,32940,32941,32942,32943,31644,32944,12817,32945,32946,32947,32948],"class_list":{"0":"post-191236","1":"post","2":"type-post","3":"status-publish","4":"format-standard","5":"has-post-thumbnail","7":"category-france","8":"tag-actualites","9":"tag-argol","10":"tag-berrien","11":"tag-botmeur","12":"tag-botsorhel","13":"tag-brasparts","14":"tag-brennilis","15":"tag-bretagne","16":"tag-camaret-sur-mer","17":"tag-cast","18":"tag-chateaulin","19":"tag-climat","20":"tag-commana","21":"tag-crozon","22":"tag-dineault","23":"tag-en-continu","24":"tag-finistere","25":"tag-fr","26":"tag-france","27":"tag-hanvec","28":"tag-hopital-camfrout","29":"tag-huelgoat","30":"tag-la-feuillee","31":"tag-landevennec","32":"tag-lanneanou","33":"tag-lanveoc","34":"tag-laz","35":"tag-le-cloitre-saint-thegonnec","36":"tag-le-faou","37":"tag-le-trehou","38":"tag-loperec","39":"tag-loqueffret","40":"tag-news","41":"tag-plomodiern","42":"tag-plougonven","43":"tag-plouneour-menez","44":"tag-pont-de-buis-les-quimerch","45":"tag-poullaouen","46":"tag-quimper","47":"tag-republique-francaise","48":"tag-roscanvel","49":"tag-rosnoen","50":"tag-saint-eloy","51":"tag-saint-goazec","52":"tag-saint-hernin","53":"tag-saint-nic","54":"tag-scrignac","55":"tag-secheresse","56":"tag-sizun","57":"tag-spezet","58":"tag-telgruc-sur-mer","59":"tag-tregarvan"},"share_on_mastodon":{"url":"","error":"Validation failed: Text character limit of 500 exceeded"},"_links":{"self":[{"href":"https:\/\/www.europesays.com\/fr\/wp-json\/wp\/v2\/posts\/191236","targetHints":{"allow":["GET"]}}],"collection":[{"href":"https:\/\/www.europesays.com\/fr\/wp-json\/wp\/v2\/posts"}],"about":[{"href":"https:\/\/www.europesays.com\/fr\/wp-json\/wp\/v2\/types\/post"}],"author":[{"embeddable":true,"href":"https:\/\/www.europesays.com\/fr\/wp-json\/wp\/v2\/users\/2"}],"replies":[{"embeddable":true,"href":"https:\/\/www.europesays.com\/fr\/wp-json\/wp\/v2\/comments?post=191236"}],"version-history":[{"count":0,"href":"https:\/\/www.europesays.com\/fr\/wp-json\/wp\/v2\/posts\/191236\/revisions"}],"wp:featuredmedia":[{"embeddable":true,"href":"https:\/\/www.europesays.com\/fr\/wp-json\/wp\/v2\/media\/191237"}],"wp:attachment":[{"href":"https:\/\/www.europesays.com\/fr\/wp-json\/wp\/v2\/media?parent=191236"}],"wp:term":[{"taxonomy":"category","embeddable":true,"href":"https:\/\/www.europesays.com\/fr\/wp-json\/wp\/v2\/categories?post=191236"},{"taxonomy":"post_tag","embeddable":true,"href":"https:\/\/www.europesays.com\/fr\/wp-json\/wp\/v2\/tags?post=191236"}],"curies":[{"name":"wp","href":"https:\/\/api.w.org\/{rel}","templated":true}]}}