{"id":191238,"date":"2025-06-20T15:19:12","date_gmt":"2025-06-20T15:19:12","guid":{"rendered":"https:\/\/www.europesays.com\/fr\/191238\/"},"modified":"2025-06-20T15:19:12","modified_gmt":"2025-06-20T15:19:12","slug":"je-suis-chirurgien-cardiaque-voici-les-3-signes-avant-coureurs-dun-probleme-cardiaque-a-ne-pas-ignorer-dont-un-subtil-a-identifier","status":"publish","type":"post","link":"https:\/\/www.europesays.com\/fr\/191238\/","title":{"rendered":"Je suis chirurgien cardiaque, voici les 3 signes avant-coureurs d&rsquo;un probl\u00e8me cardiaque \u00e0 ne pas ignorer, dont un subtil \u00e0 identifier"},"content":{"rendered":"<p>Les temp\u00e9ratures \u00e9lev\u00e9es peuvent impacter le c\u0153ur et augmenter le risque de souffrir de maladies cardiovasculaires. <a data-i13n=\"cpos:1;pos:1\" href=\"https:\/\/observatoireprevention.org\/2024\/07\/17\/lexposition-a-la-chaleur-a-des-effets-importants-sur-le-coeur\/\" rel=\"nofollow noopener\" target=\"_blank\" data-ylk=\"slk:Le site de l&#039;Observatoire de la pr\u00e9vention;cpos:1;pos:1;elm:context_link;itc:0;sec:content-canvas\" class=\"link \">Le site de l&rsquo;Observatoire de la pr\u00e9vention<\/a> rappelle que des \u00e9tudes \u00e9pid\u00e9miologiques ont d\u00e9j\u00e0 d\u00e9montr\u00e9 une association entre les temp\u00e9ratures extr\u00eames et un risque cardiaque accru. Cit\u00e9 par<a data-i13n=\"cpos:2;pos:1\" href=\"https:\/\/nypost.com\/2025\/06\/08\/health\/im-a-heart-surgeon-3-warning-signs-you-shouldnt-ignore\/\" rel=\"nofollow noopener\" target=\"_blank\" data-ylk=\"slk:le New-York Post;cpos:2;pos:1;elm:context_link;itc:0;sec:content-canvas\" class=\"link \"> le New-York Post<\/a>, le Dr Jeremy London, chirurgien cardiaque \u00e0 Savannah, en G\u00e9orgie (\u00c9tats-Unis) met en garde sur la pr\u00e9sence de certains sympt\u00f4mes qui peuvent \u00eatre des signes avant-coureurs de probl\u00e8mes cardiovasculaires.<\/p>\n<p><strong>LIRE AUSSI &gt;&gt; <\/strong><a data-i13n=\"cpos:3;pos:1\" href=\"https:\/\/fr.news.yahoo.com\/selon-une-etude-cest-a-ce-moment-de-la-journee-que-les-gens-se-sentent-le-mieux-144335580.html?guccounter=1&amp;guce_referrer=aHR0cHM6Ly93d3cuZ29vZ2xlLmNvbS8&amp;guce_referrer_sig=AQAAADz8mtDdw6-_hMoVPsD224Vn4cIK9HHaYaVZ-EhMfBE274OcdTxSo5CFWhCWQ6QmI2Yu2ScqCNYtRyziIjWVb30iPRMOBdEt28C9VWjySyr9ifc5jH_VJc8lQTeae3czxhzEbvZGFzhcOCFWfqLUD656Y8EBKao9JOqHjSmRI0cN\" data-ylk=\"slk:Selon une \u00e9tude, c\u2019est \u00e0 ce moment de la journ\u00e9e que les gens se sentent le mieux;cpos:3;pos:1;elm:context_link;itc:0;sec:content-canvas;outcm:mb_qualified_link;_E:mb_qualified_link;ct:story;\" class=\"link  yahoo-link\" target=\"_blank\" rel=\"noopener\">Selon une \u00e9tude, c\u2019est \u00e0 ce moment de la journ\u00e9e que les gens se sentent le mieux<\/a><\/p>\n<p>En premier lieu, le Dr London recommande d&rsquo;\u00eatre vigilant face \u00e0 une pression thoracique qui appara\u00eet lors d&rsquo;un effort physique et qui diminue au repos. \u00ab\u00a0C\u2019est une indication qu\u2019une partie du c\u0153ur peut \u00eatre en manque de sang et c\u2019est ce qu\u2019on appelle une angine stable\u00a0\u00bb. Si les sympt\u00f4mes s&rsquo;aggravent, cette angine peut se transformer en crise cardiaque, alerte le m\u00e9decin.<\/p>\n<p>Un autre signe est \u00e0 prendre au s\u00e9rieux mais le Dr London pr\u00e9cise que c&rsquo;est \u00ab\u00a0un peu plus subtil\u00a0\u00bb. Il \u00e9voque un \u00ab\u00a0essoufflement, particuli\u00e8rement lors d&rsquo;une activit\u00e9\u00a0\u00bb. Il note que si l&rsquo;essoufflement s&rsquo;aggrave au fil du temps, c&rsquo;est un signe avant-coureur de difficult\u00e9 de fonctionnement pour le c\u0153ur.<\/p>\n<p>Une fatigue d\u00e9mesur\u00e9e<\/p>\n<p>Le Dr London d\u00e9voile un troisi\u00e8me sympt\u00f4me. Il parle d&rsquo;une \u00ab\u00a0fatigabilit\u00e9 facile ou d\u2019une diminution de la tol\u00e9rance \u00e0 l\u2019exercice\u00a0\u00bb. Pr\u00e9cis\u00e9ment, il n&rsquo;\u00e9voque pas une fatigue li\u00e9e \u00e0 un cours de sport ou un important effort physique mais d&rsquo;avoir besoin de faire une pause pendant les activit\u00e9s habituelles de la journ\u00e9e comme prendre une douche, traverser la rue ou sortir les poubelles. \u00ab\u00a0Notre corps poss\u00e8de des syst\u00e8mes d\u2019alerte int\u00e9gr\u00e9s, la cl\u00e9 est d\u2019y r\u00e9pondre avant d\u2019avoir des ennuis\u00a0\u00bb, pr\u00e9vient le m\u00e9decin.<\/p>\n<p><strong>LIRE AUSSI &gt;&gt;<\/strong> <a data-i13n=\"cpos:4;pos:1\" href=\"https:\/\/fr.news.yahoo.com\/crise-cardiaque-attention-risque-week-end-jours-feries-105508594.html\" data-ylk=\"slk:Les risques de crise cardiaque plus \u00e9lev\u00e9s le dimanche et les jours f\u00e9ri\u00e9s ?;cpos:4;pos:1;elm:context_link;itc:0;sec:content-canvas;outcm:mb_qualified_link;_E:mb_qualified_link;ct:story;\" class=\"link  yahoo-link\" target=\"_blank\" rel=\"noopener\">Les risques de crise cardiaque plus \u00e9lev\u00e9s le dimanche et les jours f\u00e9ri\u00e9s ?<\/a><\/p>\n<p>La vid\u00e9o du Dr London a \u00e9t\u00e9 vue plus de 850 000 fois, dans les commentaires, des internautes confirment que certains sympt\u00f4mes sont parfois confondus avec de l&rsquo;anxi\u00e9t\u00e9. \u00ab\u00a0J&rsquo;ai eu tout \u00e7a pendant 2 ans, mais les m\u00e9decins ont dit que ce n&rsquo;\u00e9tait pas grave, puis j&rsquo;ai eu une crise cardiaque en janvier, en f\u00e9vrier, j&rsquo;ai subi un triple pontage cardiaque.\u00a0\u00bb Un autre internaute confirme avoir \u00e9t\u00e9 victime d&rsquo;une crise cardiaque alors qu&rsquo;il ne pr\u00e9sentait aucun sympt\u00f4me.<\/p>\n<p>D&rsquo;autres signes peuvent \u00eatre \u00e9vocateurs d&rsquo;un probl\u00e8me cardiaque comme un \u00e9tourdissement, un rythme cardiaque irr\u00e9gulier, des \u00e9vanouissements, une transpiration, etc.<\/p>\n","protected":false},"excerpt":{"rendered":"Les temp\u00e9ratures \u00e9lev\u00e9es peuvent impacter le c\u0153ur et augmenter le risque de souffrir de maladies cardiovasculaires. Le site&hellip;\n","protected":false},"author":2,"featured_media":191239,"comment_status":"","ping_status":"","sticky":false,"template":"","format":"standard","meta":{"footnotes":""},"categories":[2],"tags":[11,32963,32961,869,1011,27,32960,32962,12],"class_list":{"0":"post-191238","1":"post","2":"type-post","3":"status-publish","4":"format-standard","5":"has-post-thumbnail","7":"category-actualites","8":"tag-actualites","9":"tag-cest-un-signe","10":"tag-chirurgien-cardiaque","11":"tag-crise-cardiaque","12":"tag-fr","13":"tag-france","14":"tag-jeremy-london","15":"tag-maladies-cardiovasculaires","16":"tag-news"},"share_on_mastodon":{"url":"https:\/\/pubeurope.com\/@fr\/114716368223643484","error":""},"_links":{"self":[{"href":"https:\/\/www.europesays.com\/fr\/wp-json\/wp\/v2\/posts\/191238","targetHints":{"allow":["GET"]}}],"collection":[{"href":"https:\/\/www.europesays.com\/fr\/wp-json\/wp\/v2\/posts"}],"about":[{"href":"https:\/\/www.europesays.com\/fr\/wp-json\/wp\/v2\/types\/post"}],"author":[{"embeddable":true,"href":"https:\/\/www.europesays.com\/fr\/wp-json\/wp\/v2\/users\/2"}],"replies":[{"embeddable":true,"href":"https:\/\/www.europesays.com\/fr\/wp-json\/wp\/v2\/comments?post=191238"}],"version-history":[{"count":0,"href":"https:\/\/www.europesays.com\/fr\/wp-json\/wp\/v2\/posts\/191238\/revisions"}],"wp:featuredmedia":[{"embeddable":true,"href":"https:\/\/www.europesays.com\/fr\/wp-json\/wp\/v2\/media\/191239"}],"wp:attachment":[{"href":"https:\/\/www.europesays.com\/fr\/wp-json\/wp\/v2\/media?parent=191238"}],"wp:term":[{"taxonomy":"category","embeddable":true,"href":"https:\/\/www.europesays.com\/fr\/wp-json\/wp\/v2\/categories?post=191238"},{"taxonomy":"post_tag","embeddable":true,"href":"https:\/\/www.europesays.com\/fr\/wp-json\/wp\/v2\/tags?post=191238"}],"curies":[{"name":"wp","href":"https:\/\/api.w.org\/{rel}","templated":true}]}}