{"id":191240,"date":"2025-06-20T15:20:11","date_gmt":"2025-06-20T15:20:11","guid":{"rendered":"https:\/\/www.europesays.com\/fr\/191240\/"},"modified":"2025-06-20T15:20:11","modified_gmt":"2025-06-20T15:20:11","slug":"fraisses-les-parents-disent-non-a-une-fermeture-de-classe-a-lecole-maternelle-grand-fraisses","status":"publish","type":"post","link":"https:\/\/www.europesays.com\/fr\/191240\/","title":{"rendered":"Fraisses. Les parents disent non \u00e0 une fermeture de classe \u00e0 l\u2019\u00e9cole maternelle Grand-Fraisses"},"content":{"rendered":"<p>Depuis quelques mois, on savait qu\u2019un risque de fermeture de classe planait sur l\u2019\u00e9cole maternelle Grand-Fraisses. Toutefois, chacun \u00e9tait confiant puisque d\u00e8s f\u00e9vrier, l\u2019arriv\u00e9e de 14 nouveaux \u00e9l\u00e8ves \u00e9tait annonc\u00e9e. L\u2019\u00e9cole, qui comptait cette ann\u00e9e 47 \u00e9l\u00e8ves pour trois classes, devrait en compter 55 \u00e0 la rentr\u00e9e prochaine, comme cela appara\u00eet sur le logiciel officiel \u00ab\u00a0Base-\u00e9l\u00e8ves\u00a0\u00bb. Pourtant, lorsque les parents ont rencontr\u00e9 Caroline Lecourt, l\u2019Inspectrice de l\u2019\u00c9ducation nationale, celle-ci leur a confirm\u00e9 la fermeture, pr\u00e9cisant que c\u2019\u00e9tait \u00ab\u00a0une d\u00e9cision prise lors de la carte scolaire de f\u00e9vrier\u00a0\u00bb.<\/p>\n<p>  \u00ab\u00a0Ce n\u2019est pas fini, on peut encore esp\u00e9rer\u00a0\u00bb<\/p>\n<p>Les parents d\u2019\u00e9l\u00e8ves ont donc d\u00e9cid\u00e9 d\u2019agir pour influencer la commission qui doit se r\u00e9unir la semaine prochaine et faire revenir le Directeur acad\u00e9mique (DASEN), sur sa d\u00e9cision. \u00ab\u00a0Ce n\u2019est pas fini, d\u00e9clare une maman, on peut encore esp\u00e9rer, on veut montrer qu\u2019on n\u2019est pas d\u2019accord\u00a0\u00bb. Les parents craignent que la petite section soit surcharg\u00e9e. Une directive de l\u2019\u00e9ducation nationale fixe \u00e0 24 \u00e9l\u00e8ves maximum les effectifs de grande section, ce sont donc 30 \u00e9l\u00e8ves et peut-\u00eatre plus qui se retrouveraient dans la classe des plus petits. \u00ab\u00a0Ce sont des enfants de maternelle, on veut qu\u2019ils soient accueillis dans de bonnes conditions. Avec 30 \u00e9l\u00e8ves ou plus, la classe va \u00eatre surcharg\u00e9e et bruyante\u00a0\u00bb.<\/p>\n<p>  La crainte d\u2019une fuite vers le priv\u00e9<\/p>\n<p>Les parents s\u2019inqui\u00e8tent quant aux apprentissages\u00a0: \u00ab\u00a0Comment peut-on g\u00e9rer une classe avec autant d\u2019\u00e9l\u00e8ves d\u2019\u00e2ge aussi diff\u00e9rents\u00a0?\u00a0\u00bb. Ils esp\u00e8rent que le DASEN acceptera de prendre en compte \u00ab\u00a0l\u2019inqui\u00e9tude des parents et celle de la commune\u00a0\u00bb. Ils n\u2019ignorent pas que \u00ab\u00a0si la fermeture de classe est simple, une r\u00e9ouverture est toujours tr\u00e8s compliqu\u00e9e\u00a0\u00bb et craignent une fuite vers le priv\u00e9.<\/p>\n<p>Pour l\u2019avenir, de nouveaux habitants, plus jeunes s\u2019installent sur la commune qui se rajeunit. Une p\u00e9tition, regroupant pr\u00e8s de 700 signatures a \u00e9t\u00e9 transmise au DASEN, \u00e0 l\u2019appui de la demande de maintien de la troisi\u00e8me classe. \u00ab\u00a0Nous avons 30 nouveaux inscrits pour la prochaine rentr\u00e9e, souligne Sandrine Sotton, l\u2019adjointe aux \u00e9coles, alors que la suppression est bas\u00e9e sur 14 inscriptions en PS. En mars, on \u00e9tait d\u00e9j\u00e0 \u00e0 21\u00a0! On a de nouveaux habitants. Je pose la question au ministre, pourquoi avoir mis l\u2019\u00e9cole obligatoire \u00e0 3 ans si c\u2019est pour en faire une garderie\u00a0? C\u2019est un lieu d\u2019apprentissage\u00a0\u00bb. Quant \u00e0 Christiane Barailler, la maire de la commune, elle souhaite que puisse \u00ab\u00a0\u00eatre conserv\u00e9 le c\u00f4t\u00e9 humain, on parle beaucoup de s\u00e9curit\u00e9 mais on ne se soucie pas de voir les enfants en surnombre dans les \u00e9coles\u00a0\u00bb.<\/p>\n<p>Contact\u00e9e par la r\u00e9daction, l\u2019Inspection acad\u00e9mique nous a confirm\u00e9 que l\u2019\u00e9cole du Grand Fraisse a bien fait remonter l\u2018\u00e9volution de ses effectifs et pr\u00e9cise\u00a0: \u00ab\u00a0Cette question sera \u00e9tudi\u00e9e prochainement dans le cadre du dialogue des instances, et dans le respect des calendriers d\u00e9partementaux de la carte scolaire\u00a0\u00bb.<\/p>\n<p class=\"note\">\u00c0 lire aussi\u00a0: <a href=\"https:\/\/www.leprogres.fr\/education\/2025\/06\/19\/cinq-classes-fermees-en-sept-ans-a-cousteau-les-parents-d-eleves-sideres\" target=\"_blank\" rel=\"noopener\">Cinq classes ferm\u00e9es en sept ans \u00e0 Cousteau\u00a0: les parents d\u2019\u00e9l\u00e8ves sid\u00e9r\u00e9s<\/a><\/p>\n","protected":false},"excerpt":{"rendered":"Depuis quelques mois, on savait qu\u2019un risque de fermeture de classe planait sur l\u2019\u00e9cole maternelle Grand-Fraisses. Toutefois, chacun&hellip;\n","protected":false},"author":2,"featured_media":191241,"comment_status":"","ping_status":"","sticky":false,"template":"","format":"standard","meta":{"footnotes":""},"categories":[9653],"tags":[1111,11,2430,7539,1057,1777,674,1011,32964,27,10425,12,25,4001,14025],"class_list":{"0":"post-191240","1":"post","2":"type-post","3":"status-publish","4":"format-standard","5":"has-post-thumbnail","7":"category-saint-etienne","8":"tag-actu","9":"tag-actualites","10":"tag-auvergne-rhone-alpes","11":"tag-edition-loire-sud","12":"tag-education","13":"tag-eu","14":"tag-europe","15":"tag-fr","16":"tag-fraisses","17":"tag-france","18":"tag-maternelle-elementaire","19":"tag-news","20":"tag-republique-francaise","21":"tag-saint-etienne","22":"tag-unieux-bassin"},"share_on_mastodon":{"url":"https:\/\/pubeurope.com\/@fr\/114716372291434108","error":""},"_links":{"self":[{"href":"https:\/\/www.europesays.com\/fr\/wp-json\/wp\/v2\/posts\/191240","targetHints":{"allow":["GET"]}}],"collection":[{"href":"https:\/\/www.europesays.com\/fr\/wp-json\/wp\/v2\/posts"}],"about":[{"href":"https:\/\/www.europesays.com\/fr\/wp-json\/wp\/v2\/types\/post"}],"author":[{"embeddable":true,"href":"https:\/\/www.europesays.com\/fr\/wp-json\/wp\/v2\/users\/2"}],"replies":[{"embeddable":true,"href":"https:\/\/www.europesays.com\/fr\/wp-json\/wp\/v2\/comments?post=191240"}],"version-history":[{"count":0,"href":"https:\/\/www.europesays.com\/fr\/wp-json\/wp\/v2\/posts\/191240\/revisions"}],"wp:featuredmedia":[{"embeddable":true,"href":"https:\/\/www.europesays.com\/fr\/wp-json\/wp\/v2\/media\/191241"}],"wp:attachment":[{"href":"https:\/\/www.europesays.com\/fr\/wp-json\/wp\/v2\/media?parent=191240"}],"wp:term":[{"taxonomy":"category","embeddable":true,"href":"https:\/\/www.europesays.com\/fr\/wp-json\/wp\/v2\/categories?post=191240"},{"taxonomy":"post_tag","embeddable":true,"href":"https:\/\/www.europesays.com\/fr\/wp-json\/wp\/v2\/tags?post=191240"}],"curies":[{"name":"wp","href":"https:\/\/api.w.org\/{rel}","templated":true}]}}