{"id":191242,"date":"2025-06-20T15:21:11","date_gmt":"2025-06-20T15:21:11","guid":{"rendered":"https:\/\/www.europesays.com\/fr\/191242\/"},"modified":"2025-06-20T15:21:11","modified_gmt":"2025-06-20T15:21:11","slug":"de-nouveaux-departs-depuis-laeroport-de-saint-etienne-loire","status":"publish","type":"post","link":"https:\/\/www.europesays.com\/fr\/191242\/","title":{"rendered":"De nouveaux d\u00e9parts depuis l\u2019a\u00e9roport de Saint-Etienne Loire"},"content":{"rendered":"<p class=\"is-style-chapo\">A l\u2019occasion de ses quinze ans d\u2019existence, l\u2019agence de voyages st\u00e9phanoise Vitamine Vacances lance une nouvelle marque d\u00e9di\u00e9e au bien-\u00eatre. En parall\u00e8le, elle annonce de nouvelles destinations, au d\u00e9part de Saint-Etienne.<\/p>\n<p><img fetchpriority=\"high\" decoding=\"async\" width=\"1024\" height=\"576\" src=\"https:\/\/www.europesays.com\/fr\/wp-content\/uploads\/2025\/06\/IMG_1893-1-1024x576.jpg\" alt=\"A\u00e9roport Saint-Etienne Loire\" class=\"wp-image-79811\"  \/>\u00a9JT\/ If Saint-Etienne.<\/p>\n<p>\u00ab\u00a0Il faudrait avoir une politique claire sur ce que l\u2019on veut faire de cet <a href=\"https:\/\/www.if-saint-etienne.fr\/politique-societe\/aeroport-saint-etienne-loire-lassociation-forezagir-menace-de-poursuivre-le-departement\" target=\"_blank\" rel=\"noreferrer noopener\">a\u00e9roport<\/a>\u00a0\u00bb, expliquait Philippe Gaillard, fondateur de <a href=\"https:\/\/vitaminevacances.com\/\" target=\"_blank\" rel=\"noreferrer noopener\">Vitamine Vacances<\/a>, lors d\u2019une conf\u00e9rence de presse organis\u00e9e pour les quinze ans de l\u2019agence de voyages. A Lorsqu\u2019il se lance en 2010 avec la Tunisie comme t\u00eate de gondole, il doit revoir rapidement ses plans, puisque le printemps arabe \u00e9clate quelques semaines apr\u00e8s seulement. \u00ab\u00a0Dix ans plus tard, il y a eu le Covid\u2026 cela vous oblige \u00e0 vous forger un bon caract\u00e8re\u00a0\u00bb, pointe le chef d\u2019entreprise. <\/p>\n<p>D\u00e8s le d\u00e9part, il opte pour avoir une agence qui n\u2019a pas pignon sur rue, mais qui se trouve au c\u0153ur m\u00eame de <a href=\"https:\/\/saint-etienne.aeroport.fr\/\" target=\"_blank\" rel=\"noreferrer noopener\">l\u2019a\u00e9roport<\/a> Saint-Etienne Loire. \u00ab\u00a0Nous faisons du tourisme \u00e0 la carte depuis cet a\u00e9roport, mais aussi ceux de Gen\u00e8ve, Lyon, Paris ou Marseille, vers le monde entier. Cela permet \u00e0 cette client\u00e8le de b\u00e9n\u00e9ficier d\u2019une certaine forme de discr\u00e9tion. Puis, cela permet de participer \u00e0 notre \u00e9chelle au rayonnement et au d\u00e9veloppement du territoire\u00a0\u00bb. En quinze ans, ils sont 35 000 voyageurs \u00e0 avoir fait confiance \u00e0 cette entreprise lig\u00e9rienne et ind\u00e9pendante.<\/p>\n<p>Egypte, Rhodes\u2026 et plus<\/p>\n<p>Une ind\u00e9pendance \u00e0 laquelle est particuli\u00e8rement attach\u00e9e Philippe Gaillard. \u00ab\u00a0Cela nous permet de proposer ce qu\u2019on veut au client et surtout, ce qui lui correspond\u00a0\u00bb. A l\u2019occasion de ses quinze ans, Vitamine Vacances annonce le lancement de nouveaux vols au d\u00e9part de Saint-Etienne\u00a0: Rhodes au mois d\u2019octobre, l\u2019Egypte en novembre\u2026 et la Laponie pour f\u00e9vrier 2027. Concernant 2026, elle planche s\u00e9rieusement sur les Pouilles en Italie, la Costa de la Luz en Espagne, l\u2019Albanie, Malte, ou encore la Tunisie. <\/p>\n<p>Et la demande est bien l\u00e0. \u00ab\u00a0Je pense que nous allons faire une belle ann\u00e9e. L\u2019an dernier, nous avons fait partir 18 groupes depuis Saint-Etienne, ils seront 36 en 2025. Certains viennent de Clermont-Ferrand, de Meyzieu, et ils trouvent beaucoup d\u2019avantages \u00e0 cet a\u00e9roport. Et nous avons \u00e9norm\u00e9ment de demandes de la client\u00e8le st\u00e9phanoise pour partir d\u2019ici\u00a0\u00bb. Ainsi, en 2024, 2 153 voyageurs ont \u00e9t\u00e9 transport\u00e9s, un chiffre quasiment atteint d\u00e8s le 31 mai cette ann\u00e9e (2 073 voyageurs). C\u2019est pourquoi il a \u00e9t\u00e9 d\u00e9cid\u00e9 de relancer une marque lanc\u00e9e initialement en 2021.<\/p>\n<p>3,15 millions d\u2019euros de chiffre d\u2019affaires<\/p>\n<p>Il s\u2019agit d\u2019OssMooz, une marque davantage d\u00e9di\u00e9e \u00e0 des voyages exp\u00e9rientiels et ax\u00e9e sur le bien-\u00eatre, la lenteur. Elle s\u2019inscrit dans une d\u00e9marche RSE sur laquelle l\u2019agence est accompagn\u00e9e par CPossible Conseil. On pourra imaginer, par exemple, des retraites de yoga, ou encore des escapades nature. Alors, l\u2019avenir incertain de l\u2019a\u00e9roport ainsi que ses d\u00e9tracteurs peuvent-ils mettre en p\u00e9ril l\u2019activit\u00e9 de l\u2019agence\u00a0? <\/p>\n<p>\u00ab\u00a0Avec 900 passagers, si je ne vendais que de l\u2019a\u00e9roport de Saint-Etienne, je n\u2019emploierais pas six personnes, estime le chef d\u2019entreprise. La soci\u00e9t\u00e9 ne serait pas en p\u00e9ril, car nous vendons des d\u00e9parts de partout. Mais les vols que je propose ne sont pas subventionn\u00e9s, il s\u2019agit d\u2019argent prive et les si\u00e8ges vides co\u00fbtent de l\u2019argent. Plus il y aura de vols, plus il y aura de taxes, et mieux l\u2019a\u00e9roport se portera. Je suis un fervent d\u00e9fenseur de mon territoire, quand je peux faire travailler la \u2018st\u00e9phanoise connexion\u2019, m\u00eame \u00e0 l\u2019\u00e9tranger, je le fais\u00a0\u00bb. Et ce n\u2019est pas le bracelet \u00ab\u00a042\u00a0\u00bb \u00e0 son poignet qui t\u00e9moignera du contraire\u2026 <br \/>En 2024, le chiffre d\u2019affaires de l\u2019agence est de 3,15 millions d\u2019euros, apr\u00e8s 2,8 millions d\u2019euros en 2023.<\/p>\n","protected":false},"excerpt":{"rendered":"A l\u2019occasion de ses quinze ans d\u2019existence, l\u2019agence de voyages st\u00e9phanoise Vitamine Vacances lance une nouvelle marque d\u00e9di\u00e9e&hellip;\n","protected":false},"author":2,"featured_media":191243,"comment_status":"","ping_status":"","sticky":false,"template":"","format":"standard","meta":{"footnotes":""},"categories":[9653],"tags":[1111,11,28185,28186,2430,1777,674,11536,1011,27,12,25,4001,28187,32965],"class_list":{"0":"post-191242","1":"post","2":"type-post","3":"status-publish","4":"format-standard","5":"has-post-thumbnail","7":"category-saint-etienne","8":"tag-actu","9":"tag-actualites","10":"tag-aeroport-de-boutheon","11":"tag-aeroport-saint-etienne-loire","12":"tag-auvergne-rhone-alpes","13":"tag-eu","14":"tag-europe","15":"tag-evolutif","16":"tag-fr","17":"tag-france","18":"tag-news","19":"tag-republique-francaise","20":"tag-saint-etienne","21":"tag-syndicat-mixte-de-laeroport-de-saint-etienne-loire","22":"tag-vitamine-vacances"},"share_on_mastodon":{"url":"https:\/\/pubeurope.com\/@fr\/114716376119852321","error":""},"_links":{"self":[{"href":"https:\/\/www.europesays.com\/fr\/wp-json\/wp\/v2\/posts\/191242","targetHints":{"allow":["GET"]}}],"collection":[{"href":"https:\/\/www.europesays.com\/fr\/wp-json\/wp\/v2\/posts"}],"about":[{"href":"https:\/\/www.europesays.com\/fr\/wp-json\/wp\/v2\/types\/post"}],"author":[{"embeddable":true,"href":"https:\/\/www.europesays.com\/fr\/wp-json\/wp\/v2\/users\/2"}],"replies":[{"embeddable":true,"href":"https:\/\/www.europesays.com\/fr\/wp-json\/wp\/v2\/comments?post=191242"}],"version-history":[{"count":0,"href":"https:\/\/www.europesays.com\/fr\/wp-json\/wp\/v2\/posts\/191242\/revisions"}],"wp:featuredmedia":[{"embeddable":true,"href":"https:\/\/www.europesays.com\/fr\/wp-json\/wp\/v2\/media\/191243"}],"wp:attachment":[{"href":"https:\/\/www.europesays.com\/fr\/wp-json\/wp\/v2\/media?parent=191242"}],"wp:term":[{"taxonomy":"category","embeddable":true,"href":"https:\/\/www.europesays.com\/fr\/wp-json\/wp\/v2\/categories?post=191242"},{"taxonomy":"post_tag","embeddable":true,"href":"https:\/\/www.europesays.com\/fr\/wp-json\/wp\/v2\/tags?post=191242"}],"curies":[{"name":"wp","href":"https:\/\/api.w.org\/{rel}","templated":true}]}}