{"id":191244,"date":"2025-06-20T15:22:23","date_gmt":"2025-06-20T15:22:23","guid":{"rendered":"https:\/\/www.europesays.com\/fr\/191244\/"},"modified":"2025-06-20T15:22:23","modified_gmt":"2025-06-20T15:22:23","slug":"les-parcs-de-la-pepiniere-et-de-sainte-marie-ouvrent-exceptionnellement-jusqua-minuit","status":"publish","type":"post","link":"https:\/\/www.europesays.com\/fr\/191244\/","title":{"rendered":"les parcs de la P\u00e9pini\u00e8re et de Sainte-Marie ouvrent exceptionnellement jusqu\u2019\u00e0 minuit"},"content":{"rendered":"<p>\u00ab\u00a0En raison des fortes chaleurs en cours sur la r\u00e9gion, la ville de Nancy ouvrira aux habitants jusqu\u2019\u00e0 minuit ses deux plus grands parcs, la P\u00e9pini\u00e8re et le parc Sainte-Marie\u00a0\u00bb, indique la Ville dans un communiqu\u00e9.<\/p>\n<p>\u00ab\u00a0Cette mesure est effective d\u00e8s ce vendredi soir et jusqu\u2019\u00e0 dimanche soir inclus.\u00a0\u00bb<\/p>\n<p>Habituellement, le parc de la P\u00e9pini\u00e8re ouvre jusqu\u2019\u00e0 minuit \u00e0 partir du 1er \u00a0juillet. \u00c0 cette p\u00e9riode, celui de Sainte-Marie ferme \u00e0 22\u00a0h\u00a030.<\/p>\n<p>Pour les matinaux, il est \u00e9galement possible de profiter de ces deux parcs \u00e0 la fra\u00eeche. Ils ouvrent leurs portes d\u00e8s 6\u00a0h\u00a030.<\/p>\n","protected":false},"excerpt":{"rendered":"\u00ab\u00a0En raison des fortes chaleurs en cours sur la r\u00e9gion, la ville de Nancy ouvrira aux habitants jusqu\u2019\u00e0&hellip;\n","protected":false},"author":2,"featured_media":191245,"comment_status":"","ping_status":"","sticky":false,"template":"","format":"standard","meta":{"footnotes":""},"categories":[9635],"tags":[1111,11,6698,1704,436,1777,674,1011,27,775,1702,1703,12,25,104],"class_list":{"0":"post-191244","1":"post","2":"type-post","3":"status-publish","4":"format-standard","5":"has-post-thumbnail","7":"category-nancy","8":"tag-actu","9":"tag-actualites","10":"tag-canicule","11":"tag-edition-nancy-et-agglomeration","12":"tag-environnement","13":"tag-eu","14":"tag-europe","15":"tag-fr","16":"tag-france","17":"tag-grand-est","18":"tag-nancy","19":"tag-nancy-ville-54b","20":"tag-news","21":"tag-republique-francaise","22":"tag-societe"},"share_on_mastodon":{"url":"https:\/\/pubeurope.com\/@fr\/114716379982156068","error":""},"_links":{"self":[{"href":"https:\/\/www.europesays.com\/fr\/wp-json\/wp\/v2\/posts\/191244","targetHints":{"allow":["GET"]}}],"collection":[{"href":"https:\/\/www.europesays.com\/fr\/wp-json\/wp\/v2\/posts"}],"about":[{"href":"https:\/\/www.europesays.com\/fr\/wp-json\/wp\/v2\/types\/post"}],"author":[{"embeddable":true,"href":"https:\/\/www.europesays.com\/fr\/wp-json\/wp\/v2\/users\/2"}],"replies":[{"embeddable":true,"href":"https:\/\/www.europesays.com\/fr\/wp-json\/wp\/v2\/comments?post=191244"}],"version-history":[{"count":0,"href":"https:\/\/www.europesays.com\/fr\/wp-json\/wp\/v2\/posts\/191244\/revisions"}],"wp:featuredmedia":[{"embeddable":true,"href":"https:\/\/www.europesays.com\/fr\/wp-json\/wp\/v2\/media\/191245"}],"wp:attachment":[{"href":"https:\/\/www.europesays.com\/fr\/wp-json\/wp\/v2\/media?parent=191244"}],"wp:term":[{"taxonomy":"category","embeddable":true,"href":"https:\/\/www.europesays.com\/fr\/wp-json\/wp\/v2\/categories?post=191244"},{"taxonomy":"post_tag","embeddable":true,"href":"https:\/\/www.europesays.com\/fr\/wp-json\/wp\/v2\/tags?post=191244"}],"curies":[{"name":"wp","href":"https:\/\/api.w.org\/{rel}","templated":true}]}}