{"id":191246,"date":"2025-06-20T15:23:11","date_gmt":"2025-06-20T15:23:11","guid":{"rendered":"https:\/\/www.europesays.com\/fr\/191246\/"},"modified":"2025-06-20T15:23:11","modified_gmt":"2025-06-20T15:23:11","slug":"trop-souvent-encombre-ce-parking-de-nancy-va-bientot-passer-a-une-tarification-specifique","status":"publish","type":"post","link":"https:\/\/www.europesays.com\/fr\/191246\/","title":{"rendered":"Trop souvent encombr\u00e9, ce parking de Nancy va bient\u00f4t passer \u00e0 une tarification sp\u00e9cifique"},"content":{"rendered":"<p>            Par<br \/>\n        <strong><br \/>\n            <a href=\"https:\/\/actu.fr\/auteur\/amandine-mehl\" title=\"Consulter tous les articles de Amandine Mehl\" target=\"_blank\" rel=\"noopener\">Amandine Mehl<\/a><br \/>\n        <\/strong><\/p>\n<p>        Publi\u00e9 le<\/p>\n<p>            20 juin 2025 \u00e0 16h32        <\/p>\n<p>Le <strong>parking d\u2019Haussonville<\/strong>, qui s\u2019appr\u00eate \u00e0 <strong>devenir le parking du march\u00e9 d\u2019Haussonville<\/strong>, am\u00e9nag\u00e9 par la Ville de Nancy en 2018, va conna\u00eetre une <strong>tarification sp\u00e9cifique <\/strong>\u00e0 partir du <strong>1\u1d49\u02b3 septembre 2025<\/strong>.\u00a0<\/p>\n<p class=\" wall-content\">La mesure a \u00e9t\u00e9 adopt\u00e9e lors du <strong>conseil m\u00e9tropolitain<\/strong> du jeudi 19 juin 2025. Explications.<\/p>\n<p>Le parking d\u2019Haussonville encombr\u00e9 en fin de semaine<\/p>\n<p class=\" wall-content\">Devenu payant en 2020 pour r\u00e9guler son occupation, avec une p\u00e9riode de gratuit\u00e9 pour les clients du march\u00e9, le parking fait l\u2019objet depuis plusieurs mois d\u2019une<strong> affluence accrue<\/strong>, notamment en fin de semaine, \u00e0 savoir les jeudis et les vendredis. Un <strong>encombrement qui p\u00e9nalise les clients<\/strong> du march\u00e9.<\/p>\n<p class=\" wall-content\">Pour <strong>faciliter<\/strong> et <strong>valoriser<\/strong> l\u2019usage du parking par les clients du march\u00e9 d\u2019Haussonville, il a donc \u00e9t\u00e9 d\u00e9cid\u00e9 de proposer une tarification sp\u00e9cifique.<\/p>\n<p>Vid\u00e9os : en ce moment sur ActuUne heure gratuite au parking d\u2019Haussonville<\/p>\n<p class=\" wall-content\">Ainsi, du lundi au samedi, de 7h \u00e0 19h, les usagers b\u00e9n\u00e9ficieront d\u2019<strong>une heure gratuite<\/strong>. Au-del\u00e0, le <a href=\"https:\/\/actu.fr\/tag\/stationnement\" target=\"_blank\" rel=\"noopener\">stationnement<\/a> co\u00fbtera :<\/p>\n<ul class=\" wall-content\">\n<li>Tarif du quart d\u2019heure au-del\u00e0 de 1h et jusqu\u2019\u00e0 1h30 : 0,50 \u20ac ;<\/li>\n<li>Tarif du quart d\u2019heure au-del\u00e0 de 1h30 et jusqu\u2019\u00e0 2h : 1,50 \u20ac ;<\/li>\n<li>Tarif du quart d\u2019heure au-del\u00e0 de 2h et jusqu\u2019\u00e0 4h : 2 \u20ac ;<\/li>\n<li>Tarif du quart d\u2019heure au-del\u00e0 de 4h et jusqu\u2019\u00e0 12h : gratuit.<\/li>\n<\/ul>\n<p class=\" wall-content\">S\u2019agissant du tarif maximal par tranche de 24h, il est fix\u00e9 \u00e0 20 \u20ac.<\/p>\n<p class=\" wall-content\">Suivez toute l\u2019actualit\u00e9 de vos villes et m\u00e9dias favoris en vous inscrivant \u00e0 <a href=\"https:\/\/moncompte.actu.fr\" title=\"D\u00e9couvez Mon Actu\" rel=\"nofollow noopener\" data-trk=\"{&quot;cta&quot;:{&quot;action&quot;:&quot;https:\\\/\\\/moncompte.actu.fr&quot;,&quot;category&quot;:&quot;mon compte&quot;,&quot;from&quot;:&quot;article footer&quot;,&quot;name&quot;:&quot;Mon actu&quot;,&quot;type&quot;:&quot;cta&quot;}}\" target=\"_blank\">Mon Actu<\/a>.<\/p>\n","protected":false},"excerpt":{"rendered":"Par Amandine Mehl Publi\u00e9 le 20 juin 2025 \u00e0 16h32 Le parking d\u2019Haussonville, qui s\u2019appr\u00eate \u00e0 devenir le&hellip;\n","protected":false},"author":2,"featured_media":191247,"comment_status":"","ping_status":"","sticky":false,"template":"","format":"standard","meta":{"footnotes":""},"categories":[9635],"tags":[1111,11,1777,674,1011,27,775,1702,12,25,104,6173],"class_list":{"0":"post-191246","1":"post","2":"type-post","3":"status-publish","4":"format-standard","5":"has-post-thumbnail","7":"category-nancy","8":"tag-actu","9":"tag-actualites","10":"tag-eu","11":"tag-europe","12":"tag-fr","13":"tag-france","14":"tag-grand-est","15":"tag-nancy","16":"tag-news","17":"tag-republique-francaise","18":"tag-societe","19":"tag-stationnement"},"share_on_mastodon":{"url":"https:\/\/pubeurope.com\/@fr\/114716383963051994","error":""},"_links":{"self":[{"href":"https:\/\/www.europesays.com\/fr\/wp-json\/wp\/v2\/posts\/191246","targetHints":{"allow":["GET"]}}],"collection":[{"href":"https:\/\/www.europesays.com\/fr\/wp-json\/wp\/v2\/posts"}],"about":[{"href":"https:\/\/www.europesays.com\/fr\/wp-json\/wp\/v2\/types\/post"}],"author":[{"embeddable":true,"href":"https:\/\/www.europesays.com\/fr\/wp-json\/wp\/v2\/users\/2"}],"replies":[{"embeddable":true,"href":"https:\/\/www.europesays.com\/fr\/wp-json\/wp\/v2\/comments?post=191246"}],"version-history":[{"count":0,"href":"https:\/\/www.europesays.com\/fr\/wp-json\/wp\/v2\/posts\/191246\/revisions"}],"wp:featuredmedia":[{"embeddable":true,"href":"https:\/\/www.europesays.com\/fr\/wp-json\/wp\/v2\/media\/191247"}],"wp:attachment":[{"href":"https:\/\/www.europesays.com\/fr\/wp-json\/wp\/v2\/media?parent=191246"}],"wp:term":[{"taxonomy":"category","embeddable":true,"href":"https:\/\/www.europesays.com\/fr\/wp-json\/wp\/v2\/categories?post=191246"},{"taxonomy":"post_tag","embeddable":true,"href":"https:\/\/www.europesays.com\/fr\/wp-json\/wp\/v2\/tags?post=191246"}],"curies":[{"name":"wp","href":"https:\/\/api.w.org\/{rel}","templated":true}]}}