{"id":191249,"date":"2025-06-20T15:25:10","date_gmt":"2025-06-20T15:25:10","guid":{"rendered":"https:\/\/www.europesays.com\/fr\/191249\/"},"modified":"2025-06-20T15:25:10","modified_gmt":"2025-06-20T15:25:10","slug":"un-defi-nomme-toulon-pour-bordeaux-begles-en-demi-finale","status":"publish","type":"post","link":"https:\/\/www.europesays.com\/fr\/191249\/","title":{"rendered":"un d\u00e9fi nomm\u00e9 Toulon pour Bordeaux-B\u00e8gles en demi-finale"},"content":{"rendered":"<p><strong>Bordeaux-B\u00e8gles\u00a0&#8211; Toulon<\/strong><\/p>\n<p>Un jeu l\u00e9ch\u00e9, les fl\u00e8ches Damian Penaud et Louis Bielle-Biarrey qui accumulent les essais, et une charni\u00e8re Lucu-Jalibert rayonnante\u00a0: cette saison, l\u2019UBB a impressionn\u00e9 par la qualit\u00e9 de son jeu et a \u00e9t\u00e9 r\u00e9compens\u00e9e par <a target=\"_self\" href=\"https:\/\/www.lanouvellerepublique.fr\/sports\/champions-cup-bordeaux-begles-mate-northampton-et-decroche-son-premier-titre-1748110360\" rel=\"nofollow noopener\">un titre en Champions Cup<\/a> et une premi\u00e8re qualification directe en demi-finale.<\/p>\n<p>Bordeaux-B\u00e8gles peut donc r\u00e9aliser le doubl\u00e9. Une raret\u00e9, un exploit que seuls deux clubs ont r\u00e9ussi\u00a0: Toulouse (1996, 2021, 2024) et\u2026 Toulon (2014). \u00ab\u00a0Quand tu es champion d\u2019Europe\u2026 Je sais la force et la puissance que \u00e7a peut te donner, et aussi la faiblesse\u00a0\u00bb, analyse l\u2019entra\u00eeneur de Toulon Pierre Mignoni, qui a pris part comme joueur \u00e0 l\u2019\u00e9pop\u00e9e du tripl\u00e9 europ\u00e9en du RCT (2013, 2014 et 2015), o\u00f9 les Varois se sont parfois pris les pieds dans le tapis en championnat apr\u00e8s le titre.<\/p>\n<p>\u00ab\u00a0Il faut se rappeler ce qu\u2019on a v\u00e9cu en Champions Cup\u00a0\u00bb<\/p>\n<p>\u00ab\u00a0Il faut se servir de ce titre pour r\u00e9it\u00e9rer des performances en Top\u00a014, ass\u00e8ne le troisi\u00e8me ligne de l\u2019UBB Bastien Vergnes. Il faut qu\u2019on arrive \u00e0 switcher. Il faut se rappeler ce qu\u2019on a v\u00e9cu en Champions Cup. Il nous reste deux matchs pour vivre les m\u00eames \u00e9motions.\u00a0\u00bb<\/p>\n<p>Bielle-Biarrey forfait<\/p>\n<p>Amoindris par le forfait de leur arme fatale Bielle-Biarrey, insuffisamment remis d\u2019une commotion, les hommes de Yannick Bru seront \u00e9galement priv\u00e9s de la puissance du deuxi\u00e8me ligne Adam Coleman, touch\u00e9 \u00e0 une \u00e9paule en stage, voire du pilier droit Sipili Falatea, qui avait subi une commotion en finale europ\u00e9enne.\u00a0Le demi de m\u00eal\u00e9e Maxime Lucu, qui n\u2019a plus jou\u00e9 depuis cette m\u00eame finale apr\u00e8s un coup re\u00e7u \u00e0 un genou, risque, lui, de manquer de rythme.<\/p>\n<p>En face, les Toulonnais, qui ont fait plier <a target=\"_self\" href=\"https:\/\/www.lanouvellerepublique.fr\/a-la-une\/top-14-toulon-domine-castres-et-affrontera-bordeaux-begles-en-demi-finale-1749937602\" rel=\"nofollow noopener\">Castres (52-23) en barrages<\/a>, seront affam\u00e9s. Et vont imposer un rude combat \u00e0 l\u2019UBB, eux qui ont renou\u00e9 cette saison avec leur ADN guerrier. R\u00e9guli\u00e8rement p\u00e9nalis\u00e9s en m\u00eal\u00e9e ferm\u00e9e, les Girondins devront donc hausser d\u2019un cran leur engagement.<\/p>\n<p>\u00ab\u00a0On est une \u00e9quipe qui a besoin de batailler dans les zones de rucks. Quand on passe \u00e0 c\u00f4t\u00e9 de cet aspect-l\u00e0 du jeu, ce sont des matchs tr\u00e8s compliqu\u00e9s pour nous, o\u00f9 on subit beaucoup\u00a0\u00bb, pr\u00e9vient le talonneur girondin Maxime Lamothe.<\/p>\n<p>Ce samedi 20\u00a0juin \u00e0 21\u00a0h\u00a005. En direct sur Canal+.<\/p>\n","protected":false},"excerpt":{"rendered":"Bordeaux-B\u00e8gles\u00a0&#8211; Toulon Un jeu l\u00e9ch\u00e9, les fl\u00e8ches Damian Penaud et Louis Bielle-Biarrey qui accumulent les essais, et une&hellip;\n","protected":false},"author":2,"featured_media":191250,"comment_status":"","ping_status":"","sticky":false,"template":"","format":"standard","meta":{"footnotes":""},"categories":[9619],"tags":[1111,11,1777,674,1011,27,12,882,25,479,60,478,2310],"class_list":{"0":"post-191249","1":"post","2":"type-post","3":"status-publish","4":"format-standard","5":"has-post-thumbnail","7":"category-toulon","8":"tag-actu","9":"tag-actualites","10":"tag-eu","11":"tag-europe","12":"tag-fr","13":"tag-france","14":"tag-news","15":"tag-provence-alpes-cote-dazur","16":"tag-republique-francaise","17":"tag-rugby","18":"tag-sports","19":"tag-top-14","20":"tag-toulon"},"share_on_mastodon":{"url":"https:\/\/pubeurope.com\/@fr\/114716391715132061","error":""},"_links":{"self":[{"href":"https:\/\/www.europesays.com\/fr\/wp-json\/wp\/v2\/posts\/191249","targetHints":{"allow":["GET"]}}],"collection":[{"href":"https:\/\/www.europesays.com\/fr\/wp-json\/wp\/v2\/posts"}],"about":[{"href":"https:\/\/www.europesays.com\/fr\/wp-json\/wp\/v2\/types\/post"}],"author":[{"embeddable":true,"href":"https:\/\/www.europesays.com\/fr\/wp-json\/wp\/v2\/users\/2"}],"replies":[{"embeddable":true,"href":"https:\/\/www.europesays.com\/fr\/wp-json\/wp\/v2\/comments?post=191249"}],"version-history":[{"count":0,"href":"https:\/\/www.europesays.com\/fr\/wp-json\/wp\/v2\/posts\/191249\/revisions"}],"wp:featuredmedia":[{"embeddable":true,"href":"https:\/\/www.europesays.com\/fr\/wp-json\/wp\/v2\/media\/191250"}],"wp:attachment":[{"href":"https:\/\/www.europesays.com\/fr\/wp-json\/wp\/v2\/media?parent=191249"}],"wp:term":[{"taxonomy":"category","embeddable":true,"href":"https:\/\/www.europesays.com\/fr\/wp-json\/wp\/v2\/categories?post=191249"},{"taxonomy":"post_tag","embeddable":true,"href":"https:\/\/www.europesays.com\/fr\/wp-json\/wp\/v2\/tags?post=191249"}],"curies":[{"name":"wp","href":"https:\/\/api.w.org\/{rel}","templated":true}]}}