{"id":191255,"date":"2025-06-20T15:28:14","date_gmt":"2025-06-20T15:28:14","guid":{"rendered":"https:\/\/www.europesays.com\/fr\/191255\/"},"modified":"2025-06-20T15:28:14","modified_gmt":"2025-06-20T15:28:14","slug":"voici-ce-quon-ne-pourra-pas-faire-dans-les-rues","status":"publish","type":"post","link":"https:\/\/www.europesays.com\/fr\/191255\/","title":{"rendered":"voici ce qu&rsquo;on ne pourra pas faire dans les rues"},"content":{"rendered":"<p>            Par<br \/>\n        <strong><br \/>\n            <a href=\"https:\/\/actu.fr\/auteur\/adrien-filoche\" title=\"Consulter tous les articles de Adrien Filoche\" target=\"_blank\" rel=\"noopener\">Adrien Filoche<\/a><br \/>\n        <\/strong><\/p>\n<p>        Publi\u00e9 le<\/p>\n<p>            20 juin 2025 \u00e0 16h19        <\/p>\n<p>L\u2019\u00e9t\u00e9 arrive, m\u00eame si la saison semble d\u00e9j\u00e0 bien install\u00e9e au regard des temp\u00e9ratures \u00e9touffantes de ces derniers jours. Et qui dit \u00ab\u00a0\u00e9t\u00e9\u00a0\u00bb dit \u00e9videmment <strong>f\u00eate de la musique.<\/strong> \u00c0 <a href=\"https:\/\/actu.fr\/normandie\/rouen_76540\" target=\"_blank\" rel=\"noopener\">Rouen<\/a> et au <a href=\"https:\/\/actu.fr\/normandie\/le-havre_76351\" target=\"_blank\" rel=\"noopener\">Havre<\/a>, comme chaque ann\u00e9e, les rues promettent d\u2019\u00eatre chantantes et dansantes ce samedi 21 juin 2025. Mais avec cet \u00e9v\u00e8nement viennent <strong>des interdictions prises par la pr\u00e9fecture<\/strong> afin d\u2019encadrer les festivit\u00e9s. On vous explique ce qu\u2019on ne pourra pas faire.<\/p>\n<p>Alcool interdit sur la voie publique<\/p>\n<p class=\" wall-content\">Un important dispositif de s\u00e9curit\u00e9 a \u00e9t\u00e9 mis en place sur l\u2019ensemble du d\u00e9partement avec la mobilisation de<strong> plus de 220 policiers et gendarmes. <\/strong>Dans certaines communes, des policiers municipaux seront \u00e9galement d\u00e9ploy\u00e9s.\u00a0<\/p>\n<p class=\" wall-content\">Au total, la pr\u00e9fecture de la Seine-Maritime a pris trois arr\u00eat\u00e9s qui seront en application :<\/p>\n<ul class=\" wall-content\">\n<li>Interdiction temporaire de <strong>consommer ou de d\u00e9tenir<\/strong> sur la voie publique et les terrains publics de <strong>toutes boissons alcooliques et alcoolis\u00e9es<\/strong> dans le d\u00e9partement de la Seine-Maritime de samedi 21 juin 2025 \u00e0 12h00 \u00e0 dimanche 22 juin 2025 \u00e0 10h ;<\/li>\n<li>Interdiction de c\u00e9der, porter, transporter, d\u00e9tenir ou utiliser de tous <strong>les artifices pyrotechniques<\/strong>, \u00e0 l\u2019exception de ceux \u00e0 risque tr\u00e8s faible et \u00e0 niveau sonore n\u00e9gligeable de la cat\u00e9gorie F1 (destin\u00e9s au grand public), de jeudi 19 juin 2025 \u00e0 19h00 \u00e0 dimanche 22 juin 2025 \u00e0 8h00 ;<\/li>\n<li>Interdiction de la <strong>distribution de carburant<\/strong>, y compris le gaz inflammable dans des conteneurs individuels, ainsi que de leur transport par des particuliers, de vendredi 20 juin 2025 \u00e0 19h00 \u00e0 dimanche 22 juin 2025 \u00e0 10h00.<\/li>\n<\/ul>\n<p class=\" wall-content\">Le pr\u00e9fet met par ailleurs la population en garde en raison de <a href=\"https:\/\/actu.fr\/meteo\/gros-coup-de-chaud-en-seine-maritime-des-temperatures-incroyables-sont-attendues_62785300.html\" target=\"_blank\" rel=\"noopener\">la vague de chaleur<\/a> annonc\u00e9e et en appelle \u00e0 \u00ab\u00a0la responsabilit\u00e9 collective des organisateurs et du public\u00a0\u00bb.<\/p>\n<p>Vid\u00e9os : en ce moment sur ActuSuivez l\u2019actualit\u00e9 de Rouen sur <a href=\"https:\/\/www.whatsapp.com\/channel\/0029VaKfnf99hXF2ddApFB1D\" target=\"_blank\" rel=\"noopener\">notre cha\u00eene WhatsApp<\/a> et sur <a href=\"https:\/\/www.tiktok.com\/@76actu.fr?lang=fr\" target=\"_blank\" rel=\"noopener\">notre compte TikTok<\/a><\/p>\n<p class=\" wall-content\">Suivez toute l\u2019actualit\u00e9 de vos villes et m\u00e9dias favoris en vous inscrivant \u00e0 <a href=\"https:\/\/moncompte.actu.fr\" title=\"D\u00e9couvez Mon Actu\" rel=\"nofollow noopener\" data-trk=\"{&quot;cta&quot;:{&quot;action&quot;:&quot;https:\\\/\\\/moncompte.actu.fr&quot;,&quot;category&quot;:&quot;mon compte&quot;,&quot;from&quot;:&quot;article footer&quot;,&quot;name&quot;:&quot;Mon actu&quot;,&quot;type&quot;:&quot;cta&quot;}}\" target=\"_blank\">Mon Actu<\/a>.<\/p>\n<p>                    <script async src=\"\/\/www.tiktok.com\/embed.js\"><\/script><\/p>\n","protected":false},"excerpt":{"rendered":"Par Adrien Filoche Publi\u00e9 le 20 juin 2025 \u00e0 16h19 L\u2019\u00e9t\u00e9 arrive, m\u00eame si la saison semble d\u00e9j\u00e0&hellip;\n","protected":false},"author":2,"featured_media":191256,"comment_status":"","ping_status":"","sticky":false,"template":"","format":"standard","meta":{"footnotes":""},"categories":[9587],"tags":[1111,11,1777,674,25885,1011,27,12,5161,25,9590,104],"class_list":{"0":"post-191255","1":"post","2":"type-post","3":"status-publish","4":"format-standard","5":"has-post-thumbnail","7":"category-rouen","8":"tag-actu","9":"tag-actualites","10":"tag-eu","11":"tag-europe","12":"tag-fete-de-la-musique","13":"tag-fr","14":"tag-france","15":"tag-news","16":"tag-normandie","17":"tag-republique-francaise","18":"tag-rouen","19":"tag-societe"},"share_on_mastodon":{"url":"https:\/\/pubeurope.com\/@fr\/114716404299774789","error":""},"_links":{"self":[{"href":"https:\/\/www.europesays.com\/fr\/wp-json\/wp\/v2\/posts\/191255","targetHints":{"allow":["GET"]}}],"collection":[{"href":"https:\/\/www.europesays.com\/fr\/wp-json\/wp\/v2\/posts"}],"about":[{"href":"https:\/\/www.europesays.com\/fr\/wp-json\/wp\/v2\/types\/post"}],"author":[{"embeddable":true,"href":"https:\/\/www.europesays.com\/fr\/wp-json\/wp\/v2\/users\/2"}],"replies":[{"embeddable":true,"href":"https:\/\/www.europesays.com\/fr\/wp-json\/wp\/v2\/comments?post=191255"}],"version-history":[{"count":0,"href":"https:\/\/www.europesays.com\/fr\/wp-json\/wp\/v2\/posts\/191255\/revisions"}],"wp:featuredmedia":[{"embeddable":true,"href":"https:\/\/www.europesays.com\/fr\/wp-json\/wp\/v2\/media\/191256"}],"wp:attachment":[{"href":"https:\/\/www.europesays.com\/fr\/wp-json\/wp\/v2\/media?parent=191255"}],"wp:term":[{"taxonomy":"category","embeddable":true,"href":"https:\/\/www.europesays.com\/fr\/wp-json\/wp\/v2\/categories?post=191255"},{"taxonomy":"post_tag","embeddable":true,"href":"https:\/\/www.europesays.com\/fr\/wp-json\/wp\/v2\/tags?post=191255"}],"curies":[{"name":"wp","href":"https:\/\/api.w.org\/{rel}","templated":true}]}}