{"id":191265,"date":"2025-06-20T15:33:09","date_gmt":"2025-06-20T15:33:09","guid":{"rendered":"https:\/\/www.europesays.com\/fr\/191265\/"},"modified":"2025-06-20T15:33:09","modified_gmt":"2025-06-20T15:33:09","slug":"face-a-un-climat-dincivilites-et-dinsecurite-plus-fort-a-rennes-ces-elus-militent-pour-une-police-metropolitaine-des-transports","status":"publish","type":"post","link":"https:\/\/www.europesays.com\/fr\/191265\/","title":{"rendered":"Face \u00e0 \u00ab\u00a0un climat d\u2019incivilit\u00e9s et d\u2019ins\u00e9curit\u00e9 plus fort\u00a0\u00bb \u00e0 Rennes, ces \u00e9lus militent pour une police m\u00e9tropolitaine des transports"},"content":{"rendered":"<p>Les \u00c9cologistes auraient-ils fait leur premi\u00e8re proposition de campagne en vue des municipales 2026 \u00e0 Rennes ? Jeudi 19 juin 2025, lors de la s\u00e9ance du conseil m\u00e9tropolitain, Michel Caillard, conseiller m\u00e9tropolitain de la commune de Chantepie, n\u2019est pas all\u00e9 jusque-l\u00e0, mais il s\u2019est livr\u00e9, au nom du groupe \u00c9cologistes et citoyens, \u00e0 un plaidoyer pour la mise en place d\u2019une police m\u00e9tropolitaine des transports. \u00ab Nous constatons aujourd\u2019hui un climat d\u2019incivilit\u00e9s et d\u2019ins\u00e9curit\u00e9 plus fort sur l\u2019espace public depuis la fin du covid. Et cela se ressent aussi sur le r\u00e9seau Star o\u00f9 les atteintes \u00e0 l\u2019encontre des usagers et des conducteurs se font malheureusement aussi plus fortes \u00bb, constate l\u2019\u00e9lu.<\/p>\n<p>\u00ab Elle demande un consensus des \u00e9lus \u00bb<\/p>\n<p>L\u2019\u00c9tat, dans le cadre du Contrat de s\u00e9curit\u00e9 int\u00e9gr\u00e9, s\u2019\u00e9tait engag\u00e9 \u00e0 cr\u00e9er une brigade des transports avec 55 agents de Police nationale sur la m\u00e9tropole. \u00ab Aujourd\u2019hui, seuls 24 sont en poste, d\u00e9nonce Michel Caillard. Et ils ne sont pas exclusivement affect\u00e9s au r\u00e9seau STAR, puisqu\u2019ils couvrent aussi le r\u00e9seau TER. \u00bb<\/p>\n<p>Si les \u00c9cologistes rennais demandent \u00e0 ce \u00ab que l\u2019\u00c9tat tienne ses engagements et que la brigade transports atteigne rapidement le nombre de personnels annonc\u00e9s \u00bb, ils plaident aussi pour \u00ab que la m\u00e9tropole cr\u00e9\u00e9e une police m\u00e9tropolitaine des transports en compl\u00e9ment des forces de Police nationale et de gendarmerie, ajoute l\u2019\u00e9lu cantepien. Nantes l\u2019a fait il y a quelques ann\u00e9es et les r\u00e9sultats semblent positifs. Pour \u00eatre cr\u00e9\u00e9e, elle demande un consensus des \u00e9lus du territoire. Nous proposons donc que le d\u00e9bat puisse \u00eatre pos\u00e9. \u00bb<\/p>\n<p>\u00ab Ce sujet monte, y compris dans les attentes usagers \u00bb<\/p>\n<p>Matthieu Theurier, le vice-pr\u00e9sident en charge des transports et \u00e9galement membre du groupe \u00c9cologistes et citoyens, conc\u00e8de qu\u2019\u00ab il y a depuis plusieurs ann\u00e9es des sujets nouveaux en mati\u00e8re de s\u00e9curit\u00e9 sur le territoire et \u00e7a se voit aussi sur le r\u00e9seau de transports. On voit que ce sujet monte, y compris dans les attentes usagers. \u00bb<\/p>\n<p>S\u2019il rappelle que la m\u00e9tropole \u00ab a mis en place un certain nombre d\u2019actions ces derniers mois et ann\u00e9es (renforcement des \u00e9quipes de m\u00e9diation Ami Star et des agents de s\u00e9curit\u00e9, mise en place d\u2019un <a href=\"https:\/\/www.letelegramme.fr\/ille-et-vilaine\/rennes-35000\/a-rennes-un-pc-securite-pour-gerer-les-incivilites-dans-les-transports-6418246.php\" target=\"_blank\" rel=\"noopener\">PC s\u00fbret\u00e9 24 h\/24 et 7 jours\/7<\/a>\u2026) \u00bb, il ajoute \u00ab qu\u2019il y aura, \u00e0 l\u2019avenir, d\u2019autres r\u00e9flexions \u00e0 mener pour continuer \u00e0 r\u00e9pondre aux besoins des usagers et \u00e0 la bonne qualit\u00e9 de notre r\u00e9seau Star \u00bb. D\u00e8s 2026 ?<\/p>\n","protected":false},"excerpt":{"rendered":"Les \u00c9cologistes auraient-ils fait leur premi\u00e8re proposition de campagne en vue des municipales 2026 \u00e0 Rennes ? Jeudi&hellip;\n","protected":false},"author":2,"featured_media":191266,"comment_status":"","ping_status":"","sticky":false,"template":"","format":"standard","meta":{"footnotes":""},"categories":[2821],"tags":[1111,11,829,1777,674,1011,27,848,12,3364,584,25],"class_list":{"0":"post-191265","1":"post","2":"type-post","3":"status-publish","4":"format-standard","5":"has-post-thumbnail","7":"category-rennes","8":"tag-actu","9":"tag-actualites","10":"tag-bretagne","11":"tag-eu","12":"tag-europe","13":"tag-fr","14":"tag-france","15":"tag-ille-et-vilaine","16":"tag-news","17":"tag-politique-a-rennes","18":"tag-rennes","19":"tag-republique-francaise"},"share_on_mastodon":{"url":"https:\/\/pubeurope.com\/@fr\/114716423305420533","error":""},"_links":{"self":[{"href":"https:\/\/www.europesays.com\/fr\/wp-json\/wp\/v2\/posts\/191265","targetHints":{"allow":["GET"]}}],"collection":[{"href":"https:\/\/www.europesays.com\/fr\/wp-json\/wp\/v2\/posts"}],"about":[{"href":"https:\/\/www.europesays.com\/fr\/wp-json\/wp\/v2\/types\/post"}],"author":[{"embeddable":true,"href":"https:\/\/www.europesays.com\/fr\/wp-json\/wp\/v2\/users\/2"}],"replies":[{"embeddable":true,"href":"https:\/\/www.europesays.com\/fr\/wp-json\/wp\/v2\/comments?post=191265"}],"version-history":[{"count":0,"href":"https:\/\/www.europesays.com\/fr\/wp-json\/wp\/v2\/posts\/191265\/revisions"}],"wp:featuredmedia":[{"embeddable":true,"href":"https:\/\/www.europesays.com\/fr\/wp-json\/wp\/v2\/media\/191266"}],"wp:attachment":[{"href":"https:\/\/www.europesays.com\/fr\/wp-json\/wp\/v2\/media?parent=191265"}],"wp:term":[{"taxonomy":"category","embeddable":true,"href":"https:\/\/www.europesays.com\/fr\/wp-json\/wp\/v2\/categories?post=191265"},{"taxonomy":"post_tag","embeddable":true,"href":"https:\/\/www.europesays.com\/fr\/wp-json\/wp\/v2\/tags?post=191265"}],"curies":[{"name":"wp","href":"https:\/\/api.w.org\/{rel}","templated":true}]}}