{"id":191268,"date":"2025-06-20T15:35:10","date_gmt":"2025-06-20T15:35:10","guid":{"rendered":"https:\/\/www.europesays.com\/fr\/191268\/"},"modified":"2025-06-20T15:35:10","modified_gmt":"2025-06-20T15:35:10","slug":"fete-de-la-musique-a-strasbourg-que-faire-ce-21-juin","status":"publish","type":"post","link":"https:\/\/www.europesays.com\/fr\/191268\/","title":{"rendered":"F\u00eate de la Musique \u00e0 Strasbourg\u00a0: Que faire ce 21\u00a0juin\u00a0?"},"content":{"rendered":"<p>\u00c7a tombe super bien cette ann\u00e9e\u00a0! Il fera beau et c\u2019est un samedi. Toutes les plan\u00e8tes sont align\u00e9es pour une 43e \u00e9dition de la <a href=\"https:\/\/www.20minutes.fr\/dossier\/fete_de_la_musique\" class=\"color-ultramarine c-link\" target=\"_blank\" rel=\"noopener\">F\u00eate de la Musique<\/a> 2025 r\u00e9ussie. Alors on fait quoi \u00e0 <a href=\"https:\/\/www.20minutes.fr\/strasbourg\/\" class=\"color-ultramarine c-link\" target=\"_blank\" rel=\"noopener\">Strasbourg<\/a>\u00a0?<\/p>\n<p>Comme il se doit, m\u00eame si de nombreuses sc\u00e8nes sont diss\u00e9min\u00e9es un peu partout dans la ville et mettront en avant une trentaine d\u2019artistes locaux, amateurs ou pas, c\u2019est aussi l\u2019occasion de faire de belles rencontres musicales au d\u00e9tour de chaque coin de rue, c\u2019est, il faut bien le rappeler, le principe\u2026 Fruit du hasard ou programmation officielle d\u00fbment \u00e9tudi\u00e9e, pour ceux qui ne veulent pas rester viss\u00e9s devant leur t\u00e9l\u00e9, pour ceux qui ont d\u00e9cid\u00e9 co\u00fbte que co\u00fbte de s\u2019engager dans des rues bond\u00e9es, il va bien falloir trancher, car on ne pourra pas tout faire. 20 Minutes a s\u00e9lectionn\u00e9 quelques \u00e9v\u00e9nements (gratuits \u00e9videmment) \u00e0 ne pas manquer\u00a0!<\/p>\n<p>C\u00f4t\u00e9 programmation officielle, rendez-vous sur les sc\u00e8nes d\u00e9couvertes des places Kl\u00e9ber, Gutenberg et Saint-Thomas, mais aussi sur les onze sc\u00e8nes partenaires soutenues par la ville diss\u00e9min\u00e9es un peu partout dans le centre-ville mais aussi dans certains quartiers comme \u00e0 la Krutenau, \u00e0 Hautepierre ou \u00e0 la Meinau et tenues par des associations.<\/p>\n<p>Tous \u00e0 l\u2019eau\u00a0! (mais sans se mouiller)<\/p>\n<p>C\u2019est exceptionnel et il va falloir en profiter, m\u00eame si cela promet beaucoup de monde\u2026 Mais c\u2019est une belle occasion de profiter d\u2019un concert gratuit en plein air dans un <a href=\"https:\/\/www.20minutes.fr\/dossier\/monument_historique\" class=\"color-ultramarine c-link\" target=\"_blank\" rel=\"noopener\">monument historique<\/a>. Les <a href=\"https:\/\/www.bainsmunicipauxdestrasbourg.fr\/\" target=\"_blank\" class=\"color-ultramarine c-link\" rel=\"noopener\">Bains municipaux<\/a> ouvrira en effet ses portes d\u00e8s 16 heures alors que la chorale LGBTQ +\u00a0Pelicanto lancera la f\u00eate dans le jardin autour du bassin ext\u00e9rieur avec un concert intimiste. Puis \u00e0 partir de 18h30 environ, le collectif WIR va ambiancer la terrasse avec un dance floor pour une programmation techno et house \u00e9lectro.<\/p>\n<p>Temp\u00e9rature \u00e9lev\u00e9e en d\u00e9but de soir\u00e9e<\/p>\n<p>Rendez-vous est donn\u00e9 place Saint-Etienne au centre-ville avec d\u00e8s 19 heures et ce jusqu\u2019\u00e0 21 heures environ pour \u00ab\u00a0un d\u00e9marrage en trombes\u00a0\u00bb avec Carbone 14, B2B, Oliver Kay et Shinta. Et puisque l\u2019on est dans <a href=\"https:\/\/www.20minutes.fr\/dossier\/musique_electronique\" class=\"color-ultramarine c-link\" target=\"_blank\" rel=\"noopener\">les places et l\u2019electro<\/a>, c\u2019est l\u2019occasion aussi de se rendre place Saint-Pierre-le-Jeune, toujours en c\u0153ur de ville, avec Park\u2019n\u2019Sound. De 19 heures \u00e0 minuit, une sc\u00e8ne \u00e9lectro en plein air promet \u00ab\u00a0des good vibes, de la bonne bouffe, des amis\u00a0\u00bb. Avec Dimitri Rossi, Alex Nevil, Tibesh B2B Manny, Chateauneuf, Krissindamix\u2026 Au menu, \u00ab\u00a0de la house, de l\u2019\u00e9lectro, de l\u2019afro, du disco, du melodic, de la tech\u00a0\u00bb\u2026 Il y en aura pour tous les go\u00fbts et tous les pas de danse\u00a0!<\/p>\n<\/p>\n<p>Pour une ambiance au coin de la rue<\/p>\n<p>Parce que c\u2019est toujours une r\u00e9ussite, toute simple, et qu\u2019on s\u2019y presse dans une ambiance qui para\u00eet presque spontan\u00e9e, rendez-vous est donn\u00e9 sur la petite terrasse du cin\u00e9ma Vox qui d\u00e9borde sur le trottoir, \u00e9picentre de Strasbourg s\u2019il en est un, pour une ambiance assur\u00e9e. Au menu, d\u00e8s 18h30, S.Beat, puis des sets qui s\u2019encha\u00eenent toutes les 30 minutes environ avec successivement Maher (violon et DJ), Julien-B, Marie Esposito (saxo et DJ), Alexis Landre (guitare et DJ), S.\u00a0Beat &amp; Julien B, puis, vers 22 heures, BNH.<\/p>\n<p>Sans surprise, mais \u00e7a sera bien<\/p>\n<p>Au-del\u00e0 des heureuses et fortuites rencontres au coin d\u2019une rue, ou si l\u2019on ne veut pas payer un droit <a href=\"https:\/\/www.20minutes.fr\/dossier\/pouvoir_d_achat\" class=\"color-ultramarine c-link\" target=\"_blank\" rel=\"noopener\">d\u2019entr\u00e9e pour faire la f\u00eate<\/a> dans un des \u00e9tablissements de la ville qui organisent pour l\u2019occasion de ce 21\u00a0juin un \u00ab\u00a0special event\u00a0\u00bb, restent, entre autres, les grandes \u00ab\u00a0sc\u00e8nes\u00a0\u00bb d\u00e9couvertes\u00a0\u00bb, o\u00f9 vont se produire de nombreux musicos. A commencer par celle de la place Kl\u00e9ber, o\u00f9 sont programm\u00e9s d\u00e8s 19 heures\u00a0: Peter Later (power pop), LOBA (pop folk), Vedette (indie pop), Volta (chorale dynamique), Groove Island (soul funk), H\u0101tome (rock rap), Macrowave (electro rock). Ou bien encore en hyper-centre sur la sc\u00e8ne de la place Gutenberg avec, d\u00e8s 19 heures\u00a0: Renz (folk), Agrimia (musique cr\u00e9toise), Blune (funk, groove, indie), Outed (pop fran\u00e7aise), Wicked Waste (rock), CL4VE (rap accord\u00e9on), La Touche fran\u00e7aise (disco folk).<\/p>\n","protected":false},"excerpt":{"rendered":"\u00c7a tombe super bien cette ann\u00e9e\u00a0! Il fera beau et c\u2019est un samedi. Toutes les plan\u00e8tes sont align\u00e9es&hellip;\n","protected":false},"author":2,"featured_media":191269,"comment_status":"","ping_status":"","sticky":false,"template":"","format":"standard","meta":{"footnotes":""},"categories":[2820],"tags":[1111,11,2389,2649,58,1777,674,25885,1011,27,775,1393,873,6384,12,1306,25,1669,640,5896],"class_list":{"0":"post-191268","1":"post","2":"type-post","3":"status-publish","4":"format-standard","5":"has-post-thumbnail","7":"category-strasbourg","8":"tag-actu","9":"tag-actualites","10":"tag-alsace","11":"tag-bas-rhin","12":"tag-divertissement","13":"tag-eu","14":"tag-europe","15":"tag-fete-de-la-musique","16":"tag-fr","17":"tag-france","18":"tag-grand-est","19":"tag-loisirs","20":"tag-musique","21":"tag-musique-electronique","22":"tag-news","23":"tag-regions","24":"tag-republique-francaise","25":"tag-sorties","26":"tag-strasbourg","27":"tag-tempo"},"share_on_mastodon":{"url":"https:\/\/pubeurope.com\/@fr\/114716431298217349","error":""},"_links":{"self":[{"href":"https:\/\/www.europesays.com\/fr\/wp-json\/wp\/v2\/posts\/191268","targetHints":{"allow":["GET"]}}],"collection":[{"href":"https:\/\/www.europesays.com\/fr\/wp-json\/wp\/v2\/posts"}],"about":[{"href":"https:\/\/www.europesays.com\/fr\/wp-json\/wp\/v2\/types\/post"}],"author":[{"embeddable":true,"href":"https:\/\/www.europesays.com\/fr\/wp-json\/wp\/v2\/users\/2"}],"replies":[{"embeddable":true,"href":"https:\/\/www.europesays.com\/fr\/wp-json\/wp\/v2\/comments?post=191268"}],"version-history":[{"count":0,"href":"https:\/\/www.europesays.com\/fr\/wp-json\/wp\/v2\/posts\/191268\/revisions"}],"wp:featuredmedia":[{"embeddable":true,"href":"https:\/\/www.europesays.com\/fr\/wp-json\/wp\/v2\/media\/191269"}],"wp:attachment":[{"href":"https:\/\/www.europesays.com\/fr\/wp-json\/wp\/v2\/media?parent=191268"}],"wp:term":[{"taxonomy":"category","embeddable":true,"href":"https:\/\/www.europesays.com\/fr\/wp-json\/wp\/v2\/categories?post=191268"},{"taxonomy":"post_tag","embeddable":true,"href":"https:\/\/www.europesays.com\/fr\/wp-json\/wp\/v2\/tags?post=191268"}],"curies":[{"name":"wp","href":"https:\/\/api.w.org\/{rel}","templated":true}]}}